{"id":11428,"date":"2026-02-21T11:57:00","date_gmt":"2026-02-21T11:57:00","guid":{"rendered":"https:\/\/info-eforie.ro\/index.php\/2026\/02\/21\/lovitura-pentru-donald-trump-curtea-suprema-a-sua-i-a-anulat-toate-tarifele-globale-impuse-in-aprilie-2025\/"},"modified":"2026-02-21T11:57:00","modified_gmt":"2026-02-21T11:57:00","slug":"lovitura-pentru-donald-trump-curtea-suprema-a-sua-i-a-anulat-toate-tarifele-globale-impuse-in-aprilie-2025","status":"publish","type":"post","link":"https:\/\/info-eforie.ro\/index.php\/2026\/02\/21\/lovitura-pentru-donald-trump-curtea-suprema-a-sua-i-a-anulat-toate-tarifele-globale-impuse-in-aprilie-2025\/","title":{"rendered":"Lovitur\u0103 pentru Donald Trump. Curtea Suprem\u0103 a SUA i-a anulat toate tarifele globale impuse \u00een aprilie 2025"},"content":{"rendered":"<div>\n<p>Curtea Suprem\u0103 a Statelor Unite a decis vineri, cu un vot de 6 la 3, s\u0103 anuleze m\u0103sura tarifelor comerciale extinse impuse de pre\u0219edintele Donald Trump, consider\u00e2nd c\u0103 acestea dep\u0103\u0219esc atribu\u021biile constitu\u021bionale ale pre\u0219edin\u021biei.<\/p>\n<div><picture loading=\"eager\" width=\"1400\" height=\"750\" alt=\"Tarifele lui Donald Trump FOTO: Profimedia\"><source type=\"image\/webp\"  media=\"(min-width: 1400px)\"><source type=\"image\/webp\"  media=\"(min-width: 1000px)\"><source type=\"image\/webp\"  media=\"(min-width: 700px)\"><source type=\"image\/jpeg\"  media=\"(min-width: 1400px)\"><source type=\"image\/jpeg\"  media=\"(min-width: 1000px)\"><source type=\"image\/jpeg\"  media=\"(min-width: 700px)\"><img fetchpriority=\"high\" decoding=\"async\" src=\"https:\/\/cdn.adh.reperio.news\/image-4\/4ce14095-2d36-4551-b012-2cb41f402c4a\/index.jpeg?p=a%3D1%26co%3D1.05%26w%3D700%26h%3D750%26r%3Dcontain%26f%3Dwebp\" alt=\"Tarifele lui Donald Trump FOTO: Profimedia\" width=\"1400\" height=\"750\" loading=\"eager\"><\/picture>\n<p>Tarifele lui Donald Trump FOTO: Profimedia<\/p>\n<\/div>\n<h2>UPDATE 21.15 Trump spune c\u0103 va impune un tarif global de 10% \u00een baza unei alte legi<\/h2>\n<p>Trump a declarat c\u0103 decizia\u00a0Cur\u021bii nu a anulat tarifele \u00een sine, ci doar o anumit\u0103 procedur\u0103 juridic\u0103, \u0219i a anun\u021bat c\u0103 a semnat un ordin executiv pentru introducerea imediat\u0103 a unui tarif global de 10%, \u00een baza sec\u021biunii 122 din Legea Comer\u021bului din 1974. \u201e<i>Am voie s\u0103 distrug comer\u021bul unei \u021b\u0103ri, dar nu pot s\u0103 le dau o mic\u0103 tax\u0103\u201d,<\/i> a spus Trump, subliniind c\u0103 tarifele deja existente r\u0103m\u00e2n \u201e<i>\u00een vigoare \u0219i pe deplin aplicabile<\/i>\u201d, potrivit\u00a0<a href=\"https:\/\/www.bbc.com\/news\/live\/c0l9r67drg7t\" rel=\"nofollow\">BBC<\/a>.<\/p>\n<p>Trump a sus\u021binut c\u0103 are dreptul legal s\u0103 blocheze complet comer\u021bul cu o \u021bar\u0103 sau s\u0103 impun\u0103 embargo, dar nu s\u0103 perceap\u0103 \u201e<i>o tax\u0103 mic\u0103\u201d<\/i>, critic\u00e2nd dur hot\u0103r\u00e2rea instan\u021bei. El a acuzat Curtea Suprem\u0103 c\u0103 ar fi influen\u021bat\u0103 de interese str\u0103ine, f\u0103r\u0103 a prezenta dovezi, \u0219i a afirmat c\u0103 politicile sale comerciale au contribuit la cre\u0219terea economiei americane. \u00centre timp, mediul de afaceri avertizeaz\u0103 c\u0103 principala problem\u0103 r\u0103m\u00e2ne incertitudinea, pe fondul riscului unor noi valuri de tarife.<\/p>\n<hr>\n<p>Decizia Cur\u021bii vizeaz\u0103 m\u0103surile impuse de Donald Trump \u00een baza unei legi privind puterile de urgen\u021b\u0103, printre care tarifele globale, inclusiv a\u0219a-numitele tarife \u201e<i>reciproce\u201d,<\/i> aplicate aproape tuturor partenerilor comerciali ai Statelor Unite, relateaz\u0103 Associated Press. <\/p>\n<p>Hot\u0103r\u00e2rea reprezint\u0103 prima mare \u00eenfr\u00e2ngere juridic\u0103 dat\u0103 agendei economice a pre\u0219edintelui Trump, \u00eentr-un dosar ajuns direct \u00een fa\u021ba celei mai \u00eenalte instan\u021be americane, scrie <a href=\"https:\/\/www.mediafax.ro\/stirile-zilei\/curtea-suprema-a-statelor-unite-a-anulat-tarifele-globale-impuse-de-administratia-trump-23690365\" rel=\"nofollow\">Mediafax.<\/a><\/p>\n<p>\u00cen motivarea majorit\u0103\u021bii, judec\u0103torul John Roberts a subliniat c\u0103 Constitu\u021bia confer\u0103 \u00een mod clar Congresului puterea de a impune taxe, inclusiv tarife vamale. <\/p>\n<p><i>\u201ePre\u0219edintele \u00ee\u0219i asum\u0103 puterea extraordinar\u0103 de a impune unilateral tarife vamale de o valoare, durat\u0103 \u0219i domeniu de aplicare nelimitate. Av\u00e2nd \u00een vedere amploarea, istoricul \u0219i contextul constitu\u021bional al acestei autorit\u0103\u021bi afirmate, el trebuie s\u0103 fie autorizat de Congres pentru a o exercita\u201d,<\/i> se arat\u0103 \u00een motivarea deciziei.<\/p>\n<p>Judec\u0103torii Samuel Alito, Clarence Thomas \u0219i Brett Kavanaugh s-au aflat \u00een opozi\u021bie. \u201e<i>Tarifele \u00een discu\u021bie aici pot fi sau nu o politic\u0103 \u00een\u021beleapt\u0103. Dar, conform textului, istoriei \u0219i precedentelor, acestea sunt \u00een mod clar legale\u201d,<\/i> a transmis Kavanaugh.<\/p>\n<p>Tarifele anulate <a href=\"https:\/\/adevarul.ro\/stiri-externe\/sua\/trump-spune-ca-a-majorat-tarifele-pentru-elvetia-2507590.html\">au fost introduse \u00een aprilie 2025<\/a>, c\u00e2nd Trump a declarat deficitele comerciale drept o urgen\u021b\u0103 na\u021bional\u0103, dup\u0103 ce anterior impusese taxe vamale asupra importurilor din Canada, China \u0219i Mexic, <a href=\"https:\/\/adevarul.ro\/stiri-externe\/sua\/trump-se-razbuna-pe-opt-state-europene-ameninta-2501588.html\">invoc\u00e2nd combaterea traficului de droguri.\u00a0<\/a><\/p>\n<p>Privind acest caz, pre\u0219edintele a declarat \u00een repetate r\u00e2nduri c\u0103 o decizie nefavorabil\u0103 ar reprezenta o lovitur\u0103 economic\u0103 major\u0103 pentru \u021bar\u0103.\u00a0<\/p>\n<\/p><\/div>\n<p><a href=\"https:\/\/adevarul.ro\/stiri-externe\/sua\/lovitura-pentru-donald-trump-curtea-suprema-a-sua-2509880.html\" class=\"button purchase\" rel=\"nofollow noopener\" target=\"_blank\">Read More<\/a><\/p>\n","protected":false},"excerpt":{"rendered":"<p>Curtea Suprem\u0103 a Statelor Unite a decis vineri, cu un vot de 6 la 3, s\u0103 anuleze m\u0103sura tarifelor comerciale extinse impuse de pre\u0219edintele Donald [&hellip;]<\/p>\n","protected":false},"author":1,"featured_media":11429,"comment_status":"open","ping_status":"open","sticky":false,"template":"","format":"standard","meta":{"_monsterinsights_skip_tracking":false,"_monsterinsights_sitenote_active":false,"_monsterinsights_sitenote_note":"","_monsterinsights_sitenote_category":0,"footnotes":""},"categories":[6],"tags":[],"class_list":["post-11428","post","type-post","status-publish","format-standard","has-post-thumbnail","hentry","category-popular"],"aioseo_notices":[],"_links":{"self":[{"href":"https:\/\/info-eforie.ro\/index.php\/wp-json\/wp\/v2\/posts\/11428","targetHints":{"allow":["GET"]}}],"collection":[{"href":"https:\/\/info-eforie.ro\/index.php\/wp-json\/wp\/v2\/posts"}],"about":[{"href":"https:\/\/info-eforie.ro\/index.php\/wp-json\/wp\/v2\/types\/post"}],"author":[{"embeddable":true,"href":"https:\/\/info-eforie.ro\/index.php\/wp-json\/wp\/v2\/users\/1"}],"replies":[{"embeddable":true,"href":"https:\/\/info-eforie.ro\/index.php\/wp-json\/wp\/v2\/comments?post=11428"}],"version-history":[{"count":0,"href":"https:\/\/info-eforie.ro\/index.php\/wp-json\/wp\/v2\/posts\/11428\/revisions"}],"wp:featuredmedia":[{"embeddable":true,"href":"https:\/\/info-eforie.ro\/index.php\/wp-json\/wp\/v2\/media\/11429"}],"wp:attachment":[{"href":"https:\/\/info-eforie.ro\/index.php\/wp-json\/wp\/v2\/media?parent=11428"}],"wp:term":[{"taxonomy":"category","embeddable":true,"href":"https:\/\/info-eforie.ro\/index.php\/wp-json\/wp\/v2\/categories?post=11428"},{"taxonomy":"post_tag","embeddable":true,"href":"https:\/\/info-eforie.ro\/index.php\/wp-json\/wp\/v2\/tags?post=11428"}],"curies":[{"name":"wp","href":"https:\/\/api.w.org\/{rel}","templated":true}]}}