{"id":11372,"date":"2026-02-19T09:57:31","date_gmt":"2026-02-19T09:57:31","guid":{"rendered":"https:\/\/info-eforie.ro\/index.php\/2026\/02\/19\/cine-va-arbitra-derby-ul-rapid\/"},"modified":"2026-02-19T09:57:31","modified_gmt":"2026-02-19T09:57:31","slug":"cine-va-arbitra-derby-ul-rapid","status":"publish","type":"post","link":"https:\/\/info-eforie.ro\/index.php\/2026\/02\/19\/cine-va-arbitra-derby-ul-rapid\/","title":{"rendered":"Cine va arbitra derby-ul Rapid"},"content":{"rendered":"<div>\n<p>Arbitrul Rare\u0219 Vidican (27 de ani) din Satu Mare va conduce la centru Rapid &#8211; Dinamo, potrivit surselor<strong> Sport.ro<\/strong> \u0219i <strong>Pro TV<\/strong>.\u00a0<\/p>\n<h2><strong>Rare\u0219 Vidican, \u201ecentralul\u201d derby-ului Rapid &#8211; Dinamo<\/strong><\/h2>\n<p>\u00cen stagiunea curent\u0103, Vidican nu a arbitrat-o deloc pe Rapid. \u00cen schimb, a \u00eemp\u0103r\u021bit dreptatea de trei ori pentru Dinamo \u00een: 2-2 cu Csikszereda (etapa 1), victoria 1-0 cu Unirea Slobozia (etapa 12) \u0219i succesul cu acela\u0219i scor contra Universit\u0103\u021bii Cluj (etapa 22).\u00a0<\/p>\n<p>Vidican a arbitrat \u00een sezonul curent \u00een 13 meciuri din campionat, \u00een care a ar\u0103tat 63 de cartona\u0219e galbene, dou\u0103 ro\u0219ii \u0219i a dictat un singur penalty.\u00a0<\/p>\n<p>De asemenea, Sebastian Col\u021bescu (49 de ani) din Craiova se va afla \u00een camera VAR. Vidican va beneficia de ajutorul celui mai experimentat arbitru din Liga 1.\u00a0\u00a0<\/p>\n<h2><strong>Robert Ni\u021b\u0103 a prefa\u021bat Rapid &#8211; Dinamo<\/strong><\/h2>\n<p>\u00cenaintea derby-ului, Robert Ni\u021b\u0103 a vorbit despre miza confrunt\u0103rii pentru Rapid.\u00a0<strong>\u201eDinamo este \u0219i ea o echip\u0103 care anul acesta se bate pentru Europa, iar la nivel de suporteri este foarte important s\u0103 c\u00e2\u0219tigi \u00eempotriva unui rival tradi\u021bional\u201d<\/strong>, a subliniat Robert Ni\u021b\u0103 pentru <strong>Sport.ro<\/strong> \u0219i <strong>Pro TV<\/strong>.<\/p>\n<p>Ni\u021b\u0103 \u0219i-a spus, de asemenea, opinia despre favorita la titlu: \u201e<strong>Din punctul meu de vedere, Craiova este principala candidat\u0103 la c\u00e2\u0219tigarea campionatului. Pare cea mai solid\u0103 echip\u0103\u201d<\/strong>.\u00a0<\/p>\n<\/div>\n<p><a href=\"https:\/\/www.sport.ro\/liga-1\/cine-va-arbitra-derby-ul-rapid-dinamo.html\" class=\"button purchase\" rel=\"nofollow noopener\" target=\"_blank\">Read More<\/a><\/p>\n","protected":false},"excerpt":{"rendered":"<p>Arbitrul Rare\u0219 Vidican (27 de ani) din Satu Mare va conduce la centru Rapid &#8211; Dinamo, potrivit surselor Sport.ro \u0219i Pro TV.\u00a0 Rare\u0219 Vidican, \u201ecentralul\u201d [&hellip;]<\/p>\n","protected":false},"author":1,"featured_media":11373,"comment_status":"open","ping_status":"open","sticky":false,"template":"","format":"standard","meta":{"_monsterinsights_skip_tracking":false,"_monsterinsights_sitenote_active":false,"_monsterinsights_sitenote_note":"","_monsterinsights_sitenote_category":0,"footnotes":""},"categories":[7],"tags":[],"class_list":["post-11372","post","type-post","status-publish","format-standard","has-post-thumbnail","hentry","category-sports"],"aioseo_notices":[],"_links":{"self":[{"href":"https:\/\/info-eforie.ro\/index.php\/wp-json\/wp\/v2\/posts\/11372","targetHints":{"allow":["GET"]}}],"collection":[{"href":"https:\/\/info-eforie.ro\/index.php\/wp-json\/wp\/v2\/posts"}],"about":[{"href":"https:\/\/info-eforie.ro\/index.php\/wp-json\/wp\/v2\/types\/post"}],"author":[{"embeddable":true,"href":"https:\/\/info-eforie.ro\/index.php\/wp-json\/wp\/v2\/users\/1"}],"replies":[{"embeddable":true,"href":"https:\/\/info-eforie.ro\/index.php\/wp-json\/wp\/v2\/comments?post=11372"}],"version-history":[{"count":0,"href":"https:\/\/info-eforie.ro\/index.php\/wp-json\/wp\/v2\/posts\/11372\/revisions"}],"wp:featuredmedia":[{"embeddable":true,"href":"https:\/\/info-eforie.ro\/index.php\/wp-json\/wp\/v2\/media\/11373"}],"wp:attachment":[{"href":"https:\/\/info-eforie.ro\/index.php\/wp-json\/wp\/v2\/media?parent=11372"}],"wp:term":[{"taxonomy":"category","embeddable":true,"href":"https:\/\/info-eforie.ro\/index.php\/wp-json\/wp\/v2\/categories?post=11372"},{"taxonomy":"post_tag","embeddable":true,"href":"https:\/\/info-eforie.ro\/index.php\/wp-json\/wp\/v2\/tags?post=11372"}],"curies":[{"name":"wp","href":"https:\/\/api.w.org\/{rel}","templated":true}]}}