{"id":11240,"date":"2026-02-14T08:56:21","date_gmt":"2026-02-14T08:56:21","guid":{"rendered":"https:\/\/info-eforie.ro\/index.php\/2026\/02\/14\/generalul-care-pregateste-germania-pentru-un-razboi-cu-rusia-avem-nevoie-de-o-noua-mentalitate\/"},"modified":"2026-02-14T08:56:21","modified_gmt":"2026-02-14T08:56:21","slug":"generalul-care-pregateste-germania-pentru-un-razboi-cu-rusia-avem-nevoie-de-o-noua-mentalitate","status":"publish","type":"post","link":"https:\/\/info-eforie.ro\/index.php\/2026\/02\/14\/generalul-care-pregateste-germania-pentru-un-razboi-cu-rusia-avem-nevoie-de-o-noua-mentalitate\/","title":{"rendered":"Generalul care preg\u0103te\u0219te Germania pentru un r\u0103zboi cu Rusia: \u201eAvem nevoie de o nou\u0103 mentalitate\u201d"},"content":{"rendered":"<div>\n<p><i>\u201eTrebuie s\u0103 ne exers\u0103m unde \u0219i cum vom lupta\u201d,<\/i> le-a spus Generalul Carsten Breuer, cel mai \u00eenalt ofi\u021ber militar al Germaniei, solda\u021bilor aduna\u021bi \u00een jurul lui la un post de comand\u0103 improvizat din ora\u0219ul port Klapeida, Lituania, \u00een timpul unui exerci\u021biu. <i>\u201eTrebuie s\u0103 fim agili. Avem nevoie de o nou\u0103 mentalitate\u201d<\/i>\u00a0Breuer preg\u0103te\u0219te for\u021bele armate ale Germaniei pentru r\u0103zboi. Iar pentru veteranul \u00een v\u00e2rst\u0103 de 61 de ani al conflictelor din Kosovo \u0219i Afganistan timpul se scurge, relateaz\u0103 Wall Street Journal.<\/p>\n<div><picture loading=\"eager\" width=\"1400\" height=\"750\" alt=\"image\"><source type=\"image\/webp\"  media=\"(min-width: 1400px)\"><source type=\"image\/webp\"  media=\"(min-width: 1000px)\"><source type=\"image\/webp\"  media=\"(min-width: 700px)\"><source type=\"image\/jpeg\"  media=\"(min-width: 1400px)\"><source type=\"image\/jpeg\"  media=\"(min-width: 1000px)\"><source type=\"image\/jpeg\"  media=\"(min-width: 700px)\"><img fetchpriority=\"high\" decoding=\"async\" src=\"https:\/\/cdn.adh.reperio.news\/image-b\/b4f31975-8bf1-4df5-ab7a-caca7834a5df\/index.jpeg?p=a%3D1%26co%3D1.05%26w%3D700%26h%3D750%26r%3Dcontain%26f%3Dwebp\" alt=\"image\" width=\"1400\" height=\"750\" loading=\"eager\"><\/picture>\n\t\t\t<\/div>\n<p>Agen\u021bia de informa\u021bii militare a Germaniei estimeaz\u0103 c\u0103, \u00een urm\u0103torii trei ani, Rusia va fi preg\u0103tit\u0103 s\u0103 \u00eenceap\u0103 un r\u0103zboi mai amplu dincolo de Ucraina. Din punctul de vedere al \u00eenaltului ofi\u021ber german, un atac de mai mic\u0103 amploare din partea Rusiei ar putea avea loc oric\u00e2nd.<\/p>\n<p>Breuer se afl\u0103 \u00een avangarda generalilor europeni \u0219i a oficialilor de securitate na\u021bional\u0103 care lucreaz\u0103 activ la reconstruc\u021bia armatei continentului european.\u00a0\u00cen acest scop, a dus o campanie pe mai multe fronturi pentru a mobiliza politicieni, oameni de afaceri, solda\u021bi \u0219i publicul larg din Germania \u00een sprijinul eforturilor de accelerare a re\u00eenarm\u0103rii na\u021biunii astfel \u00eenc\u00e2t s\u0103 fie preg\u0103tit\u0103 pentru o posibil\u0103 confruntare cu o Rusie tot mai amenin\u021b\u0103toare.<\/p>\n<p>Germania \u0219i-a crescut semnificativ cheltuielile pentru ap\u0103rare. Iar Parlamentul a adoptat \u00een decembrie o lege care va obliga tinerii b\u0103rba\u021bi s\u0103 se supun\u0103 unor examene medicale pentru a le evalua aptitudinea pentru serviciul militar. Recrutarea ar putea fi urm\u0103toarea op\u021biune, spune guvernul, dac\u0103 \u00eenrolarea voluntar\u0103 se va dovedi insuficient\u0103.<\/p>\n<p>Joi, ministrul german al Ap\u0103r\u0103rii, Boris Pistorius, l-a nominalizat pe Breuer \u00een func\u021bia de pre\u0219edinte al comitetului militar al NATO. Dac\u0103 va fi ales, el va fi consilierul principal al secretarului general al alian\u021bei.<\/p>\n<p>Contextul este sensibil:\u00a0SUA, timp de decenii cel mai important aliat al Germaniei &#8211; \u0219i al Europei de Vest &#8211; sunt v\u0103zute din ce \u00een ce mai mult, \u00een cel mai bun caz, drept un partener nesigur \u0219i, \u00een cel mai r\u0103u caz, drept o for\u021b\u0103 ostil\u0103 care erodeaz\u0103 securitatea continentului.<\/p>\n<p>Oficialii europeni avertizeaz\u0103 c\u0103 trebuie s\u0103 fie preg\u0103ti\u021bi s\u0103 lupte singuri \u00een cazul unui r\u0103zboi cu Rusia &#8211; un conflict care ar defini viitorul Occidentului democratic. \u00cen aceste condi\u021bii Germania, cea mai mare economie \u0219i cea mai populat\u0103 \u021bar\u0103 a Uniunii Europene, este vital\u0103\u00a0 pentru ap\u0103rarea continentului<\/p>\n<h2>Arta r\u0103zboiului<\/h2>\n<p>Cuv\u00e2ntul german pentru\u00a0\u201egata de r\u0103zboi\u201d este\u00a0Kriegst\u00fcchtig &#8211; \u0219i este\u00a0strig\u0103tul de lupt\u0103 al lui\u00a0Breuer \u00een timp ce militeaz\u0103 pentru schimb\u0103ri de mentalitate \u0219i \u00eencearc\u0103 s\u0103-i scoat\u0103 pe germani din reveria lor de dup\u0103 R\u0103zboiul Rece.<\/p>\n<p>Folosirea termenului este deliberat\u0103: spre deosebire de sensul din engleza american\u0103, care se aplic\u0103 oric\u0103rui tip de r\u0103zboi &#8211; de la cel \u00eempotriva drogurilor la cel legat de economie-\u00a0Kriegst\u00fcchtig este folosit specific pentru confruntarea \u00eentre armate.<\/p>\n<p>Breuer s-a \u00eenrolat \u00een armat\u0103 \u00een 1984, \u00eentr-o perioad\u0103 \u00een care armata se apropia de v\u00e2rful s\u0103u postbelic \u00een ceea ce prive\u0219te num\u0103rul de trupe \u0219i disponibilitatea de operare, cu aproximativ o jum\u0103tate de milion de militari \u00eenarma\u021bi \u0219i aproximativ 2.000 de tancuri principale de lupt\u0103. La acea vreme, era pilonul principal al for\u021belor conven\u021bionale ale NATO \u00een Europa Central\u0103.<\/p>\n<p>C\u00e2nd Zidul Berlinului a c\u0103zut \u0219i Uniunea Sovietic\u0103 s-a pr\u0103bu\u0219it, o armat\u0103 permanent\u0103 numeroas\u0103 p\u0103rea de domeniul trecutului. Solda\u021bii germani continuau s\u0103 lupte, inclusiv \u00een Afganistan, unde f\u0103ceau parte dintr-o for\u021b\u0103 de stabilizare condus\u0103 de NATO. Dar bugetele militare s-au redus, iar banii au fost cheltui\u021bi pentru reunificare.<\/p>\n<p>P\u00e2n\u0103 \u00een anii 2010, armata avea mai pu\u021bin de jum\u0103tate din dimensiunea sa din timpul R\u0103zboiului Rece, iar o mare parte din armament \u0219i echipament se aflau \u00eentr-o stare precar\u0103.<\/p>\n<p>Sarcina \u0219efului statului major al Germaniei este s\u0103 schimbe o viziune care s-a concentrat pe eficien\u021b\u0103 la una bazat\u0103 pe \u201ecre\u0219terea eficacit\u0103\u021bii\u201d.<\/p>\n<p>Breuer a devenit o figur\u0103 public\u0103 important\u0103 \u00eentr-o \u021bar\u0103 neobi\u0219nuit\u0103 s\u0103 aud\u0103 mesaje de la b\u0103rba\u021bi \u00een uniform\u0103. La televizor, la evenimente \u0219i \u00een universit\u0103\u021bi, ofi\u021berul cu ochelari, p\u0103r grizonat tuns scurt \u0219i o atitudine aproape profesoral\u0103, prezint\u0103 miza pentru compatrio\u021bii s\u0103i.<\/p>\n<p>Mesajul s\u0103u este argumentat, calm \u0219i direct:\u00a0economia Rusiei este pe picior de r\u0103zboi; \u021bara acumuleaz\u0103 obuze de artilerie \u0219i tancuri; inten\u021bioneaz\u0103 s\u0103-\u0219i creasc\u0103 efectivele la 1,5 milioane de oameni.<\/p>\n<p><i>\u201eTrebuie s\u0103 ne concentr\u0103m pe descurajarea \u0219i ap\u0103rarea \u00eempotriva Rusiei\u201d,<\/i> spune el.<\/p>\n<p>Asta \u00eenseamn\u0103 un mesaj contrar pacifismului ad\u00e2nc \u00eenr\u0103d\u0103cinat al societ\u0103\u021bii germane, o mo\u0219tenire a r\u0103zboaielor devastatoare \u0219i a ororilor Holocaustului. <\/p>\n<p>C\u00e2nd armata german\u0103 a fost reconstituit\u0103 \u00een anii 1950, sub controlul NATO, solda\u021bii au fost \u00eendemna\u021bi s\u0103 fie \u201ecet\u0103\u021beni \u00een uniform\u0103\u201d \u0219i s\u0103 protejeze cu \u00eenver\u0219unare institu\u021biile democratice, fiind instrui\u021bi \u00een dreptul intern \u0219i interna\u021bional.<\/p>\n<p>Func\u021bia oficial\u0103 a lui\u00a0Breuer este de Inspector General, ceea ce sun\u0103 mai degrab\u0103 a auditor dec\u00e2t a r\u0103zboinic, chiar dac\u0103 este echivalentul pre\u0219edintelui statului major \u00eentrunit al SUA. <\/p>\n<p>Claudia Major, politolog \u0219i specialist\u0103 \u00een politica de securitate german\u0103, spune c\u0103 Breuer este mesagerul perfect datorit\u0103 manierei sale grijulii, dar \u0219i ferme. <i>\u201eReu\u0219e\u0219te s\u0103 explice publicului pericolele f\u0103r\u0103 a provoca panic\u0103\u201d,<\/i> dar \u0219i f\u0103r\u0103 a se preface c\u0103 <i>\u201elucrurile sunt frumoase \u0219i pl\u0103cute\u201d.<\/i><\/p>\n<h2>O schimbare de perspectiv\u0103<\/h2>\n<p>Atitudinea germanilor s-a schimbat considerabil de c\u00e2nd Rusia a anexat Crimeea \u00een 2014 \u0219i apoi, \u00een 2022, a lansat o invazie la scar\u0103 larg\u0103, pe care cancelarul Germaniei de la acea vreme, Olaf Scholz, a numit-o \u201eschimbare epocal\u0103\u201d. \u00cen 2025, aproximativ dou\u0103 treimi dintre germani considerau armata Rusiei o amenin\u021bare, potrivit unui sondaj al Ministerului Ap\u0103r\u0103rii.<\/p>\n<p>Sondajul a mai constatat c\u0103 64% dintre germani consider\u0103 c\u0103 cheltuielile pentru ap\u0103rare ar trebui majorate, comparativ cu 57% \u00een 2024. Al\u021bi 65% consider\u0103 c\u0103 Germania ar trebui s\u0103 creasc\u0103 dimensiunea armatei, fa\u021b\u0103 de 58% anterior. \u00centre timp, percep\u021bia SUA drept un aliat de \u00eencredere a sc\u0103zut brusc, la 37% \u00een 2025, fa\u021b\u0103 de 65% cu un an mai devreme.<\/p>\n<p>\u00cen prezent,\u00a0Germania sta\u021bioneaz\u0103 o brigad\u0103 de blindate \u00een Lituania &#8211; primele trupe \u0219i tancuri germane care vor fi sta\u021biona\u021bi permanent peste hotare de la cel de-al Doilea R\u0103zboi Mondial \u00eencoace. Cei 5.000 de oameni ai Brig\u0103zii 45 Panzer ar trebui s\u0103 fie desf\u0103\u0219ura\u021bi p\u00e2n\u0103 la sf\u00e2r\u0219itul anului viitor.<\/p>\n<p>Tancuri \u0219i transportoare blindate germane, inscrip\u021bionate cu \u00eensemnele Crucii de Fier negre ale armatei, se antreneaz\u0103 deja \u00een p\u0103durea Rudninkai din Lituania, aproape de grani\u021ba cu Belarus, cel mai apropiat aliat al Rusiei.<\/p>\n<h2>Nu e r\u0103zboi, dar nici pace<\/h2>\n<p>Europa, \u00een opinia lui Breuer, se afl\u0103 acum \u00eentr-o situa\u021bie pe muchie &#8211; nu este \u00eenc\u0103 \u00een r\u0103zboi, dar nu mai este nici \u00een stare de pace. Guvernele se confrunt\u0103 aproape zilnic cu intruziuni ale dronelor, atacuri cibernetice \u0219i o campanie de sabotaj tot mai agresiv\u0103 \u00eempotriva c\u0103ilor ferate, a cablurilor de comunica\u021bii \u0219i a altor \u021binte, pe care o atribuie Moscovei.<\/p>\n<p>\u00cen s\u0103pt\u0103m\u00e2na \u00een care Breuer a vizitat trupele germane care se antrenau \u00een Lituania, peste o duzin\u0103 de drone ruse\u0219ti au \u00eenc\u0103lcat spa\u021biul aerian al Poloniei vecine. Avioane de v\u00e2n\u0103toare NATO au fost ridicate s\u0103 le doboare, iar Breuer a fost obligat s\u0103-\u0219i \u00eentrerup\u0103 c\u0103l\u0103toria pentru consult\u0103ri urgente privind consolidarea flancului estic al alian\u021bei.<\/p>\n<p>\u00centre timp, peste grani\u021b\u0103, \u00een Belarus, mii de solda\u021bi ru\u0219i efectuau manevre al\u0103turi de omologii lor belaru\u0219i, care includeau planificarea utiliz\u0103rii comune a armelor nucleare.<\/p>\n<p>R\u0103zboiul din Ucraina, care se apropie acum de al cincilea an, este o reamintire zilnic\u0103 a amenin\u021b\u0103rii dinspre est. \u00centr-o vizit\u0103 recent\u0103, Breuer a v\u0103zut un convoi lung de ambulan\u021be militare care aduceau r\u0103ni\u021bi de pe c\u00e2mpul de lupt\u0103. <i>\u201e\u00centotdeauna totul se reduce la soldatul de pe linia frontului\u201d,<\/i> spune el. \u201e<i>Ei sunt cei care lupt\u0103.\u201d<\/i><\/p>\n<p>Concentrarea lui Breuer pe recru\u021bii b\u0103rba\u021bi \u0219i femei \u00eei ghideaz\u0103 remodelarea ampl\u0103 a armatei germane. Sarcina sa este de a conduce o reorientare c\u0103tre o armat\u0103 capabil\u0103 s\u0103 poarte \u0219i s\u0103 c\u00e2\u0219tige un r\u0103zboi conven\u021bional la scar\u0103 larg\u0103. Obiectivul este de a forma trei divizii de lupt\u0103 complet echipate p\u00e2n\u0103 \u00een 2032. <\/p>\n<p>Breuer \u0219i consilierii s\u0103i lucreaz\u0103 cu companii germane de ap\u0103rare pentru a accelera fabricarea armelor. <i>\u201eTrebuie s\u0103 acceler\u0103m \u0219i s\u0103 scurt\u0103m ciclul de inovare\u201d<\/i>, spune el, referindu-se la situa\u021bia din Ucraina, unde unit\u0103\u021bile de front \u0219i produc\u0103torii colaboreaz\u0103 pentru a \u00eembun\u0103t\u0103\u021bi armele din mers.<\/p>\n<p>Frustrat de ritmul schimb\u0103rilor, Breuer a \u00eenceput anul trecut s\u0103 ofere bani direct comandan\u021bilor de batalioane \u0219i brig\u0103zi, astfel \u00eenc\u00e2t ace\u0219tia s\u0103 poat\u0103 cump\u0103ra drone comerciale \u0219i alte echipamente standard, astfel \u00eenc\u00e2t s\u0103 poat\u0103 experimenta. \u00cen viitor, Breuer prezice: <i>\u201eFiecare pu\u0219ca\u0219 trebuie s\u0103 fie \u0219i pilot de dron\u0103\u201d.\u00a0<\/i><\/p>\n<p>Locotenent-colonelul Tobias Tiedau, un ofi\u021ber german care p\u00e2n\u0103 de cur\u00e2nd conducea grupul de lupt\u0103 multina\u021bional NATO din Lituania, spune c\u0103 unit\u0103\u021bile de pe teren beneficiaz\u0103 deja, av\u00e2nd la dispozi\u021bie noi sisteme de comand\u0103 \u0219i control \u0219i de gestionare a luptei.\u00a0<\/p>\n<p>Breuer a format rapid echipe de ap\u0103rare \u00eempotriva dronelor, formate din 30 p\u00e2n\u0103 la 35 de persoane, echipate cu bruiaje, radar \u0219i drone anti-dron\u0103. La \u00eenceputul lunii noiembrie, c\u00e2nd au avut loc incursiuni ale dronelor \u00een Belgia, ministrul ap\u0103r\u0103rii a solicitat ajutor. Breuer a trimis o echip\u0103 \u00een aceea\u0219i zi, iar aceasta a devenit opera\u021bional\u0103 a doua zi. O unitate a fost trimis\u0103 \u0219i \u00een Danemarca.<\/p>\n<p><i>\u201eEste un lucru extraordinar. S\u0103 ac\u021bionezi \u2013 \u0219i rapid \u2013 este o mare schimbare\u201d<\/i>, spune Rob Bauer, un amiral olandez, acum pensionar, care a fost pre\u0219edintele comitetului militar NATO din 2021 p\u00e2n\u0103 \u00een 2025. \u201e<i>Dac\u0103 po\u021bi organiza a\u0219a ceva \u00eentr-o singur\u0103 zi, asta \u00eenseamn\u0103 ceva. For\u021bele armate germane erau mari, dar nu erau preg\u0103tite. El lucreaz\u0103 la asta.\u201d<\/i><\/p>\n<h2>Provocarea de a recruta voluntari<\/h2>\n<p>O alt\u0103 provocare este completarea num\u0103rului de militari. Armata german\u0103 num\u0103r\u0103 \u00een prezent aproximativ 184.000 de oameni. Breuer \u00ee\u0219i propune s\u0103 adauge \u00eenc\u0103 20.000 de oameni \u00een acest an \u0219i \u00eenc\u0103 aproximativ 60.000 p\u00e2n\u0103 \u00een 2035. Aceast\u0103 for\u021b\u0103 ar urma s\u0103 fie suplimentat\u0103 cu 200.000 de rezervi\u0219ti.<\/p>\n<p>Dac\u0103 armata continu\u0103 s\u0103 nu \u00ee\u0219i acopere necesarul de personal, spun politicienii, \u021bara ar putea introduce\u00a0 serviciul militar obligatoriu, care a fost suspendat \u00een 2011. <\/p>\n<p>Breuer vorbe\u0219te \u00een mod regulat cu tinerii germani. Ace\u0219tia reprezint\u0103 unul dintre cele mai dificile grupuri de convins c\u0103 amenin\u021barea ruseasc\u0103 este real\u0103, c\u0103 societatea german\u0103 trebuie s\u0103 se mobilizeze \u0219i c\u0103 trebuie s\u0103 fie preg\u0103tit\u0103 pentru serviciul militar.<\/p>\n<p>Opiniile tinerilor sunt \u00een continu\u0103 schimbare. Un sondaj Ipsos din 2025, realizat pentru armat\u0103, a constatat c\u0103 42% dintre germanii cu v\u00e2rste cuprinse \u00eentre 16 \u0219i 29 de ani sus\u021bineau noile cerin\u021be privind serviciul militar. Un alt sondaj a constatat c\u0103 59% sunt de p\u0103rere c\u0103 probabil sau cu siguran\u021b\u0103 nu ar pune m\u00e2na pe arme pentru a-\u0219i ap\u0103ra \u021bara.<\/p>\n<p><i>\u201ePutem purta un r\u0103zboi?<\/i>\u201d, a \u00eentrebat Breuer publicul, \u00eentr-o interven\u021bie spontan\u0103 la Universitatea din Mannheim din sud-vestul Germaniei,. <i>\u201eSunte\u021bi preg\u0103ti\u021bi de r\u0103zboi?\u201d<\/i>, a spus el, ar\u0103t\u00e2nd spre o t\u00e2n\u0103r\u0103 a\u0219ezat\u0103 l\u00e2ng\u0103 scen\u0103. \u201e<i>V\u0103 deranjeaz\u0103 \u00eentrebarea?\u201d<\/i>, a continuat el \u00eentr-un tir de \u00eentreb\u0103ri care a luat audien\u021ba prin surprindere. <i>\u201eCe ar fi dac\u0103 Germania ar fi \u00een r\u0103zboi?\u201d<\/i><\/p>\n<p>Breuer le-a spus studen\u021bilor c\u0103 for\u021ba este calea de a men\u021bine pacea. \u201eT<i>rebuie s\u0103 ne asigur\u0103m c\u0103 noi, cei din Germania, nu suntem vulnerabili, c\u0103 nu putem fi ataca\u021bi \u0219i c\u0103 un posibil agresor este con\u0219tient c\u0103 nu merit\u0103. s\u0103 ne atace\u201d<\/i><\/p>\n<p>\u00cen timpul sesiunii de \u00eentreb\u0103ri \u0219i r\u0103spunsuri, un student a observat c\u0103 \u201e,\u00een cele din urm\u0103, r\u0103zboiul duce doar la moartea oamenilor\u201d \u0219i a pus problema dac\u0103 to\u021bi acei banii aloca\u021bi acum ap\u0103r\u0103rii nu ar fi mai bine folosi\u021bi pentru <i>\u201epromovarea democra\u021biei sau a altor ini\u021biative \u00een Rusia\u201d. <\/i><\/p>\n<p><i>\u201eDac\u0103 pacea este realizabil\u0103, trebuie s\u0103 facem tot posibilul pentru a o ob\u021bine\u201d,<\/i> a r\u0103spuns Breuer, avertiz\u00e2nd \u00een acela\u0219i timp c\u0103 anii de colaborare cu Rusia \u0219i angajamentul Berlinului fa\u021b\u0103 de o politic\u0103 de o schimbare prin comer\u021b nu au reu\u0219it s\u0103 men\u021bin\u0103 Kremlinul pe o cale pa\u0219nic\u0103 \u0219i democratic\u0103.<\/p>\n<\/p><\/div>\n<p><a href=\"https:\/\/adevarul.ro\/stiri-externe\/europa\/generalul-care-pregateste-germania-pentru-un-2508165.html\" class=\"button purchase\" rel=\"nofollow noopener\" target=\"_blank\">Read More<\/a><\/p>\n","protected":false},"excerpt":{"rendered":"<p>\u201eTrebuie s\u0103 ne exers\u0103m unde \u0219i cum vom lupta\u201d, le-a spus Generalul Carsten Breuer, cel mai \u00eenalt ofi\u021ber militar al Germaniei, solda\u021bilor aduna\u021bi \u00een jurul [&hellip;]<\/p>\n","protected":false},"author":1,"featured_media":11241,"comment_status":"open","ping_status":"open","sticky":false,"template":"","format":"standard","meta":{"_monsterinsights_skip_tracking":false,"_monsterinsights_sitenote_active":false,"_monsterinsights_sitenote_note":"","_monsterinsights_sitenote_category":0,"footnotes":""},"categories":[6],"tags":[],"class_list":["post-11240","post","type-post","status-publish","format-standard","has-post-thumbnail","hentry","category-popular"],"aioseo_notices":[],"_links":{"self":[{"href":"https:\/\/info-eforie.ro\/index.php\/wp-json\/wp\/v2\/posts\/11240","targetHints":{"allow":["GET"]}}],"collection":[{"href":"https:\/\/info-eforie.ro\/index.php\/wp-json\/wp\/v2\/posts"}],"about":[{"href":"https:\/\/info-eforie.ro\/index.php\/wp-json\/wp\/v2\/types\/post"}],"author":[{"embeddable":true,"href":"https:\/\/info-eforie.ro\/index.php\/wp-json\/wp\/v2\/users\/1"}],"replies":[{"embeddable":true,"href":"https:\/\/info-eforie.ro\/index.php\/wp-json\/wp\/v2\/comments?post=11240"}],"version-history":[{"count":0,"href":"https:\/\/info-eforie.ro\/index.php\/wp-json\/wp\/v2\/posts\/11240\/revisions"}],"wp:featuredmedia":[{"embeddable":true,"href":"https:\/\/info-eforie.ro\/index.php\/wp-json\/wp\/v2\/media\/11241"}],"wp:attachment":[{"href":"https:\/\/info-eforie.ro\/index.php\/wp-json\/wp\/v2\/media?parent=11240"}],"wp:term":[{"taxonomy":"category","embeddable":true,"href":"https:\/\/info-eforie.ro\/index.php\/wp-json\/wp\/v2\/categories?post=11240"},{"taxonomy":"post_tag","embeddable":true,"href":"https:\/\/info-eforie.ro\/index.php\/wp-json\/wp\/v2\/tags?post=11240"}],"curies":[{"name":"wp","href":"https:\/\/api.w.org\/{rel}","templated":true}]}}