{"id":11206,"date":"2026-02-13T07:56:33","date_gmt":"2026-02-13T07:56:33","guid":{"rendered":"https:\/\/info-eforie.ro\/index.php\/2026\/02\/13\/macron-spune-ca-reluarea-dialogului-cu-putin-nu-este-o-chestiune-de-zile-lucrurile-se-pregatesc\/"},"modified":"2026-02-13T07:56:33","modified_gmt":"2026-02-13T07:56:33","slug":"macron-spune-ca-reluarea-dialogului-cu-putin-nu-este-o-chestiune-de-zile-lucrurile-se-pregatesc","status":"publish","type":"post","link":"https:\/\/info-eforie.ro\/index.php\/2026\/02\/13\/macron-spune-ca-reluarea-dialogului-cu-putin-nu-este-o-chestiune-de-zile-lucrurile-se-pregatesc\/","title":{"rendered":"Macron spune c\u0103 reluarea dialogului cu Putin \u201enu este o chestiune de zile\u201d: \u201eLucrurile se preg\u0103tesc\u201d"},"content":{"rendered":"<div>\n<p>Pre\u015fedintele francez Emmanuel Macron a apreciat joi, 12 februarie, c\u0103 nu exist\u0103 o urgen\u0163\u0103 \u00een \u00eenceperea <a href=\"https:\/\/adevarul.ro\/stiri-externe\/europa\/se-pregateste-reluarea-dialogului-cu-putin-2505757.html\">unui dialog cu liderul rus Vladimir Putin<\/a>, subliniind importan\u0163a unei cooper\u0103ri prealabile \u00eentre europeni, transmite AFP.<\/p>\n<div><picture loading=\"eager\" width=\"1400\" height=\"750\" alt=\"Discu\u021bia trebuie preg\u0103tit\u0103 \u201e\u00eentre europeni\u201d, spune Macron. FOTO Profimedia\"><source type=\"image\/webp\"  media=\"(min-width: 1400px)\"><source type=\"image\/webp\"  media=\"(min-width: 1000px)\"><source type=\"image\/webp\"  media=\"(min-width: 700px)\"><source type=\"image\/jpeg\"  media=\"(min-width: 1400px)\"><source type=\"image\/jpeg\"  media=\"(min-width: 1000px)\"><source type=\"image\/jpeg\"  media=\"(min-width: 700px)\"><img fetchpriority=\"high\" decoding=\"async\" src=\"https:\/\/cdn.adh.reperio.news\/image-9\/95a7a6b5-fb58-42a9-b4b9-4e03a9ba6092\/index.jpeg?p=a%3D1%26co%3D1.05%26w%3D700%26h%3D750%26r%3Dcontain%26f%3Dwebp\" alt=\"Discu\u021bia trebuie preg\u0103tit\u0103 \u201e\u00eentre europeni\u201d, spune Macron. FOTO Profimedia\" width=\"1400\" height=\"750\" loading=\"eager\"><\/picture>\n<p>Discu\u021bia trebuie preg\u0103tit\u0103 \u201e\u00eentre europeni\u201d, spune Macron. FOTO Profimedia<\/p>\n<\/div>\n<p><i>\u201eNu este o chestiune de zile, lucrurile se preg\u0103tesc<\/i>\u201d, a spus Macron la finalul unui summit european informal \u00een Belgia, potrivit sursei citate, preluate de <a href=\"https:\/\/www.agerpres.ro\/politic-ex\/2026\/02\/12\/reluarea-dialogului-cu-putin-nu-este-o-chestiune-de-zile-spune-macron-pledand-pentru-pregatirea-lui--1616166\" rel=\"nofollow\">Agerpres.<\/a><\/p>\n<p><i>\u201eCred c\u0103 trebuie acum, mai ales, s\u0103 lucr\u0103m asupra noastr\u0103, asupra a ceea ce vrem s\u0103 cerem\u201d<\/i>, a ad\u0103ugat el.<\/p>\n<p>Liderul francez anun\u0163ase \u00een decembrie c\u0103 vrea s\u0103 reia contactele directe cu omologul s\u0103u rus, iar la \u00eenceputul lui februarie \u015fi-a trimis consilierul diplomatic la Moscova pentru a le preg\u0103ti.<\/p>\n<h2>\u201eVrem garan\u0163ii de securitate pentru Ucraina\u201d<\/h2>\n<p><a href=\"https:\/\/adevarul.ro\/stiri-externe\/rusia\/lavrov-sustine-ca-putin-este-deschis-dialogului-cu-2506313.html\">Discu\u021bia cu Vladimir Putin <\/a>trebuie acum s\u0103 fie preg\u0103tit\u0103 <i>\u201e\u00eentre europeni<\/i>\u201d pentru a putea, \u201e<i>la momentul potrivit, s\u0103 fim preg\u0103ti\u0163i\u201d<\/i>, a fost de p\u0103rere Macron.<\/p>\n<p><i>\u201eCe vrem noi? Vrem garan\u0163ii de securitate pentru Ucraina, dar vrem de asemenea lucruri pentru europeni<\/i>\u201d, a completat pre\u015fedintele francez.<\/p>\n<p>Emmanuel Macron  a enumerat, printre priorit\u0103\u0163i, <i>\u201echestiunile de prosperitate, despre viitorul Europei noastre, despre arhitectura de securitate<\/i>\u201d.<\/p>\n<p>Pre\u0219edintele francez evocase deja, \u00eentr-un interviu difuzat mar\u0163i de mai multe publica\u0163ii, reluarea dialogului cu pre\u015fedintele rus, pled\u00e2nd ca aceasta s\u0103 fie \u201e<i>bine organizat\u0103\u201d<\/i> cu europenii, dar f\u0103r\u0103 <i>\u201eprea mul\u0163i interlocutori\u201d<\/i>.<\/p>\n<\/p><\/div>\n<p><a href=\"https:\/\/adevarul.ro\/stiri-externe\/europa\/macron-spune-ca-reluarea-dialogului-cu-putin-nu-2507977.html\" class=\"button purchase\" rel=\"nofollow noopener\" target=\"_blank\">Read More<\/a><\/p>\n","protected":false},"excerpt":{"rendered":"<p>Pre\u015fedintele francez Emmanuel Macron a apreciat joi, 12 februarie, c\u0103 nu exist\u0103 o urgen\u0163\u0103 \u00een \u00eenceperea unui dialog cu liderul rus Vladimir Putin, subliniind importan\u0163a [&hellip;]<\/p>\n","protected":false},"author":1,"featured_media":11207,"comment_status":"open","ping_status":"open","sticky":false,"template":"","format":"standard","meta":{"_monsterinsights_skip_tracking":false,"_monsterinsights_sitenote_active":false,"_monsterinsights_sitenote_note":"","_monsterinsights_sitenote_category":0,"footnotes":""},"categories":[6],"tags":[],"class_list":["post-11206","post","type-post","status-publish","format-standard","has-post-thumbnail","hentry","category-popular"],"aioseo_notices":[],"_links":{"self":[{"href":"https:\/\/info-eforie.ro\/index.php\/wp-json\/wp\/v2\/posts\/11206","targetHints":{"allow":["GET"]}}],"collection":[{"href":"https:\/\/info-eforie.ro\/index.php\/wp-json\/wp\/v2\/posts"}],"about":[{"href":"https:\/\/info-eforie.ro\/index.php\/wp-json\/wp\/v2\/types\/post"}],"author":[{"embeddable":true,"href":"https:\/\/info-eforie.ro\/index.php\/wp-json\/wp\/v2\/users\/1"}],"replies":[{"embeddable":true,"href":"https:\/\/info-eforie.ro\/index.php\/wp-json\/wp\/v2\/comments?post=11206"}],"version-history":[{"count":0,"href":"https:\/\/info-eforie.ro\/index.php\/wp-json\/wp\/v2\/posts\/11206\/revisions"}],"wp:featuredmedia":[{"embeddable":true,"href":"https:\/\/info-eforie.ro\/index.php\/wp-json\/wp\/v2\/media\/11207"}],"wp:attachment":[{"href":"https:\/\/info-eforie.ro\/index.php\/wp-json\/wp\/v2\/media?parent=11206"}],"wp:term":[{"taxonomy":"category","embeddable":true,"href":"https:\/\/info-eforie.ro\/index.php\/wp-json\/wp\/v2\/categories?post=11206"},{"taxonomy":"post_tag","embeddable":true,"href":"https:\/\/info-eforie.ro\/index.php\/wp-json\/wp\/v2\/tags?post=11206"}],"curies":[{"name":"wp","href":"https:\/\/api.w.org\/{rel}","templated":true}]}}