{"id":11102,"date":"2026-02-10T06:54:48","date_gmt":"2026-02-10T06:54:48","guid":{"rendered":"https:\/\/info-eforie.ro\/index.php\/2026\/02\/10\/decizia-luata-de-mircea-lucescu-pentru-barajul-cu-turcia-am-vorbit-cu-el\/"},"modified":"2026-02-10T06:54:48","modified_gmt":"2026-02-10T06:54:48","slug":"decizia-luata-de-mircea-lucescu-pentru-barajul-cu-turcia-am-vorbit-cu-el","status":"publish","type":"post","link":"https:\/\/info-eforie.ro\/index.php\/2026\/02\/10\/decizia-luata-de-mircea-lucescu-pentru-barajul-cu-turcia-am-vorbit-cu-el\/","title":{"rendered":"Decizia luat\u0103 de Mircea Lucescu pentru barajul cu Turcia: \u201dAm vorbit cu el\u201d"},"content":{"rendered":"<div>\n<h2><strong>Decizia luat\u0103 de Mircea Lucescu pentru barajul cu Turcia: \u201dSta\u021bi lini\u0219ti\u021bi\u201d<\/strong><\/h2>\n<p>\u00cen ultimul timp, au tot ap\u0103rut \u00een media informa\u021bii cu privire la starea de s\u0103n\u0103tate a lui Mircea Lucescu, selec\u021bionerul Rom\u00e2niei, care a f\u0103cut investiga\u021bii la spital.<\/p>\n<p>La emisiunea Fa\u021ba la joc!, difuzat\u0103 \u00een direct duminic\u0103 dup\u0103-amiaz\u0103 la Pro TV \u0219i pe VOYO, Ciprian Marica, fost interna\u021bional rom\u00e2n, a intervenit \u0219i a dezv\u0103luit ce a discutat cu Lucescu.<\/p>\n<p>Marica a indicat c\u0103 selec\u021bionerul a fost supus unor controale obi\u0219nuite de s\u0103n\u0103tate \u0219i c\u0103 nu se confrunt\u0103 cu nicio problem\u0103. Mai mult dec\u00e2t at\u00e2t, Marica a m\u0103rturisit c\u0103 Lucescu i-a explicat \u0219i c\u0103 va sta pe banc\u0103 \u00een barajul cu Turcia.<\/p>\n<p><strong>\u201dAm vorbit cu nea Mircea. Mi-a spus &#8216;nu am nimic, sunt foarte bine, sta\u021bi lini\u0219ti\u021bi, m\u0103 duc la control c\u0103 am o v\u00e2rst\u0103, dar nu am nicio problem\u0103 \u0219i voi fi pe banc\u0103 la meciul cu Turcia\u201d<\/strong>, a spus Marica.\u00a0<\/p>\n<h2><strong>\u00cen c\u00e2te secunde s-au epuizat biletele pentru meciul Turcia &#8211; Rom\u00e2nia din play-off-ul Campionatului Mondial<\/strong><\/h2>\n<p>Joi, 26 martie, ora 19:00, ora Rom\u00e2niei, tricolorii vor \u00eent\u00e2lni Turcia, la Istanbul, pe stadionul \u201dBesiktas Park\u201d. Pre\u021bul biletelor a fost de 145 RON (27 euro), iar locurile vor fi repartizate \u00een Peluza Nord.\u00a0<\/p>\n<p>Au fost disponibile 2130 de bilete pentru suporterii rom\u00e2ni, care s-au dat \u00een 20 de secunde, a\u0219a cum a scris Federa\u021bia Rom\u00e2n\u0103 de Fotbal \u00eentr-un comunicat oficial \u00een urm\u0103 cu c\u00e2teva zile.<\/p>\n<\/div>\n<p><a href=\"https:\/\/www.sport.ro\/nationala\/decizia-luata-de-mircea-lucescu-pentru-barajul-cu-turcia-am-vorbit-cu-el.html\" class=\"button purchase\" rel=\"nofollow noopener\" target=\"_blank\">Read More<\/a><\/p>\n","protected":false},"excerpt":{"rendered":"<p>Decizia luat\u0103 de Mircea Lucescu pentru barajul cu Turcia: \u201dSta\u021bi lini\u0219ti\u021bi\u201d \u00cen ultimul timp, au tot ap\u0103rut \u00een media informa\u021bii cu privire la starea de [&hellip;]<\/p>\n","protected":false},"author":1,"featured_media":11103,"comment_status":"open","ping_status":"open","sticky":false,"template":"","format":"standard","meta":{"_monsterinsights_skip_tracking":false,"_monsterinsights_sitenote_active":false,"_monsterinsights_sitenote_note":"","_monsterinsights_sitenote_category":0,"footnotes":""},"categories":[7],"tags":[],"class_list":["post-11102","post","type-post","status-publish","format-standard","has-post-thumbnail","hentry","category-sports"],"aioseo_notices":[],"_links":{"self":[{"href":"https:\/\/info-eforie.ro\/index.php\/wp-json\/wp\/v2\/posts\/11102","targetHints":{"allow":["GET"]}}],"collection":[{"href":"https:\/\/info-eforie.ro\/index.php\/wp-json\/wp\/v2\/posts"}],"about":[{"href":"https:\/\/info-eforie.ro\/index.php\/wp-json\/wp\/v2\/types\/post"}],"author":[{"embeddable":true,"href":"https:\/\/info-eforie.ro\/index.php\/wp-json\/wp\/v2\/users\/1"}],"replies":[{"embeddable":true,"href":"https:\/\/info-eforie.ro\/index.php\/wp-json\/wp\/v2\/comments?post=11102"}],"version-history":[{"count":0,"href":"https:\/\/info-eforie.ro\/index.php\/wp-json\/wp\/v2\/posts\/11102\/revisions"}],"wp:featuredmedia":[{"embeddable":true,"href":"https:\/\/info-eforie.ro\/index.php\/wp-json\/wp\/v2\/media\/11103"}],"wp:attachment":[{"href":"https:\/\/info-eforie.ro\/index.php\/wp-json\/wp\/v2\/media?parent=11102"}],"wp:term":[{"taxonomy":"category","embeddable":true,"href":"https:\/\/info-eforie.ro\/index.php\/wp-json\/wp\/v2\/categories?post=11102"},{"taxonomy":"post_tag","embeddable":true,"href":"https:\/\/info-eforie.ro\/index.php\/wp-json\/wp\/v2\/tags?post=11102"}],"curies":[{"name":"wp","href":"https:\/\/api.w.org\/{rel}","templated":true}]}}