{"id":11100,"date":"2026-02-10T06:54:49","date_gmt":"2026-02-10T06:54:49","guid":{"rendered":"https:\/\/info-eforie.ro\/index.php\/2026\/02\/10\/fcsb-a-stabilit-primul-transfer-al-verii-sunt-convins-ca-l-vom-aduce-cel-mai-bun-din-echipa-lui\/"},"modified":"2026-02-10T06:54:49","modified_gmt":"2026-02-10T06:54:49","slug":"fcsb-a-stabilit-primul-transfer-al-verii-sunt-convins-ca-l-vom-aduce-cel-mai-bun-din-echipa-lui","status":"publish","type":"post","link":"https:\/\/info-eforie.ro\/index.php\/2026\/02\/10\/fcsb-a-stabilit-primul-transfer-al-verii-sunt-convins-ca-l-vom-aduce-cel-mai-bun-din-echipa-lui\/","title":{"rendered":"FCSB a stabilit primul transfer al verii: \u201cSunt convins c\u0103-l vom aduce. Cel mai bun din echipa lui!\u201d"},"content":{"rendered":"<div>\n<p><a href=\"https:\/\/www.sport.ro\/liga-1\/otelul-galati-fcsb-live-text-pe-sport-ro-de-la-20-00-ros-albastrii-obligati-sa-castige.html\" rel=\"noopener noreferrer\"><strong>Victoria clar\u0103 cu O\u021belul, 4-1 la Gala\u021bi<\/strong><\/a>, a dat aripi campioanei ultimelor dou\u0103 sezoane, iar Gigi Becali \u0219i Mihai Stoica au \u00eencercat dou\u0103 transferuri pe ultima sut\u0103 de metri, un v\u00e2rf de careu care s\u0103-i creeze concuren\u021b\u0103 lui Daniel B\u00eerligea \u0219i un atacant lateral st\u00e2nga. Ambele mut\u0103ri au c\u0103zut, cu men\u021biunea c\u0103 a doua are \u0219anse foarte mari s\u0103 se realizeze \u00een mercato estival.<\/p>\n<h2><strong>FCSB aduce un atacant st\u00e2nga: &#8222;Sunt convins c\u0103-l vom transfera!&#8221;<\/strong><\/h2>\n<p>Cu Dennis Politic trimis la Hermannstadt, cu Octavian Popescu lipsit de \u00eencredere, FCSB se afl\u0103 \u00een c\u0103utarea unui atacant de band\u0103 st\u00e2ng\u0103 care s\u0103 corespund\u0103 rigorilor impuse de Gigi Becali \u0219i Mihai Stoica. O misiune atribuit\u0103 pre\u0219edintelui Consiliului de Administra\u021bie de la FCSB, care a fost la un pas s\u0103 rezolve transferul, \u00eenc\u00e2ntat fiind de calit\u0103\u021bile \u0219i profilul fotbalistului vizat.<\/p>\n<p>Contextul a f\u0103cut ca mutarea s\u0103 nu se realizeze, dar oficialul ro\u0219-albastru ofer\u0103 garan\u021bii c\u0103 tranzac\u021bia se va efectua \u00een var\u0103:<\/p>\n<p><strong>&#8222;Am avut o alt\u0103 pozi\u021bie pe care voiam s\u0103 o acoperim, pozi\u021bia de atacant lateral st\u00e2nga. Aveam un juc\u0103tor care ne-a pl\u0103cut foarte, foarte mult, sunt convins c\u0103 \u00een var\u0103 \u00eel vom transfera. Mie mi-a pl\u0103cut enorm, pentru c\u0103 \u0219tiam c\u0103 este exact profilul pe care \u00eel vrea Gigi: un juc\u0103tor care, 1 vs. 1, e foarte, foarte bun. Iar noi nu avem juc\u0103tor la momentul \u0103sta care s\u0103 dribleze, care s\u0103-\u0219i caute adversarul \u0219i s\u0103-l &#8222;execute&#8221; unu la unu. Juc\u0103torul \u0103la asta face!&#8221;,<\/strong> a dezv\u0103luit MM Stoica, la Prima Sport.<\/p>\n<h2><strong>&#8222;Cel mai bun juc\u0103tor din echipa lui&#8221;<\/strong><\/h2>\n<p>F\u0103r\u0103 s\u0103 ofere detalii despre campionatul din care provine viitorul transfer, Stoica \u0219i-a manifestat admira\u021bia \u0219i a dezv\u0103luit detalii de la negocieri:<\/p>\n<p>&#8222;<strong>Agentul lui mi-a spus c\u0103 poate fi transferat. Am f\u0103cut o ofert\u0103, dup\u0103 care juc\u0103torul echipei la care activeaz\u0103, \u0219i este cam cel mai bun juc\u0103tor din echipa lui, a spus <<La noi s-a terminat perioada de transferuri, noi nu avem cum s\u0103-l \u00eenlocuim>>. Eu am \u00eencercat ultima solu\u021bie: <<bine, \u0219i dac\u0103 se accidenteaz\u0103, cu ce-l \u00eenlocui\u021bi?>>. El a spus: &#8222;vezi de treaba ta&#8221; \u0219i nu s-a putut lua&#8221;,<\/strong> a fost dialogul redat de num\u0103rul doi din organigrama FCSB, conform sursei citate.<\/p>\n<\/div>\n<p><a href=\"https:\/\/www.sport.ro\/liga-1\/fcsb-a-stabilit-primul-transfer-al-verii-sunt-convins-ca-l-vom-aduce-cel-mai-bun-din-echipa-lui.html\" class=\"button purchase\" rel=\"nofollow noopener\" target=\"_blank\">Read More<\/a><\/p>\n","protected":false},"excerpt":{"rendered":"<p>Victoria clar\u0103 cu O\u021belul, 4-1 la Gala\u021bi, a dat aripi campioanei ultimelor dou\u0103 sezoane, iar Gigi Becali \u0219i Mihai Stoica au \u00eencercat dou\u0103 transferuri pe [&hellip;]<\/p>\n","protected":false},"author":1,"featured_media":11101,"comment_status":"open","ping_status":"open","sticky":false,"template":"","format":"standard","meta":{"_monsterinsights_skip_tracking":false,"_monsterinsights_sitenote_active":false,"_monsterinsights_sitenote_note":"","_monsterinsights_sitenote_category":0,"footnotes":""},"categories":[7],"tags":[],"class_list":["post-11100","post","type-post","status-publish","format-standard","has-post-thumbnail","hentry","category-sports"],"aioseo_notices":[],"_links":{"self":[{"href":"https:\/\/info-eforie.ro\/index.php\/wp-json\/wp\/v2\/posts\/11100","targetHints":{"allow":["GET"]}}],"collection":[{"href":"https:\/\/info-eforie.ro\/index.php\/wp-json\/wp\/v2\/posts"}],"about":[{"href":"https:\/\/info-eforie.ro\/index.php\/wp-json\/wp\/v2\/types\/post"}],"author":[{"embeddable":true,"href":"https:\/\/info-eforie.ro\/index.php\/wp-json\/wp\/v2\/users\/1"}],"replies":[{"embeddable":true,"href":"https:\/\/info-eforie.ro\/index.php\/wp-json\/wp\/v2\/comments?post=11100"}],"version-history":[{"count":0,"href":"https:\/\/info-eforie.ro\/index.php\/wp-json\/wp\/v2\/posts\/11100\/revisions"}],"wp:featuredmedia":[{"embeddable":true,"href":"https:\/\/info-eforie.ro\/index.php\/wp-json\/wp\/v2\/media\/11101"}],"wp:attachment":[{"href":"https:\/\/info-eforie.ro\/index.php\/wp-json\/wp\/v2\/media?parent=11100"}],"wp:term":[{"taxonomy":"category","embeddable":true,"href":"https:\/\/info-eforie.ro\/index.php\/wp-json\/wp\/v2\/categories?post=11100"},{"taxonomy":"post_tag","embeddable":true,"href":"https:\/\/info-eforie.ro\/index.php\/wp-json\/wp\/v2\/tags?post=11100"}],"curies":[{"name":"wp","href":"https:\/\/api.w.org\/{rel}","templated":true}]}}