{"id":11015,"date":"2026-02-07T05:57:37","date_gmt":"2026-02-07T05:57:37","guid":{"rendered":"https:\/\/info-eforie.ro\/index.php\/2026\/02\/07\/alerta-in-nordul-republicii-moldova-o-drona-a-fost-depistata-in-apropiere-de-o-localitate\/"},"modified":"2026-02-07T05:57:37","modified_gmt":"2026-02-07T05:57:37","slug":"alerta-in-nordul-republicii-moldova-o-drona-a-fost-depistata-in-apropiere-de-o-localitate","status":"publish","type":"post","link":"https:\/\/info-eforie.ro\/index.php\/2026\/02\/07\/alerta-in-nordul-republicii-moldova-o-drona-a-fost-depistata-in-apropiere-de-o-localitate\/","title":{"rendered":"Alert\u0103 \u00een nordul Republicii Moldova. O dron\u0103 a fost depistat\u0103 \u00een apropiere de o localitate"},"content":{"rendered":"<div>\n<p>Drona a fost g\u0103sit\u0103 \u00een nordul Republicii Moldova, iar la fa\u021ba locului s-au deplasat angaja\u021bii Inspectoratului General al Poli\u021biei (IGP) pentru realizarea investiga\u021biilor necesare.<\/p>\n<div><picture loading=\"eager\" width=\"1400\" height=\"750\" alt=\"Drona a fost depistat\u0103 \u00een nordul \u021b\u0103rii vecine. FOTO: Telegram.org\/ Poli\u021bia Republicii Moldova\"><source type=\"image\/webp\"  media=\"(min-width: 1400px)\"><source type=\"image\/webp\"  media=\"(min-width: 1000px)\"><source type=\"image\/webp\"  media=\"(min-width: 700px)\"><source type=\"image\/jpeg\"  media=\"(min-width: 1400px)\"><source type=\"image\/jpeg\"  media=\"(min-width: 1000px)\"><source type=\"image\/jpeg\"  media=\"(min-width: 700px)\"><img fetchpriority=\"high\" decoding=\"async\" src=\"https:\/\/cdn.adh.reperio.news\/image-1\/19b9fc67-ddbb-4425-a750-3700710122e2\/index.jpeg?p=a%3D1%26co%3D1.05%26w%3D700%26h%3D750%26r%3Dcontain%26f%3Dwebp\" alt=\"Drona a fost depistat\u0103 \u00een nordul \u021b\u0103rii vecine. FOTO: Telegram.org\/ Poli\u021bia Republicii Moldova\" width=\"1400\" height=\"750\" loading=\"eager\"><\/picture>\n<p>Drona a fost depistat\u0103 \u00een nordul \u021b\u0103rii vecine. FOTO: Telegram.org\/ Poli\u021bia Republicii Moldova<\/p>\n<\/div>\n<p><b>UPDATE <\/b>Responsabilii Ministerului Afacerilor Externe (MAE)\u00a0condamn\u0103 ferm <i>,,orice incident care poate reprezenta o \u00eenc\u0103lcare a spa\u021biului aerian al \u021b\u0103rii \u0219i o poten\u021bial\u0103 amenin\u021bare la adresa securit\u0103\u021bii cet\u0103\u021benilor.Republica Moldova \u00ee\u0219i reafirm\u0103 angajamentul de a-\u0219i proteja suveranitatea, integritatea teritorial\u0103 \u0219i securitatea cet\u0103\u021benilor. Ministerul Afacerilor Externe monitorizeaz\u0103 \u00eendeaproape evolu\u021biile, \u00een coordonare cu institu\u021biile na\u021bionale competente\u201d.\u00a0<\/i>\u00a0<\/p>\n<p><b>\u0218tirea ini\u021bial\u0103\u00a0<\/b><\/p>\n<p><i>,,Poli\u021bia din Drochia a fost sesizat\u0103 despre depistarea unei drone \u00een extravilanul satului Sofia din raionul Drochia, \u00een direc\u021bia localit\u0103\u021bii Lazo.Perimetrul este asigurat, iar exper\u021bii Sec\u021biei tehnico-explozive a Poli\u021biei urmeaz\u0103 s\u0103 examineze obiectul \u00een detaliu<\/i>\u201d, au anun\u021bat reprezentan\u021bii IGP.\u00a0<\/p>\n<p>\u00centre timp, poli\u021bi\u0219tii recomand\u0103 <i>,,cet\u0103\u021benilor s\u0103 evite apropierea de astfel de obiecte \u0219i s\u0103 respecte solicit\u0103rile poli\u021biei\u201d.<\/i><\/p>\n<p><i><\/i>Nu este prima dat\u0103 c\u00e2nd \u00een \u021bara vecin\u0103 sunt \u00eenregistrate\u00a0<a href=\"https:\/\/adevarul.ro\/stiri-externe\/republica-moldova\/autoritatile-din-republica-moldova-anunta-ca-o-2489552.html\">asemenea cazuri.<\/a><\/p>\n<p>De exemplu, <a href=\"https:\/\/adevarul.ro\/stiri-externe\/republica-moldova\/o-drona-s-a-prabusit-in-gradina-unei-case-din-2502708.html\">\u00een data de 22 ianuarie,<\/a> o dron\u0103 cu o cantitate mare de explozibil a fost depistat\u0103 \u00een gr\u0103dina unei case dintr-un sat din sudul Republicii Moldova.\u00a0Dispozitivul avea o lungime de aproximativ 2,5 metri.<\/p>\n<p><i>,Drona este activ\u01ce \u0219i con\u021bine un dispozitiv explozibil.\u00a0Av\u00e2nd \u00een vedere pericolul iminent, speciali\u0219tii Sec\u021biei tehnico-exploziv\u0103 a Poli\u021biei vor efectua o explozie controlat\u0103 la fa\u021ba locului. La moment este evaluat pericolul. Sunt \u00eentreprinse ac\u021biunile necesare pentru a stabili toate circumstan\u021bele \u0219i pentru a dezamorsa partea de lupt\u0103 a aparatului de zbor, iar din raza loca\u021biei sunt evacua\u021bi to\u021bi localnicii. Rug\u0103m cet\u0103\u021benii s\u0103-\u0219i p\u0103streze calmul \u0219i s\u0103 respecte toate solicit\u0103rile poli\u021bi\u0219tilor\u201d,\u00a0<\/i>au subliniat poli\u021bi\u0219tii moldoveni.\u00a0\u00a0<\/p>\n<p>Iar reprezentan\u021bii Ministerului moldovean al Ap\u0103r\u0103rii au precizat c\u0103 drona era de tip Gherani-2 \u0219i a fost\u00a0detonat\u0103<i>\u00a0,,\u00een condi\u021bii de maxim\u0103 siguran\u021b\u0103\u201d\u00a0<\/i>din motiv c\u0103 prezenta un pericol pentru oameni.\u00a0<\/p>\n<p><i>,,\u00cen acest context, sosi\u021bi la fa\u021ba locului, \u00een urma cercet\u0103rilor de rigoare, geni\u0219tii Armatei Na\u021bionale din Batalionul de Geniu &#8222;Codru&#8221;, \u00eempreun\u0103 cu speciali\u0219tii din Inspectoratul General de Poli\u021bie, au identificat drona ca fiind de tip Gherani-2. Ace\u0219tia au transportat obiectul \u00eentr-un loc sigur din localitate \u0219i l-au detonat, respect\u00e2nd toate m\u0103surile de siguran\u021b\u0103\u201d,<\/i>\u00a0au men\u021bionat angaja\u021bii structurii.\u00a0<\/p>\n<p>Ministerul Afacerilor Externe (MAE) de la Chi\u0219in\u0103u a reac\u021bionat, calific\u00e2nd incidentul drept o \u00eenc\u0103lcare grav\u0103 a suveranit\u0103\u021bii \u0219i integrit\u0103\u021bii teritoriale a Republicii Moldova.<\/p>\n<p><i>,,Republica Moldova condamn\u0103 ferm aceste ac\u021biuni \u0219i denun\u021b\u0103 r\u0103zboiul de agresiune purtat de Federa\u021bia Rus\u0103 \u00eempotriva Ucrainei, care aduce suferin\u021b\u0103, pierderi \u0219i distrugeri \u00een Ucraina \u0219i afecteaz\u0103 grav securitatea regional\u0103, pun\u00e2nd \u00een pericol direct \u0219i siguran\u021ba cet\u0103\u021benilor Republicii Moldova.\u00cen acest context, Republica Moldova \u00ee\u0219i reafirm\u0103 angajamentul de a consolida pacea \u0219i securitatea na\u021bional\u0103 \u0219i va continua toate demersurile necesare pentru protejarea teritoriului s\u0103u \u0219i a popula\u021biei sale\u201d<\/i>, au men\u021bionat reprezentan\u021bii MAE moldovean.\u00a0\u00a0<\/p>\n<p>\u00centre timp, poli\u021bi\u0219tii au venit cu mai multe recomand\u0103ri pentru oameni \u00een situa\u021biile \u00een care observ\u0103 <a href=\"https:\/\/adevarul.ro\/stiri-externe\/republica-moldova\/o-drona-de-peste-doi-metri-gasita-in-apropierea-2501501.html\">drone:<\/a><\/p>\n<p><i>\u00a0,,Nu v\u0103 apropia\u021bi de obiect \u0219i nu \u00eel atinge\u021bi sub nicio form\u0103;<\/i><\/p>\n<p><i>\u00a0Nu \u00eencerca\u021bi s\u0103 \u00eel muta\u021bi, demonta\u021bi sau fotografia\u021bi de aproape;<\/i><\/p>\n<p><i>\u00a0P\u0103stra\u021bi o distan\u021b\u0103 de siguran\u021b\u0103 \u0219i restric\u021biona\u021bi accesul altor persoane \u00een zon\u0103;<\/i><\/p>\n<p><i>\u00a0Anun\u021ba\u021bi imediat Poli\u021bia la num\u0103rul unic de urgen\u021b\u0103 112, oferind detalii despre loca\u021bie;<\/i><\/p>\n<p><i>\u00a0Respecta\u021bi indica\u021biile for\u021belor de ordine p\u00e2n\u0103 la sosirea echipelor specializate\u201d,<\/i>\u00a0au conchis angaja\u021bii IGP.<\/p>\n<\/p><\/div>\n<p><a href=\"https:\/\/adevarul.ro\/stiri-externe\/republica-moldova\/alerta-in-nordul-republicii-moldova-o-drona-a-2506571.html\" class=\"button purchase\" rel=\"nofollow noopener\" target=\"_blank\">Read More<\/a><\/p>\n","protected":false},"excerpt":{"rendered":"<p>Drona a fost g\u0103sit\u0103 \u00een nordul Republicii Moldova, iar la fa\u021ba locului s-au deplasat angaja\u021bii Inspectoratului General al Poli\u021biei (IGP) pentru realizarea investiga\u021biilor necesare. Drona [&hellip;]<\/p>\n","protected":false},"author":1,"featured_media":11016,"comment_status":"open","ping_status":"open","sticky":false,"template":"","format":"standard","meta":{"_monsterinsights_skip_tracking":false,"footnotes":""},"categories":[6],"tags":[],"class_list":["post-11015","post","type-post","status-publish","format-standard","has-post-thumbnail","hentry","category-popular"],"aioseo_notices":[],"_links":{"self":[{"href":"https:\/\/info-eforie.ro\/index.php\/wp-json\/wp\/v2\/posts\/11015","targetHints":{"allow":["GET"]}}],"collection":[{"href":"https:\/\/info-eforie.ro\/index.php\/wp-json\/wp\/v2\/posts"}],"about":[{"href":"https:\/\/info-eforie.ro\/index.php\/wp-json\/wp\/v2\/types\/post"}],"author":[{"embeddable":true,"href":"https:\/\/info-eforie.ro\/index.php\/wp-json\/wp\/v2\/users\/1"}],"replies":[{"embeddable":true,"href":"https:\/\/info-eforie.ro\/index.php\/wp-json\/wp\/v2\/comments?post=11015"}],"version-history":[{"count":0,"href":"https:\/\/info-eforie.ro\/index.php\/wp-json\/wp\/v2\/posts\/11015\/revisions"}],"wp:featuredmedia":[{"embeddable":true,"href":"https:\/\/info-eforie.ro\/index.php\/wp-json\/wp\/v2\/media\/11016"}],"wp:attachment":[{"href":"https:\/\/info-eforie.ro\/index.php\/wp-json\/wp\/v2\/media?parent=11015"}],"wp:term":[{"taxonomy":"category","embeddable":true,"href":"https:\/\/info-eforie.ro\/index.php\/wp-json\/wp\/v2\/categories?post=11015"},{"taxonomy":"post_tag","embeddable":true,"href":"https:\/\/info-eforie.ro\/index.php\/wp-json\/wp\/v2\/tags?post=11015"}],"curies":[{"name":"wp","href":"https:\/\/api.w.org\/{rel}","templated":true}]}}