{"id":10902,"date":"2026-02-03T03:56:07","date_gmt":"2026-02-03T03:56:07","guid":{"rendered":"https:\/\/info-eforie.ro\/index.php\/2026\/02\/03\/trump-spune-ca-premiile-grammy-de-anul-acesta-au-fost-imposibil-de-urmarit-prezentatorul-catalogat-drept-un-ratat-total\/"},"modified":"2026-02-03T03:56:07","modified_gmt":"2026-02-03T03:56:07","slug":"trump-spune-ca-premiile-grammy-de-anul-acesta-au-fost-imposibil-de-urmarit-prezentatorul-catalogat-drept-un-ratat-total","status":"publish","type":"post","link":"https:\/\/info-eforie.ro\/index.php\/2026\/02\/03\/trump-spune-ca-premiile-grammy-de-anul-acesta-au-fost-imposibil-de-urmarit-prezentatorul-catalogat-drept-un-ratat-total\/","title":{"rendered":"Trump spune c\u0103 premiile Grammy de anul acesta au fost \u201eimposibil de urm\u0103rit\u201d. Prezentatorul, catalogat drept \u201eun ratat total\u201d"},"content":{"rendered":"<div>\n<p>Pre\u0219edintele Donald Trump a lansat mai multe critici la adresa premiilor Grammy, afirm\u00e2nd c\u0103 edi\u021bia de anul acesta a fost\u00a0\u201e<i>practic imposibil de urm\u0103rit\u201d. <\/i>Liderul de la Casa Alb\u0103 l-a catalogat pe prezentatorul Trevor Noah drept \u201eun ratat total\u201d dup\u0103 ce acesta a aminitit \u00een direct de prietenia lui Trump cu Jeffrey Epstein.<\/p>\n<div><picture loading=\"eager\" width=\"1400\" height=\"750\" alt=\"Donald Trump\/FOTO: EPA-EFE\"><source type=\"image\/webp\"  media=\"(min-width: 1400px)\"><source type=\"image\/webp\"  media=\"(min-width: 1000px)\"><source type=\"image\/webp\"  media=\"(min-width: 700px)\"><source type=\"image\/jpeg\"  media=\"(min-width: 1400px)\"><source type=\"image\/jpeg\"  media=\"(min-width: 1000px)\"><source type=\"image\/jpeg\"  media=\"(min-width: 700px)\"><img fetchpriority=\"high\" decoding=\"async\" src=\"https:\/\/cdn.adh.reperio.news\/image-e\/e6ec4d7b-46c1-4c77-84ca-100d957ee34f\/index.jpeg?p=a%3D1%26co%3D1.05%26w%3D700%26h%3D750%26r%3Dcontain%26f%3Dwebp\" alt=\"Donald Trump\/FOTO: EPA-EFE\" width=\"1400\" height=\"750\" loading=\"eager\"><\/picture>\n<p>Donald Trump\/FOTO: EPA-EFE<\/p>\n<\/div>\n<p><i>\u201ePremiile Grammy sunt cele mai proaste, practic imposibil de urm\u0103rit! CBS are noroc c\u0103 nu mai are gunoiul \u0103sta \u00een program\u201d,<\/i> a scris Trump\u00a0pe Truth Social, potrivit News.ro.<\/p>\n<p>\u201e<i>Prezentatorul, Trevor Noah, oricine ar fi el, este aproape la fel de prost ca Jimmy Kimmel la premiile Oscar cu audien\u0163\u0103 sc\u0103zut\u0103. Noah a spus, INCORECT, despre mine, c\u0103 Donald Trump \u015fi Bill Clinton au petrecut timp pe insula lui Epstein. GRE\u015eIT!!! <\/i><\/p>\n<p><i>Nu pot vorbi \u00een numele lui Bill, dar eu nu am fost niciodat\u0103 pe insula lui Epstein, nici m\u0103car \u00een apropiere, \u015fi p\u00e2n\u0103 la declara\u0163ia fals\u0103 \u015fi def\u0103im\u0103toare de ast\u0103-sear\u0103, nu am fost niciodat\u0103 acuzat c\u0103 am fost acolo, nici m\u0103car de mass-media care difuzeaz\u0103 \u015ftiri false\u201d.\u00a0<\/i><\/p>\n<p>Trump \u00eel atac\u0103 dur pe Noah, \u00eel insult\u0103 \u0219i \u00eel amenin\u021b\u0103 c\u0103 va trimite avoca\u021bii s\u0103-l dea \u00een judecat\u0103 pentru o sum\u0103 mare, spun\u00e2nd c\u0103 procesul \u00eel va \u201eamuza\u201d, invoc\u00e2nd \u0219i alte cazuri similare ca avertisment.<\/p>\n<h2>Noah: De c\u00e2nd Epstein nu mai este, el are nevoie de o nou\u0103 insul\u0103<\/h2>\n<p>Noah a adus \u00een discu\u0163ie subiectul Trump \u015fi Epstein dup\u0103 ce Billie Eilish\u00a0<a href=\"https:\/\/adevarul.ro\/showbiz\/vedete\/grammy-2026-bad-bunny-si-kendrick-lamar-marii-2505263.html\">a c\u00e2\u015ftigat premiul Grammy<\/a>\u00a0pentru Piesa anului cu \u201eWildflower\u201d. Noah a f\u0103cut o glum\u0103 pe seama lui Trump, spun\u00e2nd: <\/p>\n<p>\u201e<i>Iat\u0103, piesa anului! Felicit\u0103ri, Billie Eilish. Este un premiu Grammy pe care \u00eel dore\u015fte fiecare artist &#8211; aproape la fel de mult c\u00e2t Trump dore\u015fte Groenlanda. Ceea ce are sens, deoarece, de c\u00e2nd Epstein nu mai este, el are nevoie de o nou\u0103 insul\u0103 pe care s\u0103 se \u00eent\u00e2lneasc\u0103 cu Bill Clinton\u201d.<\/i><\/p>\n<p>Trump \u015fi-a \u00eendreptat majoritatea criticilor la adresa premiilor Grammy c\u0103tre Noah, \u015fi nu s-a referit la victoria istoric\u0103 a lui Bad Bunny. Albumul de succes al c\u00e2nt\u0103re\u0163ului, \u201eDeb\u00ed Tirar M\u00e1s Fotos\u201d, este primul album \u00een limba spaniol\u0103 care a c\u00e2\u015ftigat premiul Grammy la categoria suprem\u0103. <\/p>\n<p>Bad Bunny a c\u00e2\u015ftigat premiul Grammy cu doar o s\u0103pt\u0103m\u00e2n\u0103 \u00eenainte de spectacolul s\u0103u din\u00a0<a href=\"https:\/\/adevarul.ro\/stiri-externe\/sua\/trump-nu-mai-merge-la-super-bowl-dar-a-criticat-2503735.html\">pauza Super Bowl, pe care Trump l-a criticat deja \u00een interviuri.<\/a><\/p>\n<p><i>\u201eEste pur \u015fi simplu prea departe. Mi-ar pl\u0103cea s\u0103 merg. Am fost foarte bine primit la Super Bowl. Ei m\u0103 apreciaz\u0103\u201d,\u00a0<\/i>a afirmat Trump pentru publica\u021bia\u00a0<a href=\"https:\/\/nypost.com\/2026\/01\/24\/us-news\/trump-tells-the-post-hes-skipping-the-super-bowl-slams-halftime-performers-bad-bunny-and-green-day\/\" rel=\"nofollow\">New York Post,<\/a>\u00a0sus\u021bin\u00e2nd c\u0103 absen\u021ba sa nu are leg\u0103tur\u0103 cu arti\u0219tii invita\u021bi. Cu toate acestea, liderul de la Casa Alb\u0103 a criticat deschis selec\u021bia f\u0103cut\u0103 de NFL (National Football League).<\/p>\n<p><i>\u201eSunt \u00eempotriva prezen\u0163ei lor. Cred c\u0103 este o alegere deplorabil\u0103. Nu face dec\u00e2t s\u0103 semene ur\u0103. Este teribil\u201d,<\/i>\u00a0a spus Trump, referindu-se la Green Day \u0219i Bad Bunny.<\/p>\n<\/p><\/div>\n<p><a href=\"https:\/\/adevarul.ro\/stiri-externe\/sua\/trump-spune-ca-premiile-grammy-de-anul-acesta-au-2505281.html\" class=\"button purchase\" rel=\"nofollow noopener\" target=\"_blank\">Read More<\/a><\/p>\n","protected":false},"excerpt":{"rendered":"<p>Pre\u0219edintele Donald Trump a lansat mai multe critici la adresa premiilor Grammy, afirm\u00e2nd c\u0103 edi\u021bia de anul acesta a fost\u00a0\u201epractic imposibil de urm\u0103rit\u201d. Liderul de [&hellip;]<\/p>\n","protected":false},"author":1,"featured_media":10903,"comment_status":"open","ping_status":"open","sticky":false,"template":"","format":"standard","meta":{"_monsterinsights_skip_tracking":false,"footnotes":""},"categories":[6],"tags":[],"class_list":["post-10902","post","type-post","status-publish","format-standard","has-post-thumbnail","hentry","category-popular"],"aioseo_notices":[],"_links":{"self":[{"href":"https:\/\/info-eforie.ro\/index.php\/wp-json\/wp\/v2\/posts\/10902","targetHints":{"allow":["GET"]}}],"collection":[{"href":"https:\/\/info-eforie.ro\/index.php\/wp-json\/wp\/v2\/posts"}],"about":[{"href":"https:\/\/info-eforie.ro\/index.php\/wp-json\/wp\/v2\/types\/post"}],"author":[{"embeddable":true,"href":"https:\/\/info-eforie.ro\/index.php\/wp-json\/wp\/v2\/users\/1"}],"replies":[{"embeddable":true,"href":"https:\/\/info-eforie.ro\/index.php\/wp-json\/wp\/v2\/comments?post=10902"}],"version-history":[{"count":0,"href":"https:\/\/info-eforie.ro\/index.php\/wp-json\/wp\/v2\/posts\/10902\/revisions"}],"wp:featuredmedia":[{"embeddable":true,"href":"https:\/\/info-eforie.ro\/index.php\/wp-json\/wp\/v2\/media\/10903"}],"wp:attachment":[{"href":"https:\/\/info-eforie.ro\/index.php\/wp-json\/wp\/v2\/media?parent=10902"}],"wp:term":[{"taxonomy":"category","embeddable":true,"href":"https:\/\/info-eforie.ro\/index.php\/wp-json\/wp\/v2\/categories?post=10902"},{"taxonomy":"post_tag","embeddable":true,"href":"https:\/\/info-eforie.ro\/index.php\/wp-json\/wp\/v2\/tags?post=10902"}],"curies":[{"name":"wp","href":"https:\/\/api.w.org\/{rel}","templated":true}]}}