{"id":10878,"date":"2026-02-02T03:56:03","date_gmt":"2026-02-02T03:56:03","guid":{"rendered":"https:\/\/info-eforie.ro\/index.php\/2026\/02\/02\/trump-acordul-privind-groenlanda-este-aproape-finalizat-va-fi-avantajos-pentru-toata-lumea\/"},"modified":"2026-02-02T03:56:03","modified_gmt":"2026-02-02T03:56:03","slug":"trump-acordul-privind-groenlanda-este-aproape-finalizat-va-fi-avantajos-pentru-toata-lumea","status":"publish","type":"post","link":"https:\/\/info-eforie.ro\/index.php\/2026\/02\/02\/trump-acordul-privind-groenlanda-este-aproape-finalizat-va-fi-avantajos-pentru-toata-lumea\/","title":{"rendered":"Trump: Acordul privind Groenlanda este aproape finalizat. \u201eVa fi avantajos pentru toat\u0103 lumea\u201d"},"content":{"rendered":"<div>\n<p>Pre\u0219edintele Statelor Unite, Donald Trump, a declarat c\u0103 negocierile privind un acord-cadru referitor la Groenlanda sunt \u00een plin\u0103 desf\u0103\u0219urare \u0219i se apropie de final, subliniind c\u0103 documentul are o importan\u021b\u0103 major\u0103, \u00een special din perspectiva securit\u0103\u021bii na\u021bionale americane.<\/p>\n<div><picture loading=\"eager\" width=\"1400\" height=\"750\" alt=\"Pre\u0219edintele SUA, Donald Trump\/FOTO:Profimedia\"><source type=\"image\/webp\"  media=\"(min-width: 1400px)\"><source type=\"image\/webp\"  media=\"(min-width: 1000px)\"><source type=\"image\/webp\"  media=\"(min-width: 700px)\"><source type=\"image\/jpeg\"  media=\"(min-width: 1400px)\"><source type=\"image\/jpeg\"  media=\"(min-width: 1000px)\"><source type=\"image\/jpeg\"  media=\"(min-width: 700px)\"><img fetchpriority=\"high\" decoding=\"async\" src=\"https:\/\/cdn.adh.reperio.news\/image-3\/3c3b9de7-6638-4ea0-b17c-9e687b30c465\/index.jpeg?p=a%3D1%26co%3D1.05%26w%3D700%26h%3D750%26r%3Dcontain%26f%3Dwebp\" alt=\"Pre\u0219edintele SUA, Donald Trump\/FOTO:Profimedia\" width=\"1400\" height=\"750\" loading=\"eager\"><\/picture>\n<p>Pre\u0219edintele SUA, Donald Trump\/FOTO:Profimedia<\/p>\n<\/div>\n<p>\u00centr-o discu\u021bie cu jurnali\u0219tii, liderul de la Casa Alb\u0103 a afirmat c\u0103 \u201emajoritatea aspectelor au fost deja convenite\u201d \u0219i c\u0103 p\u0103r\u021bile implicate \u00ee\u0219i doresc \u00eencheierea acordului. \u201eAm \u00eenceput negocierile \u0219i, din punctul meu de vedere, suntem foarte aproape de un consens. Ei vor ca acest lucru s\u0103 se \u00eent\u00e2mple. Cred c\u0103 va fi o \u00een\u021belegere bun\u0103 pentru to\u021bi. Este un acord extrem de important \u0219i sunt convins c\u0103 \u00eel vom semna\u201d, a declarat Trump.<\/p>\n<p>\u00cen ultimele s\u0103pt\u0103m\u00e2ni, pre\u0219edintele american a sus\u021binut \u00een mod repetat c\u0103 Statele Unite ar trebui s\u0103 preia controlul asupra Groenlandei pentru a preveni o eventual\u0103 extindere a influen\u021bei Rusiei sau Chinei \u00een regiune. Trump a mers p\u00e2n\u0103 la a afirma c\u0103 insula ar trebui cump\u0103rat\u0103, chiar \u0219i \u00een condi\u021biile existen\u021bei actualei prezen\u021be militare americane, reglementat\u0103 prin acordul din 1951.<\/p>\n<p>Potrivit acestuia, aranjamentele existente nu mai ofer\u0103 garan\u021bii suficiente de securitate, motiv pentru care Washingtonul urm\u0103re\u0219te renegocierea acordului de ap\u0103rare cu Danemarca, \u00een vederea elimin\u0103rii restric\u021biilor privind prezen\u021ba militar\u0103 american\u0103 pe insul\u0103.<\/p>\n<p>La 28 ianuarie, reprezentan\u021bi ai Statelor Unite, Danemarcei \u0219i Groenlandei s-au \u00eent\u00e2lnit pentru a discuta un nou cadru de cooperare. Potrivit agen\u021biei Bloomberg, scopul acestui demers este consolidarea prezen\u021bei americane \u00een Arctica, f\u0103r\u0103 a transfera \u00eens\u0103 Groenlanda sub control direct al SUA.<\/p>\n<p>Anali\u0219tii atrag aten\u021bia c\u0103 interesul brusc al Washingtonului pentru insul\u0103 nu poate fi explicat exclusiv prin ra\u021biuni strategice. De\u0219i Groenlanda are o importan\u021b\u0103 geopolitic\u0103 incontestabil\u0103, aceste considerente au existat \u0219i \u00een trecut, f\u0103r\u0103 a genera ini\u021biative similare. \u00cen acest context, spun exper\u021bii, trebuie luate \u00een calcul at\u00e2t dinamica politic\u0103 intern\u0103 din Statele Unite, c\u00e2t \u0219i stilul personal de leadership al lui Donald Trump.<\/p>\n<\/p><\/div>\n<p><a href=\"https:\/\/adevarul.ro\/stiri-externe\/sua\/trump-acordul-privind-groenlanda-este-aproape-2505128.html\" class=\"button purchase\" rel=\"nofollow noopener\" target=\"_blank\">Read More<\/a><\/p>\n","protected":false},"excerpt":{"rendered":"<p>Pre\u0219edintele Statelor Unite, Donald Trump, a declarat c\u0103 negocierile privind un acord-cadru referitor la Groenlanda sunt \u00een plin\u0103 desf\u0103\u0219urare \u0219i se apropie de final, subliniind [&hellip;]<\/p>\n","protected":false},"author":1,"featured_media":10879,"comment_status":"open","ping_status":"open","sticky":false,"template":"","format":"standard","meta":{"_monsterinsights_skip_tracking":false,"_monsterinsights_sitenote_active":false,"_monsterinsights_sitenote_note":"","_monsterinsights_sitenote_category":0,"footnotes":""},"categories":[6],"tags":[],"class_list":["post-10878","post","type-post","status-publish","format-standard","has-post-thumbnail","hentry","category-popular"],"aioseo_notices":[],"_links":{"self":[{"href":"https:\/\/info-eforie.ro\/index.php\/wp-json\/wp\/v2\/posts\/10878","targetHints":{"allow":["GET"]}}],"collection":[{"href":"https:\/\/info-eforie.ro\/index.php\/wp-json\/wp\/v2\/posts"}],"about":[{"href":"https:\/\/info-eforie.ro\/index.php\/wp-json\/wp\/v2\/types\/post"}],"author":[{"embeddable":true,"href":"https:\/\/info-eforie.ro\/index.php\/wp-json\/wp\/v2\/users\/1"}],"replies":[{"embeddable":true,"href":"https:\/\/info-eforie.ro\/index.php\/wp-json\/wp\/v2\/comments?post=10878"}],"version-history":[{"count":0,"href":"https:\/\/info-eforie.ro\/index.php\/wp-json\/wp\/v2\/posts\/10878\/revisions"}],"wp:featuredmedia":[{"embeddable":true,"href":"https:\/\/info-eforie.ro\/index.php\/wp-json\/wp\/v2\/media\/10879"}],"wp:attachment":[{"href":"https:\/\/info-eforie.ro\/index.php\/wp-json\/wp\/v2\/media?parent=10878"}],"wp:term":[{"taxonomy":"category","embeddable":true,"href":"https:\/\/info-eforie.ro\/index.php\/wp-json\/wp\/v2\/categories?post=10878"},{"taxonomy":"post_tag","embeddable":true,"href":"https:\/\/info-eforie.ro\/index.php\/wp-json\/wp\/v2\/tags?post=10878"}],"curies":[{"name":"wp","href":"https:\/\/api.w.org\/{rel}","templated":true}]}}