{"id":10803,"date":"2026-01-31T03:56:07","date_gmt":"2026-01-31T03:56:07","guid":{"rendered":"https:\/\/info-eforie.ro\/index.php\/2026\/01\/31\/furia-localnicilor-i-a-facut-sa-se-razgandeasca-cei-doi-adolescenti-acuzati-de-moartea-lui-mario-vor-sa-ramana-in-arest\/"},"modified":"2026-01-31T03:56:07","modified_gmt":"2026-01-31T03:56:07","slug":"furia-localnicilor-i-a-facut-sa-se-razgandeasca-cei-doi-adolescenti-acuzati-de-moartea-lui-mario-vor-sa-ramana-in-arest","status":"publish","type":"post","link":"https:\/\/info-eforie.ro\/index.php\/2026\/01\/31\/furia-localnicilor-i-a-facut-sa-se-razgandeasca-cei-doi-adolescenti-acuzati-de-moartea-lui-mario-vor-sa-ramana-in-arest\/","title":{"rendered":"Furia localnicilor i-a f\u0103cut s\u0103 se r\u0103zg\u00e2ndeasc\u0103: cei doi adolescen\u021bi acuza\u021bi de moartea lui Mario vor s\u0103 r\u0103m\u00e2n\u0103 \u00een arest"},"content":{"rendered":"<div>\n<p>Frica de reac\u021biile violente ale localnicilor din comuna Cenei i-a determinat pe cei doi minori de 15 ani, acuza\u021bi de uciderea lui Mario, s\u0103 accepte arestul preventiv, de\u0219i ini\u021bial \u00eel contestaser\u0103.\u00a0<\/p>\n<div><picture loading=\"eager\" width=\"1400\" height=\"750\" alt=\"Mario a fost ucis \u0219i \u00eengropat \u00een curtea unei case foto: colaj adev\u0103rul\"><source type=\"image\/webp\"  media=\"(min-width: 1400px)\"><source type=\"image\/webp\"  media=\"(min-width: 1000px)\"><source type=\"image\/webp\"  media=\"(min-width: 700px)\"><source type=\"image\/jpeg\"  media=\"(min-width: 1400px)\"><source type=\"image\/jpeg\"  media=\"(min-width: 1000px)\"><source type=\"image\/jpeg\"  media=\"(min-width: 700px)\"><img fetchpriority=\"high\" decoding=\"async\" src=\"https:\/\/cdn.adh.reperio.news\/image-2\/2a1502ec-9925-420e-a3de-a26f2d1fa2ec\/index.jpeg?p=a%3D1%26co%3D1.05%26w%3D700%26h%3D750%26r%3Dcontain%26c%3D0.067%252C0%252C0.873%252C1%26f%3Dwebp\" alt=\"Mario a fost ucis \u0219i \u00eengropat \u00een curtea unei case foto: colaj adev\u0103rul\" width=\"1400\" height=\"750\" loading=\"eager\"><\/picture>\n<p>Mario a fost ucis \u0219i \u00eengropat \u00een curtea unei case foto: colaj adev\u0103rul<\/p>\n<\/div>\n<p>Localnicii din comuna Cenei, jude\u021bul Timi\u0219, sunt extrem de revolta\u021bi, iar furia lor risc\u0103 s\u0103 se \u00eendrepte nu doar asupra suspec\u021bilor, ci \u0219i asupra familiilor acestora. P\u0103rin\u021bii minorilor sunt nevoi\u021bi s\u0103 se ascund\u0103 \u00eentr-o comunitate zguduit\u0103 de eveniment.<\/p>\n<p>\u00cen cursul anchetei, unul dintre minorii de 15 ani a participat la expertiza informatic\u0103 a telefonului s\u0103u mobil, \u00een timp ce anchetatorii caut\u0103 probe care s\u0103 clarifice modul \u00een care s-a petrecut crima. <\/p>\n<p>De\u0219i condi\u021biile din arest afecteaz\u0103 starea lor de s\u0103n\u0103tate, adolescen\u021bii consider\u0103 c\u0103 r\u0103m\u00e2nerea \u00een spatele gratiilor este mai sigur\u0103 pentru ei.<\/p>\n<p>Adrian Cuculius,\u00a0avocatul victimei, a declarat c\u0103 urmeaz\u0103 noi demersuri procedurale, care ar putea viza inclusiv p\u0103rin\u021bii copiilor considera\u021bi responsabili pentru tragedie.\u00a0\u00a0<\/p>\n<p><i>\u201eDin punctul nostru de vedere, urmeaz\u0103 s\u0103 fie f\u0103cute acte procedurale, care s-ar putea s\u0103 implice \u0219i pl\u00e2ngeri penale chiar cu privire la p\u0103rin\u021bii celor care se fac vinova\u021bi de moartea acestui copil\u201d, <\/i>a explicat avocatul familiei victimei, Adrian Cuculis, la\u00a0<a href=\"https:\/\/www.antena3.ro\/actualitate\/locale\/rasturnare-de-situatie-minorii-acuzati-de-moartea-lui-mario-au-cerut-ei-sa-ramana-in-arest-de-teama-furiei-publice-775392.html\" rel=\"nofollow\">Antena 3.<\/a><\/p>\n<p> \u00cen ceea ce prive\u0219te minorul de 13 ani implicat,\u00a0<a href=\"https:\/\/adevarul.ro\/stiri-interne\/evenimente\/parintii-minorilor-implicati-in-uciderea-lui-mario-2504598.html\">p\u0103rin\u021bii acestuia \u00eel pot muta \u00een afara localit\u0103\u021bii<\/a>\u00a0sau chiar \u00een alt\u0103 \u021bar\u0103, f\u0103r\u0103 autoriza\u021bie special\u0103, iar autorit\u0103\u021bile pot lua m\u0103suri ulterior, dac\u0103 situa\u021bia o impune.<\/p>\n<p><a href=\"https:\/\/adevarul.ro\/stil-de-viata\/magazin\/de-ce-ajung-copiii-sa-omoare-alti-copii-motivele-2504326.html\">Crima care a cutremurat jude\u021bul Timi\u0219<\/a>\u00a0s-a petrecut pe 19 ianuarie, c\u00e2nd Mario, un adolescent de 15 ani, a fost invitat de un copil de 13 ani sub pretextul prezent\u0103rii unui ATV. Ajuns la locuin\u021ba acestuia, Mario a fost lovit \u00een cap cu o topori\u0219c\u0103, iar un alt adolescent de 15 ani l-a \u00eenjunghiat cu un cu\u021bit. Ulterior, cei trei au \u00eencercat s\u0103 incendieze cadavrul \u0219i s\u0103-l \u00eengroape \u00een gr\u0103dina casei.<\/p>\n<p>P\u0103rin\u021bii lui Mario au raportat dispari\u021bia fiului lor a doua zi, iar trupul adolescentului a fost descoperit dup\u0103 aproximativ 24 de ore. Suspec\u021bii au recunoscut faptele, iar anchetatorii au stabilit c\u0103 omorul a fost premeditat, planul fiind pus la punct cu o lun\u0103 \u00eenainte.<\/p>\n<\/p><\/div>\n<p><a href=\"https:\/\/adevarul.ro\/stiri-interne\/societate\/furia-localnicilor-i-a-facut-sa-se-razgandeasca-2504714.html\" class=\"button purchase\" rel=\"nofollow noopener\" target=\"_blank\">Read More<\/a><\/p>\n","protected":false},"excerpt":{"rendered":"<p>Frica de reac\u021biile violente ale localnicilor din comuna Cenei i-a determinat pe cei doi minori de 15 ani, acuza\u021bi de uciderea lui Mario, s\u0103 accepte [&hellip;]<\/p>\n","protected":false},"author":1,"featured_media":10804,"comment_status":"open","ping_status":"open","sticky":false,"template":"","format":"standard","meta":{"_monsterinsights_skip_tracking":false,"_monsterinsights_sitenote_active":false,"_monsterinsights_sitenote_note":"","_monsterinsights_sitenote_category":0,"footnotes":""},"categories":[6],"tags":[],"class_list":["post-10803","post","type-post","status-publish","format-standard","has-post-thumbnail","hentry","category-popular"],"aioseo_notices":[],"_links":{"self":[{"href":"https:\/\/info-eforie.ro\/index.php\/wp-json\/wp\/v2\/posts\/10803","targetHints":{"allow":["GET"]}}],"collection":[{"href":"https:\/\/info-eforie.ro\/index.php\/wp-json\/wp\/v2\/posts"}],"about":[{"href":"https:\/\/info-eforie.ro\/index.php\/wp-json\/wp\/v2\/types\/post"}],"author":[{"embeddable":true,"href":"https:\/\/info-eforie.ro\/index.php\/wp-json\/wp\/v2\/users\/1"}],"replies":[{"embeddable":true,"href":"https:\/\/info-eforie.ro\/index.php\/wp-json\/wp\/v2\/comments?post=10803"}],"version-history":[{"count":0,"href":"https:\/\/info-eforie.ro\/index.php\/wp-json\/wp\/v2\/posts\/10803\/revisions"}],"wp:featuredmedia":[{"embeddable":true,"href":"https:\/\/info-eforie.ro\/index.php\/wp-json\/wp\/v2\/media\/10804"}],"wp:attachment":[{"href":"https:\/\/info-eforie.ro\/index.php\/wp-json\/wp\/v2\/media?parent=10803"}],"wp:term":[{"taxonomy":"category","embeddable":true,"href":"https:\/\/info-eforie.ro\/index.php\/wp-json\/wp\/v2\/categories?post=10803"},{"taxonomy":"post_tag","embeddable":true,"href":"https:\/\/info-eforie.ro\/index.php\/wp-json\/wp\/v2\/tags?post=10803"}],"curies":[{"name":"wp","href":"https:\/\/api.w.org\/{rel}","templated":true}]}}