{"id":10791,"date":"2026-01-30T03:54:43","date_gmt":"2026-01-30T03:54:43","guid":{"rendered":"https:\/\/info-eforie.ro\/index.php\/2026\/01\/30\/un-sarb-vine-la-cluj-direct-din-grupele-ligii-campionilor-si-a-trimis-buzduganul-de-la-londra\/"},"modified":"2026-01-30T03:54:43","modified_gmt":"2026-01-30T03:54:43","slug":"un-sarb-vine-la-cluj-direct-din-grupele-ligii-campionilor-si-a-trimis-buzduganul-de-la-londra","status":"publish","type":"post","link":"https:\/\/info-eforie.ro\/index.php\/2026\/01\/30\/un-sarb-vine-la-cluj-direct-din-grupele-ligii-campionilor-si-a-trimis-buzduganul-de-la-londra\/","title":{"rendered":"Un s\u00e2rb vine la Cluj direct din grupele Ligii Campionilor. \u0218i-a trimis \u201ebuzduganul\u201d de la Londra"},"content":{"rendered":"<div>\n<p>\u00cenaintea partidei Arsenal &#8211; Kairat Almat\u00ee 3-2, de asear\u0103, din ultima rund\u0103 a fazei principale din Champions League, Jug Stanojev (26 de ani), mijloca\u0219ul kazahilor, a anun\u021bat c\u0103 abia a\u0219teapt\u0103 s\u0103 ajung\u0103 la U Cluj.<\/p>\n<div><picture loading=\"eager\" width=\"1400\" height=\"750\" alt=\"Jug Stanojev, mesaj pentru fanii ardeleni  FOTO Captur\u0103 video\"><source type=\"image\/webp\"  media=\"(min-width: 1400px)\"><source type=\"image\/webp\"  media=\"(min-width: 1000px)\"><source type=\"image\/webp\"  media=\"(min-width: 700px)\"><source type=\"image\/jpeg\"  media=\"(min-width: 1400px)\"><source type=\"image\/jpeg\"  media=\"(min-width: 1000px)\"><source type=\"image\/jpeg\"  media=\"(min-width: 700px)\"><img fetchpriority=\"high\" decoding=\"async\" src=\"https:\/\/cdn.adh.reperio.news\/image-0\/0d0c9e26-4275-4ba5-a4f6-0391e052dc6f\/index.jpeg?p=a%3D1%26co%3D1.05%26w%3D700%26h%3D750%26r%3Dcontain%26f%3Dwebp\" alt=\"Jug Stanojev, mesaj pentru fanii ardeleni  FOTO Captur\u0103 video\" width=\"1400\" height=\"750\" loading=\"eager\"><\/picture>\n<p>Jug Stanojev, mesaj pentru fanii ardeleni  FOTO Captur\u0103 video<\/p>\n<\/div>\n<p>S\u00e2rbul s-a filmat chiar pe gazon \u0219i le-a transmis un mesaj suporterilor \u201d\u0219epcilor ro\u0219ii\u201d: \u201e<i>Salut\u0103ri tuturor fanilor din Cluj. Sunt aici, pe Emirates Stadium din Londra, la meciul din Liga Campionilor \u00eempotriva lui Arsenal. Abia a\u0219tept s\u0103 v\u0103 \u00eent\u00e2lnesc pe to\u021bi \u0219i s\u0103 port culorile alb-negre la Cluj. Ne vedem cur\u00e2nd. Haide, U!<\/i>\u201d, a spus Stanojev pe Facebook.<\/p>\n<p>Jug Stanojev nu a prins niciun minut \u00een duelul cu Arsenal, \u00eens\u0103 \u00een acest sezon a bifat 4 apari\u021bii \u00een preliminariile UCL \u0219i 5 \u00een faza principal\u0103 a competi\u021biei, \u00eens\u0103 nu a fost titular (\u00een total, 211 minute).<\/p>\n<p>Stanojev, juc\u0103tor crescut de Steaua Ro\u0219ie Belgrad, ar urma s\u0103 ajung\u0103 gratis la echipa preg\u0103tit\u0103 de Cristiano Bergodi. Fost interna\u021bional U17, U18, U19 \u0219i U21 s\u00e2rb, mijloca\u0219ul lateral a mai evoluat la Graficar, Backa Topola \u0219i Spartak Subotica, iar din vara anului 2024 a fost sub contract cu Kairat, pentru care a adunat 48 de partide, 3 goluri \u0219i 5 assist-uri.<\/p>\n<p>Mijloca\u0219ul va deveni al doilea juc\u0103tor de la campioana Kazahstanului care vine \u00een Rom\u00e2nia \u00een aceast\u0103 iarn\u0103, dup\u0103 ce Ofri Arad a semnat deja cu FCSB.<\/p>\n<h2>Qarabag este \u00een play-off<\/h2>\n<p>O alt\u0103 echip\u0103 mic\u0103, Qarabag, a fost spulberat\u0103 asear\u0103 de Liverpool, scor 0-6, \u00een ultima rund\u0103 a fazei principale din UEFA Champions League, \u00eens\u0103 echipa azer\u0103 s-a calificat \u00een play-off-ul competi\u021biei.<\/p>\n<p>Mac Allister (15, 61), Wirtz (21), Salah (50), Ekitike (57) \u0219i Chiesa (90) au punctat pentru \u201dCormorani\u201d, care au \u00eencheiat pe locul 3, cu 18 puncte, \u0219i vor merge direct \u00een optimile de final\u0103. \u00cen ciuda e\u0219ecului drastic, cei de la Qarabag nu au fost foarte sup\u0103ra\u021bi la finalul partidei, pentru c\u0103 s-au calificat \u00een premier\u0103 \u00een faza eliminatorie din Champions League \u0219i au scris istorie.<\/p>\n<p>Campioana Azerbaijanului s-a clasat pe pozi\u021bia a 22-a, cu 10 puncte, a devenit prima gruparea din aceast\u0103 \u021bar\u0103 care trece de grup\u0103\/grupe \u00een UCL. \u00cenaintea startului \u00eentrecerii, trupa lui Gurban Gurbanov era v\u0103zut\u0103 cu cele mai mari \u0219anse de a termina pe ultimul loc, al\u0103turi de Kairat Almaty, care a \u0219i fost \u201dlanterna ro\u0219ie\u201d, cu un singur punct.<\/p>\n<p>\u00cen play-off, Qarabag va da peste PSG sau Newcastle. Tragerea la sor\u021bi are loc m\u00e2ine, la Nyon, de la ora 13:00.<\/p>\n<\/p><\/div>\n<p><a href=\"https:\/\/adevarul.ro\/sport\/un-sarb-vine-la-cluj-direct-din-grupele-ligii-2504431.html\" class=\"button purchase\" rel=\"nofollow noopener\" target=\"_blank\">Read More<\/a><\/p>\n","protected":false},"excerpt":{"rendered":"<p>\u00cenaintea partidei Arsenal &#8211; Kairat Almat\u00ee 3-2, de asear\u0103, din ultima rund\u0103 a fazei principale din Champions League, Jug Stanojev (26 de ani), mijloca\u0219ul kazahilor, [&hellip;]<\/p>\n","protected":false},"author":1,"featured_media":10792,"comment_status":"open","ping_status":"open","sticky":false,"template":"","format":"standard","meta":{"_monsterinsights_skip_tracking":false,"footnotes":""},"categories":[6],"tags":[],"class_list":["post-10791","post","type-post","status-publish","format-standard","has-post-thumbnail","hentry","category-popular"],"aioseo_notices":[],"_links":{"self":[{"href":"https:\/\/info-eforie.ro\/index.php\/wp-json\/wp\/v2\/posts\/10791","targetHints":{"allow":["GET"]}}],"collection":[{"href":"https:\/\/info-eforie.ro\/index.php\/wp-json\/wp\/v2\/posts"}],"about":[{"href":"https:\/\/info-eforie.ro\/index.php\/wp-json\/wp\/v2\/types\/post"}],"author":[{"embeddable":true,"href":"https:\/\/info-eforie.ro\/index.php\/wp-json\/wp\/v2\/users\/1"}],"replies":[{"embeddable":true,"href":"https:\/\/info-eforie.ro\/index.php\/wp-json\/wp\/v2\/comments?post=10791"}],"version-history":[{"count":0,"href":"https:\/\/info-eforie.ro\/index.php\/wp-json\/wp\/v2\/posts\/10791\/revisions"}],"wp:featuredmedia":[{"embeddable":true,"href":"https:\/\/info-eforie.ro\/index.php\/wp-json\/wp\/v2\/media\/10792"}],"wp:attachment":[{"href":"https:\/\/info-eforie.ro\/index.php\/wp-json\/wp\/v2\/media?parent=10791"}],"wp:term":[{"taxonomy":"category","embeddable":true,"href":"https:\/\/info-eforie.ro\/index.php\/wp-json\/wp\/v2\/categories?post=10791"},{"taxonomy":"post_tag","embeddable":true,"href":"https:\/\/info-eforie.ro\/index.php\/wp-json\/wp\/v2\/tags?post=10791"}],"curies":[{"name":"wp","href":"https:\/\/api.w.org\/{rel}","templated":true}]}}