{"id":10787,"date":"2026-01-30T03:54:45","date_gmt":"2026-01-30T03:54:45","guid":{"rendered":"https:\/\/info-eforie.ro\/index.php\/2026\/01\/30\/romanii-au-cea-mai-multa-incredere-in-biserica-si-armata-pe-ce-locuri-se-afla-presedintia-si-parlamentul\/"},"modified":"2026-01-30T03:54:45","modified_gmt":"2026-01-30T03:54:45","slug":"romanii-au-cea-mai-multa-incredere-in-biserica-si-armata-pe-ce-locuri-se-afla-presedintia-si-parlamentul","status":"publish","type":"post","link":"https:\/\/info-eforie.ro\/index.php\/2026\/01\/30\/romanii-au-cea-mai-multa-incredere-in-biserica-si-armata-pe-ce-locuri-se-afla-presedintia-si-parlamentul\/","title":{"rendered":"Rom\u00e2nii au cea mai mult\u0103 \u00eencredere \u00een Biseric\u0103 \u0219i Armat\u0103. Pe ce locuri se afl\u0103 Pre\u015fedin\u0163ia \u0219i Parlamentul"},"content":{"rendered":"<div>\n<p>Biserica \u015fi Armata r\u0103m\u00e2n institu\u0163iile \u00een care rom\u00e2nii au cea mai mult\u0103 \u00eencredere, relev\u0103 Barometrul Informat.ro \u2013 INSCOP Research, edi\u0163ia a VII-a.<\/p>\n<div><picture loading=\"eager\" width=\"1400\" height=\"750\" alt=\"Slujb\u0103 biseric\u0103 FOTO: Adev\u0103rul\"><source type=\"image\/webp\"  media=\"(min-width: 1400px)\"><source type=\"image\/webp\"  media=\"(min-width: 1000px)\"><source type=\"image\/webp\"  media=\"(min-width: 700px)\"><source type=\"image\/jpeg\"  media=\"(min-width: 1400px)\"><source type=\"image\/jpeg\"  media=\"(min-width: 1000px)\"><source type=\"image\/jpeg\"  media=\"(min-width: 700px)\"><img fetchpriority=\"high\" decoding=\"async\" src=\"https:\/\/cdn.adh.reperio.news\/image-e\/e5e49ac5-955e-407c-832d-0967e933ea6e\/index.jpeg?p=a%3D1%26co%3D1.05%26w%3D700%26h%3D750%26r%3Dcontain%26f%3Dwebp\" alt=\"Slujb\u0103 biseric\u0103 FOTO: Adev\u0103rul\" width=\"1400\" height=\"750\" loading=\"eager\"><\/picture>\n<p>Slujb\u0103 biseric\u0103 FOTO: Adev\u0103rul<\/p>\n<\/div>\n<p>Biserica este institu\u0163ia \u00een care rom\u00e2nii au cea mai mare \u00eencredere, 63.9% declar\u00e2nd c\u0103 au destul de mult\u0103 \u015fi foarte mult\u0103 \u00eencredere \u00een aceast\u0103 institu\u0163ie (fa\u0163\u0103 de 57.7% \u00een iulie 2025). Urmeaz\u0103 Armata, cu un capital de \u00eencredere de 61.8% (fa\u0163\u0103 de 63% \u00een iulie 2025) \u015fi Poli\u0163ia cu 50% (fa\u0163\u0103 de 43.2% \u00een iulie 2025), scrie <a href=\"https:\/\/www.news.ro\/social\/barometrul-inscop-biserica-si-armata-raman-institutiile-in-care-romanii-au-cea-mai-multa-incredere-presedintia-locul-4-in-topul-increderii-iar-parlamentul-se-afla-pe-ultimul-loc-1922404029452026011022327083\" rel=\"nofollow\">News.<\/a><\/p>\n<p>Clasamentul este continuat de Pre\u015fedin\u0163ie cu 27.9% (fa\u0163\u0103 de 34.8% \u00een iulie 2025), Justi\u0163ie cu 25.4% \u015fi Guvern cu 18.4% (fa\u0163\u0103 de 20.4% \u00een iulie 2025). Pe ultima pozi\u0163ie se situeaz\u0103 Parlamentul cu 11.9% \u00eencredere destul de mult\u0103 \u015fi foarte mult\u0103 (fa\u0163\u0103 de 14.5% \u00een iulie 2025).<\/p>\n<p>Au \u00eencredere \u00een Biseric\u0103 mai ales: votan\u0163ii PSD \u015fi AUR, persoanele de peste 60 de ani, cei cu educa\u0163ie primar\u0103, locuitorii din mediul rural. Votan\u0163ii PSD \u015fi PNL, persoanele de peste 60 de ani, locuitorii din mediul rural sunt categoriile care au cea mai mult\u0103 \u00eencredere \u00een Armat\u0103.<\/p>\n<p>Au \u00eencredere \u00een Poli\u0163ie mai ales: votan\u0163ii PSD \u015fi PNL, tinerii sub 30 de ani, angaja\u0163ii la stat.<\/p>\n<p>Votan\u0163ii PNL \u015fi USR, tinerii sub 30 de ani, persoanele cu educa\u0163ie superioar\u0103, locuitorii din Bucure\u015fti \u015fi din urbanul mare, angaja\u0163ii la stat sunt categoriile care au cea mai mult\u0103 \u00eencredere \u00een Pre\u015fedin\u0163ie.<\/p>\n<p>Votan\u0163ii PSD \u015fi AUR, persoanele \u00eentre 18 \u015fi 44 de ani, cei cu educa\u0163ie primar\u0103 au mai mult\u0103 \u00eencredere \u00een Justi\u0163ie dec\u00e2t restul popula\u0163iei.<\/p>\n<p>Au \u00eencredere \u00een Guvern \u00een special: votan\u0163ii USR \u015fi PNL, tinerii sub 30 de ani, persoanele cu educa\u0163ie superioar\u0103, locuitorii din Bucure\u015fti. Votan\u0163ii PSD, PNL \u015fi USR, tinerii sub 30 de ani, locuitorii din Bucure\u015fti<a href=\"https:\/\/adevarul.ro\/stiri-interne\/evenimente\/care-sunt-cele-mai-mari-dorinte-ale-romanilor-2504121.html\"> au \u00eencredere \u00een Parlament \u00een propor\u0163ii<\/a> mai ridicate dec\u00e2t restul popula\u0163iei.<\/p>\n<p><i>\u201eInstitu\u0163iile percepute ca \u201enepolitice\u201d domin\u0103 \u00eencrederea public\u0103. Biserica \u015fi Armata r\u0103m\u00e2n repere simbolice de stabilitate \u015fi identitate, semn c\u0103 popula\u0163ia caut\u0103 ancore de continuitate \u00een afara jocului politic propriu-zis. Este un tipar clasic \u00een societ\u0103\u0163i cu ne\u00eencredere structural\u0103 \u00een clasa politic\u0103.\u00a0Institu\u0163iile politice sunt captive \u00eentr-un deficit structural de credibilitate. Nu vorbim doar de nemul\u0163umiri conjuncturale, ci de o ne\u00eencredere cronicizat\u0103 \u00een institu\u0163iile reprezentative. Asta indic\u0103 o ruptur\u0103 \u00eentre cet\u0103\u0163eni \u015fi mecanismele clasice ale democra\u0163iei reprezentative, ceea ce alimenteaz\u0103 populismului, discursul anti-sistem \u015fi formulele radicale de reprezentare politic\u0103\u201d,<\/i> afirm\u0103\u00a0Remus \u015etefureac, director INSCOP Research.<\/p>\n<p>Datele au fost culese \u00een perioada 12-15 ianuarie 2026,\u00a0prin metoda CATI (interviuri telefonice). <a href=\"https:\/\/adevarul.ro\/stiri-interne\/societate\/ce-cred-romanii-despre-ue-suveranitatea-nationala-2503993.html\">Metoda de cercetare a fost interviu<\/a> prin intermediul chestionarului. Volumul e\u015fantionului simplu, stratificat a fost de 1100 de persoane, reprezentativ pe categoriile socio-demografice semnificative (sex, v\u00e2rst\u0103, ocupa\u0163ie) pentru popula\u0163ia neinstitu\u0163ionalizat\u0103 a Rom\u00e2niei, cu v\u00e2rsta de 18 ani \u015fi peste. Eroarea maxim\u0103 admis\u0103 a datelor este de \u00b1 3%, la un grad de \u00eencredere de 95%.<\/p>\n<\/p><\/div>\n<p><a href=\"https:\/\/adevarul.ro\/stiri-interne\/evenimente\/romanii-au-cea-mai-multa-incredere-in-biserica-si-2504433.html\" class=\"button purchase\" rel=\"nofollow noopener\" target=\"_blank\">Read More<\/a><\/p>\n","protected":false},"excerpt":{"rendered":"<p>Biserica \u015fi Armata r\u0103m\u00e2n institu\u0163iile \u00een care rom\u00e2nii au cea mai mult\u0103 \u00eencredere, relev\u0103 Barometrul Informat.ro \u2013 INSCOP Research, edi\u0163ia a VII-a. Slujb\u0103 biseric\u0103 FOTO: [&hellip;]<\/p>\n","protected":false},"author":1,"featured_media":10788,"comment_status":"open","ping_status":"open","sticky":false,"template":"","format":"standard","meta":{"_monsterinsights_skip_tracking":false,"_monsterinsights_sitenote_active":false,"_monsterinsights_sitenote_note":"","_monsterinsights_sitenote_category":0,"footnotes":""},"categories":[6],"tags":[],"class_list":["post-10787","post","type-post","status-publish","format-standard","has-post-thumbnail","hentry","category-popular"],"aioseo_notices":[],"_links":{"self":[{"href":"https:\/\/info-eforie.ro\/index.php\/wp-json\/wp\/v2\/posts\/10787","targetHints":{"allow":["GET"]}}],"collection":[{"href":"https:\/\/info-eforie.ro\/index.php\/wp-json\/wp\/v2\/posts"}],"about":[{"href":"https:\/\/info-eforie.ro\/index.php\/wp-json\/wp\/v2\/types\/post"}],"author":[{"embeddable":true,"href":"https:\/\/info-eforie.ro\/index.php\/wp-json\/wp\/v2\/users\/1"}],"replies":[{"embeddable":true,"href":"https:\/\/info-eforie.ro\/index.php\/wp-json\/wp\/v2\/comments?post=10787"}],"version-history":[{"count":0,"href":"https:\/\/info-eforie.ro\/index.php\/wp-json\/wp\/v2\/posts\/10787\/revisions"}],"wp:featuredmedia":[{"embeddable":true,"href":"https:\/\/info-eforie.ro\/index.php\/wp-json\/wp\/v2\/media\/10788"}],"wp:attachment":[{"href":"https:\/\/info-eforie.ro\/index.php\/wp-json\/wp\/v2\/media?parent=10787"}],"wp:term":[{"taxonomy":"category","embeddable":true,"href":"https:\/\/info-eforie.ro\/index.php\/wp-json\/wp\/v2\/categories?post=10787"},{"taxonomy":"post_tag","embeddable":true,"href":"https:\/\/info-eforie.ro\/index.php\/wp-json\/wp\/v2\/tags?post=10787"}],"curies":[{"name":"wp","href":"https:\/\/api.w.org\/{rel}","templated":true}]}}