{"id":10783,"date":"2026-01-30T02:00:12","date_gmt":"2026-01-30T02:00:12","guid":{"rendered":"https:\/\/info-eforie.ro\/index.php\/2026\/01\/30\/tarnovanu-nu-s-a-ferit-de-cuvinte-daca-vezi-ca-suntem-la-pamant-nu-mai-da-si-tu-ce-a-spus-despre-matei-popa\/"},"modified":"2026-01-30T02:00:12","modified_gmt":"2026-01-30T02:00:12","slug":"tarnovanu-nu-s-a-ferit-de-cuvinte-daca-vezi-ca-suntem-la-pamant-nu-mai-da-si-tu-ce-a-spus-despre-matei-popa","status":"publish","type":"post","link":"https:\/\/info-eforie.ro\/index.php\/2026\/01\/30\/tarnovanu-nu-s-a-ferit-de-cuvinte-daca-vezi-ca-suntem-la-pamant-nu-mai-da-si-tu-ce-a-spus-despre-matei-popa\/","title":{"rendered":"T\u00e2rnovanu nu s-a ferit de cuvinte: \u201eDac\u0103 vezi c\u0103 suntem la p\u0103m\u00e2nt, nu mai da \u0219i tu!\u201d + ce a spus despre Matei Popa"},"content":{"rendered":"<div>\n<p>FCSB \u0219i Fenerbahce s-au \u00eent\u00e2lnit pe Arena Na\u021bional\u0103, \u00een ultima etap\u0103 din faza principal\u0103 a Europa League. De\u0219i \u0219ansele de calificare erau minime, echipa antrenat\u0103 de Elias Charalambous a avut o presta\u021bie solid\u0103 \u0219i a ratat mai multe ocazii importante.<\/p>\n<p>Turcii au deschis scorul \u00een minutul 19, prin Ismail Yuksek, juc\u0103tor care a v\u0103zut cartona\u0219ul galben nou\u0103 minute mai t\u00e2rziu \u0219i a fost \u00eenlocuit \u00een repriza secund\u0103. FCSB a egalat \u00een minutul 71, prin Juri Cisotti, care a finalizat spectaculos o pas\u0103 venit\u0103 de la Risto Radunovic.<\/p>\n<h2><strong>T\u00e2rnovanu: \u201eDac\u0103 vezi c\u0103 suntem la p\u0103m\u00e2nt, nu mai da \u0219i tu!\u201d + ce a spus despre Matei Popa<\/strong><\/h2>\n<p>La finalul partidei, \u0218tefan T\u00e2rnovanu a venit la flash-interviuri \u0219i a avut un discurs sincer.<\/p>\n<p>Goalkeeper-ul a vorbit despre parcursul european, presiunea suporterilor \u0219i situa\u021bia sa la echip\u0103, \u00een contextul \u00een care Gigi Becali a anun\u021bat c\u0103 Matei Popa ar putea deveni titular.<\/p>\n<p><strong>\u201eEderson e un portar care a fost \u00een top \u00een ultimii ani, are trofee c\u00e2\u0219tigate c\u00e2t nu avem noi \u00een toat\u0103 via\u021ba. Fener e o echip\u0103 foarte bun\u0103, cu juc\u0103tori de mare calitate, \u00eei cunoa\u0219tem, \u00eei vedem la televizor.<br \/><\/strong><\/p>\n<p><strong>Nu \u0219tiu, cred c\u0103 am fi avut o \u0219ans\u0103 dac\u0103 am fi marcat pentru 2-1, am avut momente \u00een care puteam \u00eenscrie.<br \/><\/strong><\/p>\n<p><strong>Au fost multe meciuri, \u021bin\u00e2nd cont c\u0103 am \u00eenceput cu o victorie. Poate puteam gestiona altfel acest parcurs european. Nu e anul nostru cel mai bun, se vede asta \u0219i \u00een campionat. Totu\u0219i, r\u0103m\u00e2n cu un gust amar pentru c\u0103 i-am f\u0103cut nemul\u021bumi\u021bi pe suporteri \u0219i asta \u00een\u021beleg. Suporter \u00eenseamn\u0103 c\u0103 sus\u021bii echipa. Dac\u0103 vezi c\u0103 suntem la p\u0103m\u00e2nt, nu mai da \u0219i tu cu barosul. Au fost al\u0103turi de noi, e adev\u0103rat, dar cred c\u0103 avem nevoie de ei \u0219i \u00een acest moment.<br \/><\/strong><\/p>\n<p><strong>P\u00e2n\u0103 \u00een acest moment sezonul este unul dezastruos, pot spune. Dac\u0103 nu intram \u00een play-off va fi un e\u0219ec total. Dac\u0103 vom c\u00e2\u0219tiga 7 din 7, probabil vom fi acolo. Legat de suporteri, decizia e la ei. Noi nu cred c\u0103 exist\u0103 oameni care s\u0103 vrea s\u0103 c\u00e2\u0219tige mai mult dec\u00e2t noi, p\u00e2n\u0103 la urm\u0103 suntem oameni.<br \/><\/strong><\/p>\n<p><strong>Primesc vestea c\u0103 e un juc\u0103tor profesionist, am contract la aceast\u0103 echip\u0103 \u00een primul r\u00e2nd. Matei este un copil extraordinar, iar ca portar este foarte, foarte bun. Dac\u0103 asta este decizia, \u00eei \u021bin pumnii, sunt o persoan\u0103 bun\u0103 \u0219i doresc binele tuturor\u201d<\/strong>, a spus \u0218tefan T\u00e2rnovanu la Prima Sport.<\/p>\n<p>\u00cen urma remizei, FCSB a \u00eencheiat aventura european\u0103 pe locul 27, cu 7 puncte, dup\u0103 dou\u0103 victorii, un egal \u0219i cinci \u00eenfr\u00e2ngeri. Fenerbahce a terminat pe locul 19 \u0219i s-a calificat \u00een play-off-ul Europa League.<\/p>\n<p>\u00cen Superliga, FCSB ocup\u0103 locul 11 dup\u0103 23 de etape, cu 31 de puncte, la cinci \u00een spatele pozi\u021biei a \u0219asea, ultima care asigur\u0103 accesul \u00een play-off. Dup\u0103 eliminarea din Europa, ro\u0219-alba\u0219trii revin \u00een campionat duminic\u0103, 1 februarie, c\u00e2nd vor juca pe teren propriu cu Csikszereda.<\/p>\n<\/div>\n<p><a href=\"https:\/\/www.sport.ro\/europa-league\/tarnovanu-nu-s-a-ferit-de-cuvinte-daca-vezi-ca-suntem-la-pamant-nu-mai-da-si-tu-ce-a-spus-despre-matei-popa.html\" class=\"button purchase\" rel=\"nofollow noopener\" target=\"_blank\">Read More<\/a><\/p>\n","protected":false},"excerpt":{"rendered":"<p>FCSB \u0219i Fenerbahce s-au \u00eent\u00e2lnit pe Arena Na\u021bional\u0103, \u00een ultima etap\u0103 din faza principal\u0103 a Europa League. De\u0219i \u0219ansele de calificare erau minime, echipa antrenat\u0103 [&hellip;]<\/p>\n","protected":false},"author":1,"featured_media":10784,"comment_status":"open","ping_status":"open","sticky":false,"template":"","format":"standard","meta":{"_monsterinsights_skip_tracking":false,"footnotes":""},"categories":[7],"tags":[],"class_list":["post-10783","post","type-post","status-publish","format-standard","has-post-thumbnail","hentry","category-sports"],"aioseo_notices":[],"_links":{"self":[{"href":"https:\/\/info-eforie.ro\/index.php\/wp-json\/wp\/v2\/posts\/10783","targetHints":{"allow":["GET"]}}],"collection":[{"href":"https:\/\/info-eforie.ro\/index.php\/wp-json\/wp\/v2\/posts"}],"about":[{"href":"https:\/\/info-eforie.ro\/index.php\/wp-json\/wp\/v2\/types\/post"}],"author":[{"embeddable":true,"href":"https:\/\/info-eforie.ro\/index.php\/wp-json\/wp\/v2\/users\/1"}],"replies":[{"embeddable":true,"href":"https:\/\/info-eforie.ro\/index.php\/wp-json\/wp\/v2\/comments?post=10783"}],"version-history":[{"count":0,"href":"https:\/\/info-eforie.ro\/index.php\/wp-json\/wp\/v2\/posts\/10783\/revisions"}],"wp:featuredmedia":[{"embeddable":true,"href":"https:\/\/info-eforie.ro\/index.php\/wp-json\/wp\/v2\/media\/10784"}],"wp:attachment":[{"href":"https:\/\/info-eforie.ro\/index.php\/wp-json\/wp\/v2\/media?parent=10783"}],"wp:term":[{"taxonomy":"category","embeddable":true,"href":"https:\/\/info-eforie.ro\/index.php\/wp-json\/wp\/v2\/categories?post=10783"},{"taxonomy":"post_tag","embeddable":true,"href":"https:\/\/info-eforie.ro\/index.php\/wp-json\/wp\/v2\/tags?post=10783"}],"curies":[{"name":"wp","href":"https:\/\/api.w.org\/{rel}","templated":true}]}}