{"id":10773,"date":"2026-01-29T03:57:03","date_gmt":"2026-01-29T03:57:03","guid":{"rendered":"https:\/\/info-eforie.ro\/index.php\/2026\/01\/29\/tinerii-evrei-si-antisemitismul-sa-nu-iesi-in-evidenta\/"},"modified":"2026-01-29T03:57:03","modified_gmt":"2026-01-29T03:57:03","slug":"tinerii-evrei-si-antisemitismul-sa-nu-iesi-in-evidenta","status":"publish","type":"post","link":"https:\/\/info-eforie.ro\/index.php\/2026\/01\/29\/tinerii-evrei-si-antisemitismul-sa-nu-iesi-in-evidenta\/","title":{"rendered":"Tinerii evrei \u0219i antisemitismul: S\u0103 nu ie\u0219i \u00een eviden\u021b\u0103"},"content":{"rendered":"<div>\n<h2>Evreii din Berlin se confrunt\u0103 cu un antisemitism accentuat \u0219i au devenit precau\u021bi \u00een via\u021ba de zi cu zi. Nu pu\u021bini dintre ei privesc cu un anumit scepticism ritualurile oficiale de comemorare a Holocaustului.<\/h2>\n<div><picture loading=\"eager\" width=\"1400\" height=\"613\" alt=\"B\u0103rbat poart\u0103 kippa la o demonstra\u021bie la Berlin \u00een octombrie 2023\"><source type=\"image\/webp\"  media=\"(min-width: 1400px)\"><source type=\"image\/webp\"  media=\"(min-width: 1000px)\"><source type=\"image\/webp\"  media=\"(min-width: 700px)\"><img fetchpriority=\"high\" decoding=\"async\" src=\"https:\/\/cdn.adh.reperio.news\/image-3\/3225d7c0-c126-4105-bc69-3db105ff1ca7\/index.webp?p=a%3D1%26co%3D1.05%26w%3D700%26h%3D613%26r%3Dcontain%26f%3Dwebp\" alt=\"B\u0103rbat poart\u0103 kippa la o demonstra\u021bie la Berlin \u00een octombrie 2023\" width=\"1400\" height=\"613\" loading=\"eager\"><\/picture>\n<p>B\u0103rbat poart\u0103 kippa la o demonstra\u021bie la Berlin \u00een octombrie 2023<\/p>\n<\/div>\n<p>El nu este, m\u0103rturise\u015fte\u00a0Tim Kurockin, \u201ereligios\u201d. \u0218i asta este, \u00een aceast\u0103 situa\u021bie, poate, \u201eun privilegiu\u201d. Nu poart\u0103 kippa, acoper\u0103m\u00e2ntul evreiesc pentru cap, \u0219i nici steaua\u00a0lui David. \u201eNu sunt vizibil evreu.\u201d<\/p>\n<p>T\u00e2n\u0103rul evreu de 21 de ani a venit la\u00a0<a href=\"https:\/\/www.dw.com\/ro\/berlin\/t-66444424\" rel=\"nofollow\">Berlin<\/a>\u00a0cu pu\u021bin timp \u00eenainte de\u00a0<a href=\"https:\/\/www.dw.com\/ro\/ce-%C3%AEnseamn%C4%83-7-octombrie-2023-pentru-evreii-din-germania\/a-74260659\" rel=\"nofollow\">7 octombrie 2023<\/a>, atacul terorist al\u00a0<a href=\"https:\/\/www.dw.com\/ro\/hamas\/t-67129630\" rel=\"nofollow\">Hamas<\/a>\u00a0asupra\u00a0<a href=\"https:\/\/www.dw.com\/ro\/israel\/t-66669094\" rel=\"nofollow\">Israelului<\/a>. El explic\u0103 acest \u201eprivilegiu\u201d \u00een discu\u021bia cu DW. Are prieteni religio\u0219i care \u201eau fost agresa\u021bi fizic pentru c\u0103 s-a v\u0103zut c\u0103 sunt evrei\u201d.<\/p>\n<p>\u00cen capitala Germaniei, Kurockin studiaz\u0103 la Universitatea de Economie \u0219i Drept. Este implicat \u00een mai multe organiza\u021bii evreie\u0219ti, precum mi\u0219carea Hillel, care \u00ee\u0219i propune s\u0103 creeze o re\u021bea global\u0103 de studen\u021bi evrei, \u0219i \u00een Uniunea Studen\u021bilor Evrei din Germania (JSUD).<\/p>\n<h2>\u201eFoarte precaut prin ora\u0219\u201d<\/h2>\n<p>Kurockin spune c\u0103 \u00een Berlin merge \u201efoarte precaut prin ora\u0219\u201d \u0219i c\u0103 nu le poveste\u0219te \u201eprea multor oameni\u201d c\u0103 este evreu. Dar nu este ca \u0219i cum ar \u201emerge prin Berlin toat\u0103 ziua cu fric\u0103\u201d. Totu\u0219i, la anumite manifesta\u021bii alege s\u0103 ocoleasc\u0103 zona. Acolo sunt afi\u0219ate foarte des\u00a0<a href=\"https:\/\/www.dw.com\/ro\/antisemitism\/t-66607194\" rel=\"nofollow\">bannere antisemite<\/a>\u00a0\u0219i sunt strigate lozinci antisemite. Cine cheam\u0103 acolo la Intifada, spune el, cheam\u0103 la uciderea evreicelor \u0219i evreilor.<\/p>\n<p>Via\u021ba evreiasc\u0103 \u00een Berlin, iudaismul vizibil, se desf\u0103\u015foar\u0103 de zeci de ani \u00een mare parte sub protec\u021bie poli\u021bieneasc\u0103. Din toamna anului 2023, situa\u021bia \u00een capitala german\u0103 s-a \u00eenr\u0103ut\u0103\u021bit\u00a0\u015fi mai mult.\u00a0Astfel, \u00een decembrie, la s\u0103rb\u0103toarea festivalului luminilor \u201eHanuka\u201d, cu invita\u021bi din\u00a0<a href=\"https:\/\/www.dw.com\/ro\/bundestag\/t-66345725\" rel=\"nofollow\">Bundestag<\/a>, Pariser Platz din fa\u021ba Por\u021bii Brandenburg p\u0103rea o fort\u0103rea\u021b\u0103. Cu doar c\u00e2\u021biva ani \u00een urm\u0103, trec\u0103torii puteau urm\u0103ri s\u0103rb\u0103toarea de aproape. Acum sunt bariere extinse, controale multiple la intrare, poli\u021bi\u0219ti pe acoperi\u0219uri.<\/p>\n<p>Un semn vizibil a fost \u0219i \u00eenlocuirea barierelor din fa\u021ba institu\u021biilor evreie\u0219ti din mai multe districte ale ora\u0219ului. \u00cen locul gardurilor provizorii, u\u0219or de mutat \u0219i care nu ar fi rezistat unui automobil, se afl\u0103 de c\u00e2teva s\u0103pt\u0103m\u00e2ni bariere masive, montate una l\u00e2ng\u0103 alta.<\/p>\n<div><picture loading=\"lazy\" width=\"1400\" height=\"750\" alt=\"Supraveghere video \u0219i protec\u021bie poli\u021bieneasc\u0103: Liceul Evreiesc Moses Mendelssohn din Berlin\"><source type=\"image\/webp\"  media=\"(min-width: 1400px)\"><source type=\"image\/webp\"  media=\"(min-width: 1000px)\"><source type=\"image\/webp\"  media=\"(min-width: 700px)\"><source type=\"image\/jpeg\"  media=\"(min-width: 1400px)\"><source type=\"image\/jpeg\"  media=\"(min-width: 1000px)\"><source type=\"image\/jpeg\"  media=\"(min-width: 700px)\"><img decoding=\"async\" src=\"https:\/\/cdn.adh.reperio.news\/image-a\/afd43370-6fca-480e-bd72-833cdfb05c5f\/index.jpeg?p=a%3D1%26co%3D1.05%26w%3D700%26h%3D750%26r%3Dcontain%26f%3Dwebp\" alt=\"Supraveghere video \u0219i protec\u021bie poli\u021bieneasc\u0103: Liceul Evreiesc Moses Mendelssohn din Berlin\" width=\"1400\" height=\"750\" loading=\"lazy\"><\/picture>\n<p>Supraveghere video \u0219i protec\u021bie poli\u021bieneasc\u0103: Liceul Evreiesc Moses Mendelssohn din Berlin<\/p>\n<\/div>\n<p>Protec\u021bia poli\u021bieneasc\u0103 exista deja \u00eenainte de 7 octombrie 2023, atacul terorist al Hamas, soldat cu peste 1.200 de persoane ucise \u0219i aproximativ 250 de israelieni r\u0103pi\u021bi ca ostatici. Odat\u0103 cu urm\u0103torul\u00a0<a href=\"https:\/\/www.dw.com\/ro\/doi-ani-de-r%C4%83zboi-%C3%AEn-gaza-ce-a-ob%C8%9Binut-israelul\/a-74257568\" rel=\"nofollow\">r\u0103zboi din Gaza<\/a>, \u00een care \u2013 potrivit Ministerului S\u0103n\u0103t\u0103\u021bii din Gaza,\u00a0<a href=\"https:\/\/www.dw.com\/ro\/orientul-mijlociu-onu-sus%C8%9Bine-dou%C4%83-state-f%C4%83r%C4%83-hamas\/a-73984263\" rel=\"nofollow\">considerat de ONU<\/a>\u00a0\u0219i de numeroase organiza\u021bii pentru drepturile omului drept o surs\u0103 de \u00eencredere \u2013 cel pu\u021bin 70.000 de palestinieni au fost uci\u0219i ca urmare a opera\u021biunilor militare israeliene, amenin\u021b\u0103rile au crescut \u0219i protec\u021bia poli\u021biei a fost intensificat\u0103.<\/p>\n<p>Unii, precum Tim Kurockin, vorbesc despre via\u021ba lor \u00een Berlin, al\u021bii nu. Exist\u0103 \u0219i tineri evrei care spun c\u0103, personal, nu au tr\u0103it ur\u0103.<\/p>\n<p>27 ianuarie este\u00a0ziua comemor\u0103rii victimelor na\u021bional-socialismului iar Kurockin o consider\u0103 \u201eo zi a durerii sincere\u201d. Dar cu unele forme ale comemor\u0103rii\u00a0<a href=\"https:\/\/www.dw.com\/ro\/holocaust\/t-66606900\" rel=\"nofollow\">Holocaustului<\/a>\u00a0\u00een Germania nu poate rezona. Foarte adesea este \u201eaceea\u0219i postare pe re\u021belele sociale, \u00een care oamenii fie scriu \u2018Niciodat\u0103 din nou\u2019, fie posteaz\u0103 o imagine alb-negru cu Auschwitz\u201d, spune el. \u201eNu este suficient. Face\u021bi apoi ceva cu adev\u0103rat \u00eempotriva antisemitismului! \u00cen unele p\u0103r\u021bi ale Germaniei avem situa\u021bia \u00een care un partid de extrem\u0103 dreapta este pe locul doi \u00een sondajele pentru alegerile federale, uneori chiar pe primul loc. Vedem cum cre\u0219te extremismul de st\u00e2nga, antisemitismul legat de Israel. Vedem aceast\u0103 cre\u0219tere constant\u0103 a antisemitismului. Iar din partea politicii nu se face destul.\u201d Astfel, \u201edin cercurile conservatoare de dreapta\u201d, bariera de separare fa\u021b\u0103 de extrema dreapt\u0103 \u201ese tot erodeaz\u0103\u201d. \u00cent\u0103rirea partidului\u00a0<a href=\"https:\/\/www.dw.com\/ro\/afd\/t-50013262\" rel=\"nofollow\">AfD<\/a>, considerat \u00een parte de extrem\u0103 dreapta, \u00eel \u00eengrijoreaz\u0103.<\/p>\n<div><picture loading=\"lazy\" width=\"1400\" height=\"750\" alt=\"Gard de protec\u021bie \u00een fa\u021ba comunit\u0103\u021bii evreie\u0219ti Kahal Adass Jisroel din Berlin-Mitte, octombrie 2023\"><source type=\"image\/webp\"  media=\"(min-width: 1400px)\"><source type=\"image\/webp\"  media=\"(min-width: 1000px)\"><source type=\"image\/webp\"  media=\"(min-width: 700px)\"><source type=\"image\/jpeg\"  media=\"(min-width: 1400px)\"><source type=\"image\/jpeg\"  media=\"(min-width: 1000px)\"><source type=\"image\/jpeg\"  media=\"(min-width: 700px)\"><img decoding=\"async\" src=\"https:\/\/cdn.adh.reperio.news\/image-f\/f8790f6f-0daf-4a89-9b2f-9e7cd9d62281\/index.jpeg?p=a%3D1%26co%3D1.05%26w%3D700%26h%3D750%26r%3Dcontain%26f%3Dwebp\" alt=\"Gard de protec\u021bie \u00een fa\u021ba comunit\u0103\u021bii evreie\u0219ti Kahal Adass Jisroel din Berlin-Mitte, octombrie 2023\" width=\"1400\" height=\"750\" loading=\"lazy\"><\/picture>\n<p>Gard de protec\u021bie \u00een fa\u021ba comunit\u0103\u021bii evreie\u0219ti Kahal Adass Jisroel din Berlin-Mitte, octombrie 2023<\/p>\n<\/div>\n<p>C\u00e2\u021bi evrei tr\u0103iesc \u00een Berlin este greu de spus. Comunitatea evreiasc\u0103 oficial\u0103 din Berlin num\u0103r\u0103 aproximativ 10.000 de membri. Num\u0103rul evreicelor \u0219i al evreilor din ora\u0219 este \u00eens\u0103 mult mai mare \u0219i a crescut din nou odat\u0103 cu fuga evreilor ucraineni din fa\u021ba\u00a0<a href=\"https:\/\/www.dw.com\/ro\/r%C4%83zboi-%C3%AEn-ucraina\/t-18484317\" rel=\"nofollow\">r\u0103zboiului declan\u0219at de Putin<\/a>. Num\u0103rul israelienilor care tr\u0103iesc \u00een Berlin este estimat la \u00eentre 15.000 \u0219i 30.000. Nu se \u0219tie \u00eens\u0103 c\u00e2\u021bi dintre ei sunt mai degrab\u0103 seculari sau religio\u0219i.<\/p>\n<h2>\u201eFoarte repede jignitor\u201d<\/h2>\n<p>Lilach Sofer are 20 de ani, studiaz\u0103 la Potsdam \u0219i locuie\u0219te \u00een\u00a0Berlin. A tr\u0103it ur\u0103 sau amenin\u021b\u0103ri? Pe re\u021belele sociale, spune ea, de ceva vreme aproape c\u0103 nu se mai exprim\u0103 politic \u0219i nu mai r\u0103spunde critic. \u201eAcolo devenea foarte repede jignitor, lipsit de argumente\u201d, spune ea pentru DW.<\/p>\n<p>T\u00e2n\u0103ra evreic\u0103, fiica unei mame israeliene \u0219i a unui tat\u0103 german, subliniaz\u0103 c\u0103 \u00een Berlin se poate tr\u0103i, \u00een mare parte, \u201ecomplet normal\u201d. Nu \u00eei este team\u0103 s\u0103 mearg\u0103 la universitate: \u201e\u00cenc\u0103 e \u00een regul\u0103.\u201d Ea \u00eens\u0103\u0219i se aventureaz\u0103 ocazional \u0219i prin cartiere precum Kreuzberg sau Neuk\u00f6lln, dar are grij\u0103, de exemplu, s\u0103 nu vorbeasc\u0103 tare \u00een ebraic\u0103. Poveste\u0219te destul de calm despre prieteni care au fost amenin\u021ba\u021bi pe strad\u0103 cu cu\u021bitul din acest motiv. Cu destul efort, au reu\u0219it s\u0103 dezamorseze situa\u021bia.<\/p>\n<p>\u0218i, asemenea lui Tim Kurocki, Sofer revine la un detaliu. \u201e\u00cen trecut purtam uneori steaua\u00a0lui David la un lan\u021b. Momentan nu. Trebuie s\u0103 fii nebun, \u00een perioada asta, oriunde \u00een Berlin, s\u0103 por\u021bi un lan\u021b cu steaua lui David\u201d, spune ea.<\/p>\n<p>Riscurile zilnice\u00a0sunt men\u021bionate mereu \u00een discu\u021biile cu tinerii evrei. Posibilitatea unei amenin\u021b\u0103ri, spune \u0219i David Gorelik, este \u201eun g\u00e2nd zilnic\u201d.<\/p>\n<div><picture loading=\"lazy\" width=\"1400\" height=\"750\" alt=\"David Gorelik, student din Berlin\"><source type=\"image\/webp\"  media=\"(min-width: 1400px)\"><source type=\"image\/webp\"  media=\"(min-width: 1000px)\"><source type=\"image\/webp\"  media=\"(min-width: 700px)\"><source type=\"image\/jpeg\"  media=\"(min-width: 1400px)\"><source type=\"image\/jpeg\"  media=\"(min-width: 1000px)\"><source type=\"image\/jpeg\"  media=\"(min-width: 700px)\"><img decoding=\"async\" src=\"https:\/\/cdn.adh.reperio.news\/image-a\/a29eac4f-0647-45e8-84c5-17ecb62f7e06\/index.jpeg?p=a%3D1%26co%3D1.05%26w%3D700%26h%3D750%26r%3Dcontain%26f%3Dwebp\" alt=\"David Gorelik, student din Berlin\" width=\"1400\" height=\"750\" loading=\"lazy\"><\/picture>\n<p>David Gorelik, student din Berlin<\/p>\n<\/div>\n<p>Via\u021ba lui s-a schimbat \u201efoarte, foarte mult\u201d dup\u0103 7 octombrie 2023. T\u00e2n\u0103rul evreu de 21 de ani poveste\u0219te despre implicarea lui \u00een \u201eMeet a Jew\u201d, un proiect al Consiliului Central al Evreilor care \u00ee\u0219i propune s\u0103 faciliteze \u00eent\u00e2lniri personale \u00eentre evrei \u0219i ne-evrei. \u201eAspectele de securitate pe care trebuie s\u0103 le respect\u0103m sunt mult mai stricte dec\u00e2t \u00eenainte\u201d, spune el.<\/p>\n<p>N\u0103scut la Berlin \u0219i membru al Comunit\u0103\u021bii Evreie\u0219ti Chabad Berlin din Wilmersdorf, studiaz\u0103 \u00een prezent asisten\u021b\u0103 social\u0103 evreiasc\u0103. O parte din studii o face la Erfurt, \u00een Turingia, iar cealalt\u0103 parte la Universitatea de Studii Evreie\u0219ti din Heidelberg. Poate c\u0103 a ales \u0219i aceast\u0103 universitate fiindc\u0103 \u201eacolo sunt \u00eentr-o \u2018bul\u0103\u2019 \u00een care sunt protejat\u201d. Acolo nu este nicio problem\u0103\u00a0<a href=\"https:\/\/www.dw.com\/ro\/antisemitism-%C3%AEn-universit%C4%83%C5%A3i-germane\/a-71794471\" rel=\"nofollow\">s\u0103 poarte kippa \u00een sala de curs<\/a>.<\/p>\n<h2>\u201eS\u0103 st\u0103m \u00eempreun\u0103, uni\u021bi\u201d<\/h2>\n<p>Dup\u0103 octombrie 2023, \u00een contextul mai multor atacuri \u0219i aici, \u00een Germania, nu pu\u021bini s-au \u00eentrebat dac\u0103 via\u021ba evreiasc\u0103 \u00een Germania mai are vreun sens, poveste\u0219te el. El are \u00eens\u0103 o alt\u0103 opinie. \u201eAre sens. Po\u021bi alunga \u00eentunericul cu lumin\u0103. Pentru asta exist\u0103m. \u0218i vrem s\u0103 st\u0103m \u00eempreun\u0103, uni\u021bi.\u201d<\/p>\n<div><picture loading=\"lazy\" width=\"1400\" height=\"750\" alt=\"Aprinderea lum\u00e2n\u0103rilor de Hanuka, \u00een decembrie, la Poarta Brandenburg, cu pre\u0219edinta Bundestagului\"><source type=\"image\/webp\"  media=\"(min-width: 1400px)\"><source type=\"image\/webp\"  media=\"(min-width: 1000px)\"><source type=\"image\/webp\"  media=\"(min-width: 700px)\"><source type=\"image\/jpeg\"  media=\"(min-width: 1400px)\"><source type=\"image\/jpeg\"  media=\"(min-width: 1000px)\"><source type=\"image\/jpeg\"  media=\"(min-width: 700px)\"><img decoding=\"async\" src=\"https:\/\/cdn.adh.reperio.news\/image-b\/b6a2dde3-047f-41ac-8efc-c7d71267e6b8\/index.jpeg?p=a%3D1%26co%3D1.05%26w%3D700%26h%3D750%26r%3Dcontain%26f%3Dwebp\" alt=\"Aprinderea lum\u00e2n\u0103rilor de Hanuka, \u00een decembrie, la Poarta Brandenburg, cu pre\u0219edinta Bundestagului\" width=\"1400\" height=\"750\" loading=\"lazy\"><\/picture>\n<p>Aprinderea lum\u00e2n\u0103rilor de Hanuka, \u00een decembrie, la Poarta Brandenburg, cu pre\u0219edinta Bundestagului<\/p>\n<\/div>\n<p>Gorelik subliniaz\u0103 c\u0103, mai ales \u00een ultimii cinci ani, via\u021ba evreiasc\u0103 din Germania \u201ea crescut enorm\u201d \u0219i are ast\u0103zi \u201eo infrastructur\u0103 cu adev\u0103rat solid\u0103\u201d. Exemplele sunt cunoscute: \u00eentre timp, fiecare capital\u0103 de land are o sinagog\u0103,\u00a0<a href=\"https:\/\/www.dw.com\/ro\/bundeswehr\/t-72175162\" rel=\"nofollow\">Bundeswehr<\/a>-ul a \u00eenfiin\u021bat capelania militar\u0103 evreiasc\u0103, iar comunitatea Chabad din Berlin a \u00eenfiin\u0163at un campus evreiesc, conceput s\u0103 fie deschis \u00een mod explicit societ\u0103\u021bii ora\u0219ului.<\/p>\n<p>Chiar dac\u0103 recunoa\u0219te c\u0103 \u00een unele discu\u021bii este mai precaut atunci c\u00e2nd vorbe\u0219te despre Israel sau situa\u021bia din\u00a0<a href=\"https:\/\/www.dw.com\/ro\/conflictul-din-orientul-mijlociu\/t-73204527\" rel=\"nofollow\">Orientul Mijlociu<\/a>, Gorelik d\u0103 un exemplu concret c\u0103 dore\u0219te s\u0103 fie vizibil: dup\u0103 7 octombrie, a decis personal s\u0103 \u00ee\u0219i poarte \u201etzitziot\u201d-urile (ciucurii religio\u0219i purta\u021bi de b\u0103rba\u021bii evrei la col\u021burile unui ve\u0219m\u00e2nt) \u201ela vedere, c\u00e2t se poate de vizibil. Pentru c\u0103 antisemi\u021bii vor s\u0103 ne preseze s\u0103 ne ascundem.\u201d<\/p>\n<div><picture loading=\"lazy\" width=\"1400\" height=\"750\" alt=\"O demonstra\u021bie de solidaritate cu Israel, \u00een noiembrie 2023, la Berlin\"><source type=\"image\/webp\"  media=\"(min-width: 1400px)\"><source type=\"image\/webp\"  media=\"(min-width: 1000px)\"><source type=\"image\/webp\"  media=\"(min-width: 700px)\"><source type=\"image\/jpeg\"  media=\"(min-width: 1400px)\"><source type=\"image\/jpeg\"  media=\"(min-width: 1000px)\"><source type=\"image\/jpeg\"  media=\"(min-width: 700px)\"><img decoding=\"async\" src=\"https:\/\/cdn.adh.reperio.news\/image-5\/548f8c4c-3666-4f67-b131-fa6c01ec1b41\/index.jpeg?p=a%3D1%26co%3D1.05%26w%3D700%26h%3D750%26r%3Dcontain%26f%3Dwebp\" alt=\"O demonstra\u021bie de solidaritate cu Israel, \u00een noiembrie 2023, la Berlin\" width=\"1400\" height=\"750\" loading=\"lazy\"><\/picture>\n<p>O demonstra\u021bie de solidaritate cu Israel, \u00een noiembrie 2023, la Berlin<\/p>\n<\/div>\n<p>Nici cu acel \u201eNiciodat\u0103 din nou\u201d al comemor\u0103rilor oficiale nu se \u00eempac\u0103 pe deplin. El crede c\u0103 \u201er\u0103ul era deja f\u0103cut de mult\u0103 vreme\u201d. Sper\u0103 \u00eens\u0103 c\u0103 vor exista mult mai multe ocazii de dialog, pentru ca oamenii care nu \u0219tiu absolut nimic despre iudaism s\u0103 poat\u0103 \u00eent\u00e2lni evrei, s\u0103 le cunoasc\u0103 via\u021ba de zi cu zi \u0219i grijile \u2013 \u201econtra tuturor prejudec\u0103\u021bilor\u201d.<\/p>\n<p>T\u00e2n\u0103rul de 21 de ani men\u021bioneaz\u0103 un aspect din cauza c\u0103ruia ar putea, eventual, s\u0103 p\u0103r\u0103seasc\u0103 Germania \u0219i s\u0103 plece \u00een Israel: \u201eNu din cauza antisemitismului, ci dintr-un motiv politic\u201d, adic\u0103 dac\u0103 AfD ar ajunge s\u0103 dea cancelarul federal.<\/p>\n<p>Felul \u00een care oamenii gestioneaz\u0103 ura \u0219i temerile se schimb\u0103, iar acest lucru \u00eei schimb\u0103 \u0219i pe ei. Aceast\u0103 observa\u021bie o \u00eemp\u0103rt\u0103\u0219e\u0219te \u0219i Andrea von Treuenfeld. Jurnalista berlinez\u0103 a scris o serie de c\u0103r\u021bi despre via\u021ba evreiasc\u0103, printre care \u0219i volumul de interviuri \u201eIsraelieni la Berlin dup\u0103 7 octombrie\u201d.<\/p>\n<h2>\u201e\u0218ocul nu a fost uitat\u201d<\/h2>\n<p>Autoarea vede mai multe etape. \u201e\u0218ocul din primele luni, c\u00e2nd unele dintre locuin\u021bele lor au fost marcate cu steaua lui David \u0219i c\u00e2nd au fost ataca\u021bi \u00een universit\u0103\u021bi, c\u00e2nd nu \u00ee\u0219i spuneau adev\u0103ratul nume la Uber sau c\u00e2nd proprietarii de restaurante israeliene au fost cople\u0219i\u021bi cu lozinci de ur\u0103 \u2013 acest \u0219oc nu a fost uitat, dar s-a estompat\u201d, spune von Treuenfeld pentru DW.<\/p>\n<p>Acum, de\u0219i num\u0103rul agresiunilor antisemite este \u00een continuare \u00een cre\u0219tere, autoarea vede reac\u021biile diferit: multe evreice \u0219i mul\u021bi evrei se simt din nou \u201erelativ \u00een siguran\u021b\u0103\u201d \u0219i se deplaseaz\u0103 prin ora\u0219 f\u0103r\u0103 team\u0103. Al\u021bii \u00eens\u0103 \u201eevit\u0103, spre deosebire de perioada dinainte de 7 octombrie, \u00een mod foarte con\u0219tient spa\u021biul public\u201d.<\/p>\n<p><a href=\"https:\/\/www.dw.com\/ro\/tinerii-evrei-din-berlin-%C8%99i-antisemitismul-s%C4%83-nu-ie%C8%99i-%C3%AEn-eviden%C8%9B%C4%83\/a-75657945\" rel=\"nofollow\"><b>Christoph Strack &#8211; DW<\/b><\/a><\/p>\n<\/p><\/div>\n<p><a href=\"https:\/\/adevarul.ro\/blogurile-adevarul\/tinerii-evrei-si-antisemitismul-sa-nu-iesi-in-2504119.html\" class=\"button purchase\" rel=\"nofollow noopener\" target=\"_blank\">Read More<\/a><\/p>\n","protected":false},"excerpt":{"rendered":"<p>Evreii din Berlin se confrunt\u0103 cu un antisemitism accentuat \u0219i au devenit precau\u021bi \u00een via\u021ba de zi cu zi. Nu pu\u021bini dintre ei privesc cu [&hellip;]<\/p>\n","protected":false},"author":1,"featured_media":10774,"comment_status":"open","ping_status":"open","sticky":false,"template":"","format":"standard","meta":{"_monsterinsights_skip_tracking":false,"footnotes":""},"categories":[6],"tags":[],"class_list":["post-10773","post","type-post","status-publish","format-standard","has-post-thumbnail","hentry","category-popular"],"aioseo_notices":[],"_links":{"self":[{"href":"https:\/\/info-eforie.ro\/index.php\/wp-json\/wp\/v2\/posts\/10773","targetHints":{"allow":["GET"]}}],"collection":[{"href":"https:\/\/info-eforie.ro\/index.php\/wp-json\/wp\/v2\/posts"}],"about":[{"href":"https:\/\/info-eforie.ro\/index.php\/wp-json\/wp\/v2\/types\/post"}],"author":[{"embeddable":true,"href":"https:\/\/info-eforie.ro\/index.php\/wp-json\/wp\/v2\/users\/1"}],"replies":[{"embeddable":true,"href":"https:\/\/info-eforie.ro\/index.php\/wp-json\/wp\/v2\/comments?post=10773"}],"version-history":[{"count":0,"href":"https:\/\/info-eforie.ro\/index.php\/wp-json\/wp\/v2\/posts\/10773\/revisions"}],"wp:featuredmedia":[{"embeddable":true,"href":"https:\/\/info-eforie.ro\/index.php\/wp-json\/wp\/v2\/media\/10774"}],"wp:attachment":[{"href":"https:\/\/info-eforie.ro\/index.php\/wp-json\/wp\/v2\/media?parent=10773"}],"wp:term":[{"taxonomy":"category","embeddable":true,"href":"https:\/\/info-eforie.ro\/index.php\/wp-json\/wp\/v2\/categories?post=10773"},{"taxonomy":"post_tag","embeddable":true,"href":"https:\/\/info-eforie.ro\/index.php\/wp-json\/wp\/v2\/tags?post=10773"}],"curies":[{"name":"wp","href":"https:\/\/api.w.org\/{rel}","templated":true}]}}