{"id":10765,"date":"2026-01-29T03:57:07","date_gmt":"2026-01-29T03:57:07","guid":{"rendered":"https:\/\/info-eforie.ro\/index.php\/2026\/01\/29\/mihai-bendeac-mesaj-dupa-aparitia-calare-de-la-gala-florin-piersic-cum-exact-cred-ei-ca-a-fost-regizat\/"},"modified":"2026-01-29T03:57:07","modified_gmt":"2026-01-29T03:57:07","slug":"mihai-bendeac-mesaj-dupa-aparitia-calare-de-la-gala-florin-piersic-cum-exact-cred-ei-ca-a-fost-regizat","status":"publish","type":"post","link":"https:\/\/info-eforie.ro\/index.php\/2026\/01\/29\/mihai-bendeac-mesaj-dupa-aparitia-calare-de-la-gala-florin-piersic-cum-exact-cred-ei-ca-a-fost-regizat\/","title":{"rendered":"Mihai Bendeac, mesaj dup\u0103 apari\u021bia c\u0103lare de la gala Florin Piersic: \u201eCum exact cred ei c\u0103 a fost regizat?\u201d"},"content":{"rendered":"<div>\n<p>Mihai Bendeac a transmis un mesaj pe re\u021belele de socializare dup\u0103 momentul s\u0103u de la gala aniversar\u0103 dedicat\u0103 lui Florin Piersic, organizat\u0103 la Teatrul Na\u021bional din Bucure\u0219ti, cu prilejul \u00eemplinirii a 90 de ani de c\u0103tre marele actor.<\/p>\n<div><picture loading=\"eager\" width=\"1400\" height=\"750\" alt=\"Momentul lui Mihai Bendeac a st\u00e2rnit hohote de r\u00e2s. FOTO: Facebook \/ Mihai Bendeac\"><source type=\"image\/webp\"  media=\"(min-width: 1400px)\"><source type=\"image\/webp\"  media=\"(min-width: 1000px)\"><source type=\"image\/webp\"  media=\"(min-width: 700px)\"><source type=\"image\/png\"  media=\"(min-width: 1400px)\"><source type=\"image\/png\"  media=\"(min-width: 1000px)\"><source type=\"image\/png\"  media=\"(min-width: 700px)\"><img fetchpriority=\"high\" decoding=\"async\" src=\"https:\/\/cdn.adh.reperio.news\/image-0\/0b51682c-1342-4add-a85d-a159acc4a2a3\/index.png?p=a%3D1%26co%3D1.05%26w%3D700%26h%3D750%26r%3Dcontain%26f%3Dwebp\" alt=\"Momentul lui Mihai Bendeac a st\u00e2rnit hohote de r\u00e2s. FOTO: Facebook \/ Mihai Bendeac\" width=\"1400\" height=\"750\" loading=\"eager\"><\/picture>\n<p>Momentul lui Mihai Bendeac a st\u00e2rnit hohote de r\u00e2s. FOTO: Facebook \/ Mihai Bendeac<\/p>\n<\/div>\n<p>Florin Piersic a fost s\u0103rb\u0103torit pe 26 ianuarie, cu o zi \u00eenainte de aniversarea oficial\u0103, \u00een cadrul Galei Aniversare \u2013 Florin Piersic 90, unde colegi de scen\u0103, prieteni \u0219i fani i-au fost al\u0103turi. Printre cei care au urcat pe scen\u0103 s-au num\u0103rat Marius Florea Vizante, Claudiu Bleon\u021b, Medeea Marinescu, George Iva\u0219cu \u0219i\u00a0<a href=\"https:\/\/adevarul.ro\/showbiz\/vedete\/am-atins-fericirea-mihai-bendeac-cucerit-de-2479557.html\">Mihai Bendeac.<\/a><\/p>\n<p>Cel din urm\u0103 a oferit unul dintre cele mai comentate momente ale serii. Costumat \u00een M\u0103rgelatu \u0219i c\u0103lare pe un cal, Mihai Bendeac a ap\u0103rut pe scena Teatrului Na\u021bional, \u00eens\u0103 momentul a devenit inedit \u00eenc\u0103 de la \u00eenceput, dup\u0103 ce animalul s-a comportat \u201e<i>ca \u00een grajd\u201d,<\/i> spre amuzamentul publicului, dar \u0219i spre disconfortul unora dintre cei prezen\u021bi.<\/p>\n<p>Dup\u0103 eveniment, \u00een spa\u021biul public au ap\u0103rut specula\u021bii potrivit c\u0103rora \u00eentregul moment ar fi fost regizat. Mihai Bendeac a reac\u021bionat pe Facebook, resping\u00e2nd aceast\u0103 idee \u0219i ironiz\u00e2nd ipoteza.<\/p>\n<p><i>\u201e\u00cen\u021beleg c\u0103 exist\u0103 cet\u0103\u021beni care cred c\u0103 ce s-a \u00eent\u00e2mplat asear\u0103 a fost regizat. Eu sunt curios, \u00eens\u0103, cum exact cred ei c\u0103 s-a \u00eent\u00e2mplat regia?\u00a0 Dincolo de asta\u2026 La mul\u021bi ani, Florin Piersic! Mul\u021bumesc, me\u0219tere, pentru toat\u0103 bucuria adus\u0103 oamenilor! Plec\u0103ciuni\u201d, <\/i>a scris actorul.<\/p>\n<h2>Declara\u021bii emo\u021bionante pe scen\u0103<\/h2>\n<p><a href=\"https:\/\/adevarul.ro\/showbiz\/vedete\/am-atins-fericirea-mihai-bendeac-cucerit-de-2479557.html\">Momentul lui Mihai Bendeac<\/a>\u00a0a st\u00e2rnit hohote de r\u00e2s at\u00e2t \u00een sal\u0103, c\u00e2t \u0219i pe scen\u0103. Actorul a f\u0103cut mai multe glume, iar spre final a cobor\u00e2t de pe cal \u0219i i-a s\u0103rutat m\u00e2na lui Florin Piersic, adres\u00e2ndu-i un discurs emo\u021bionant.<\/p>\n<p><i>\u201eNu cred c\u0103 exist\u0103 topuri pentru actori, care sunt mai mari sau mai buni profesional, dar cred c\u0103 putem s\u0103 ne g\u00e2ndim care actor e cel mai iubit\u201d,<\/i> a spus Bendeac.<\/p>\n<div data-props=\"%7B%22data%22%3A%7B%22caption%22%3A%22%22%2C%22embed%22%3A%22https%3A%2F%2Fwww.youtube.com%2Fembed%2FIdiidi8ZfEM%22%2C%22height%22%3A320%2C%22service%22%3A%22youtube%22%2C%22source%22%3A%22https%3A%2F%2Fyoutu.be%2FIdiidi8ZfEM%22%2C%22width%22%3A580%7D%2C%22id%22%3A%22Y51XI5Aodn%22%2C%22type%22%3A%22embed%22%2C%22lines%22%3A10%2C%22linesAbove%22%3A71%2C%22index%22%3A10%2C%22paragraphsAbove%22%3A7%2C%22percentage%22%3A0.8658536585365854%2C%22linesBellow%22%3A11%7D\" data-context=\"%7B%22parentBlockColumnCount%22%3A%7B%22value%22%3A0%2C%22type%22%3A%22store%2Freadable%22%7D%2C%22parentBlockBackgroundColor%22%3A%7B%22type%22%3A%22store%2Freadable%22%7D%7D\" data-component=\"EditorEmbedViewDefault\">\n<p><iframe src=\"https:\/\/www.youtube.com\/embed\/Idiidi8ZfEM\" width=\"580\" allowfullscreen title=\"embed media\" loading=\"lazy\"><\/iframe><\/p>\n<\/div>\n<p>Acesta a m\u0103rturisit c\u0103 rela\u021bia lui Florin Piersic cu publicul a fost pentru el un model.\u00a0<\/p>\n<p><i>\u201eDe c\u00e2nd m\u0103 \u0219tiu pe aceast\u0103 lume \u0219i \u00een aceast\u0103 profesie, eu m-am uitat la dumneavoastr\u0103 ca la Dumnezeu \u0219i rela\u021bia pe care a\u021bi dezvoltat-o cu publicul mi se pare absolut unic\u0103. Nu am s\u0103 ajung niciodat\u0103 at\u00e2t de iubit\u201d, <\/i>a spus Bendeac.\u00a0<\/p>\n<p>Gala aniversar\u0103 a fost un omagiu adus carierei impresionante a lui Florin Piersic, unul dintre cei mai iubi\u021bi actori rom\u00e2ni, iar momentul lui Mihai Bendeac a r\u0103mas printre cele mai discutate episoade ale serii.<\/p>\n<\/p><\/div>\n<p><a href=\"https:\/\/adevarul.ro\/showbiz\/vedete\/mihai-bendeac-mesaj-dupa-aparitia-calare-de-la-2504125.html\" class=\"button purchase\" rel=\"nofollow noopener\" target=\"_blank\">Read More<\/a><\/p>\n","protected":false},"excerpt":{"rendered":"<p>Mihai Bendeac a transmis un mesaj pe re\u021belele de socializare dup\u0103 momentul s\u0103u de la gala aniversar\u0103 dedicat\u0103 lui Florin Piersic, organizat\u0103 la Teatrul Na\u021bional [&hellip;]<\/p>\n","protected":false},"author":1,"featured_media":10766,"comment_status":"open","ping_status":"open","sticky":false,"template":"","format":"standard","meta":{"_monsterinsights_skip_tracking":false,"footnotes":""},"categories":[6],"tags":[],"class_list":["post-10765","post","type-post","status-publish","format-standard","has-post-thumbnail","hentry","category-popular"],"aioseo_notices":[],"_links":{"self":[{"href":"https:\/\/info-eforie.ro\/index.php\/wp-json\/wp\/v2\/posts\/10765","targetHints":{"allow":["GET"]}}],"collection":[{"href":"https:\/\/info-eforie.ro\/index.php\/wp-json\/wp\/v2\/posts"}],"about":[{"href":"https:\/\/info-eforie.ro\/index.php\/wp-json\/wp\/v2\/types\/post"}],"author":[{"embeddable":true,"href":"https:\/\/info-eforie.ro\/index.php\/wp-json\/wp\/v2\/users\/1"}],"replies":[{"embeddable":true,"href":"https:\/\/info-eforie.ro\/index.php\/wp-json\/wp\/v2\/comments?post=10765"}],"version-history":[{"count":0,"href":"https:\/\/info-eforie.ro\/index.php\/wp-json\/wp\/v2\/posts\/10765\/revisions"}],"wp:featuredmedia":[{"embeddable":true,"href":"https:\/\/info-eforie.ro\/index.php\/wp-json\/wp\/v2\/media\/10766"}],"wp:attachment":[{"href":"https:\/\/info-eforie.ro\/index.php\/wp-json\/wp\/v2\/media?parent=10765"}],"wp:term":[{"taxonomy":"category","embeddable":true,"href":"https:\/\/info-eforie.ro\/index.php\/wp-json\/wp\/v2\/categories?post=10765"},{"taxonomy":"post_tag","embeddable":true,"href":"https:\/\/info-eforie.ro\/index.php\/wp-json\/wp\/v2\/tags?post=10765"}],"curies":[{"name":"wp","href":"https:\/\/api.w.org\/{rel}","templated":true}]}}