{"id":10734,"date":"2026-01-28T02:57:04","date_gmt":"2026-01-28T02:57:04","guid":{"rendered":"https:\/\/info-eforie.ro\/index.php\/2026\/01\/28\/povestea-lui-edward-hamel-primul-evreu-din-istoria-echipei-ajax-amsterdam-care-a-murit-la-auschwitz\/"},"modified":"2026-01-28T02:57:04","modified_gmt":"2026-01-28T02:57:04","slug":"povestea-lui-edward-hamel-primul-evreu-din-istoria-echipei-ajax-amsterdam-care-a-murit-la-auschwitz","status":"publish","type":"post","link":"https:\/\/info-eforie.ro\/index.php\/2026\/01\/28\/povestea-lui-edward-hamel-primul-evreu-din-istoria-echipei-ajax-amsterdam-care-a-murit-la-auschwitz\/","title":{"rendered":"Povestea lui Edward Hamel, primul evreu din istoria echipei Ajax Amsterdam care a murit la Auschwitz"},"content":{"rendered":"<div>\n<p>Povestea lui Edward \u201eEddy\u201d Hamel, la fel ca cea a lui Arpad Weisz (Inter, Bologna) \u0219i a altor sportivi care au fost victime ale Holocaustului, este cunoscut\u0103. Numele lor revine \u00een rug\u0103ciuni de Ziua Comemor\u0103rii Holocaustului, 27 ianuarie.<\/p>\n<div><picture loading=\"eager\" width=\"1400\" height=\"750\" alt=\"Edward Hamel a jucat pentru Ajax Amsterdam   FOTO Facebook\"><source type=\"image\/webp\"  media=\"(min-width: 1400px)\"><source type=\"image\/webp\"  media=\"(min-width: 1000px)\"><source type=\"image\/webp\"  media=\"(min-width: 700px)\"><source type=\"image\/jpeg\"  media=\"(min-width: 1400px)\"><source type=\"image\/jpeg\"  media=\"(min-width: 1000px)\"><source type=\"image\/jpeg\"  media=\"(min-width: 700px)\"><img fetchpriority=\"high\" decoding=\"async\" src=\"https:\/\/cdn.adh.reperio.news\/image-b\/bb318c81-c072-4d9a-b5ed-174b17abba9e\/index.jpeg?p=a%3D1%26co%3D1.05%26w%3D700%26h%3D750%26r%3Dcontain%26f%3Dwebp\" alt=\"Edward Hamel a jucat pentru Ajax Amsterdam   FOTO Facebook\" width=\"1400\" height=\"750\" loading=\"eager\"><\/picture>\n<p>Edward Hamel a jucat pentru Ajax Amsterdam   FOTO Facebook<\/p>\n<\/div>\n<p>Eddy s-a n\u0103scut la New York \u00een 1902, fiul unor p\u0103rin\u021bi olandezi care s-au \u00eentors \u00een patria lor \u00een 1903. Tat\u0103l Mozes era \u0219lefuitor de diamante. Ca talent al echipei Amsterdamsche FC, Eddy a \u0219utat o minge prin ferestrele vestiarului rivalei Ajax. \u00cengrijitorul l-a apucat de ureche \u0219i l-a aruncat \u00eentr-un p\u00e2r\u00e2u \u00eenghe\u021bat. <\/p>\n<p>Apoi, \u00eens\u0103, Ajax i-a dat un tricou. Fanii s-au \u00eendr\u0103gostit imediat de aceast\u0103 extrem\u0103 care producea spectacol. Au fondat un club special pentru. \u00cel numeau \u201eT\u00e2n\u0103rul Berbec\u201d. A fost primul evreu din istoria clubului.<\/p>\n<p> \u00centr-o diminea\u021b\u0103 din 1942, a fost arestat pentru c\u0103 a p\u0103r\u0103sit clubul f\u0103r\u0103 steaua sa galben\u0103. So\u021bia, copiii \u0219i p\u0103rin\u021bii s\u0103i au fost imediat extermina\u021bi de nazi\u0219ti. A fost trimis la Auschwitz. <\/p>\n<p>\u00centr-o zi, englezul Leon Greenman, un coleg de munc\u0103 for\u021bat\u0103 \u0219i camarad, a remarcat \u00eengrijorat: \u201e<i>Ai fa\u021ba umflat\u0103<\/i>\u201d. Un abces. \u00cen timpul inspec\u021biei, Eddy s-a mutat de la r\u00e2ndul muncitorilor la cel care se \u00eendrepta spre du\u0219urile cu gaz. A ie\u0219it din co\u0219ul unui crematoriu. <\/p>\n<p>La num\u0103rul 145 de pe Rijstraat, Amsterdam, exist\u0103 o piatr\u0103 care \u00eel comemoreaz\u0103.\u00a0<\/p>\n<\/p><\/div>\n<p><a href=\"https:\/\/adevarul.ro\/sport\/povestea-lui-edward-hamel-primul-evreu-din-2503803.html\" class=\"button purchase\" rel=\"nofollow noopener\" target=\"_blank\">Read More<\/a><\/p>\n","protected":false},"excerpt":{"rendered":"<p>Povestea lui Edward \u201eEddy\u201d Hamel, la fel ca cea a lui Arpad Weisz (Inter, Bologna) \u0219i a altor sportivi care au fost victime ale Holocaustului, [&hellip;]<\/p>\n","protected":false},"author":1,"featured_media":10735,"comment_status":"open","ping_status":"open","sticky":false,"template":"","format":"standard","meta":{"_monsterinsights_skip_tracking":false,"footnotes":""},"categories":[6],"tags":[],"class_list":["post-10734","post","type-post","status-publish","format-standard","has-post-thumbnail","hentry","category-popular"],"aioseo_notices":[],"_links":{"self":[{"href":"https:\/\/info-eforie.ro\/index.php\/wp-json\/wp\/v2\/posts\/10734","targetHints":{"allow":["GET"]}}],"collection":[{"href":"https:\/\/info-eforie.ro\/index.php\/wp-json\/wp\/v2\/posts"}],"about":[{"href":"https:\/\/info-eforie.ro\/index.php\/wp-json\/wp\/v2\/types\/post"}],"author":[{"embeddable":true,"href":"https:\/\/info-eforie.ro\/index.php\/wp-json\/wp\/v2\/users\/1"}],"replies":[{"embeddable":true,"href":"https:\/\/info-eforie.ro\/index.php\/wp-json\/wp\/v2\/comments?post=10734"}],"version-history":[{"count":0,"href":"https:\/\/info-eforie.ro\/index.php\/wp-json\/wp\/v2\/posts\/10734\/revisions"}],"wp:featuredmedia":[{"embeddable":true,"href":"https:\/\/info-eforie.ro\/index.php\/wp-json\/wp\/v2\/media\/10735"}],"wp:attachment":[{"href":"https:\/\/info-eforie.ro\/index.php\/wp-json\/wp\/v2\/media?parent=10734"}],"wp:term":[{"taxonomy":"category","embeddable":true,"href":"https:\/\/info-eforie.ro\/index.php\/wp-json\/wp\/v2\/categories?post=10734"},{"taxonomy":"post_tag","embeddable":true,"href":"https:\/\/info-eforie.ro\/index.php\/wp-json\/wp\/v2\/tags?post=10734"}],"curies":[{"name":"wp","href":"https:\/\/api.w.org\/{rel}","templated":true}]}}