{"id":10732,"date":"2026-01-28T02:57:05","date_gmt":"2026-01-28T02:57:05","guid":{"rendered":"https:\/\/info-eforie.ro\/index.php\/2026\/01\/28\/interzicerea-retelelor-sociale-pentru-copiii-sub-15-ani-votata-de-deputatii-francezi\/"},"modified":"2026-01-28T02:57:05","modified_gmt":"2026-01-28T02:57:05","slug":"interzicerea-retelelor-sociale-pentru-copiii-sub-15-ani-votata-de-deputatii-francezi","status":"publish","type":"post","link":"https:\/\/info-eforie.ro\/index.php\/2026\/01\/28\/interzicerea-retelelor-sociale-pentru-copiii-sub-15-ani-votata-de-deputatii-francezi\/","title":{"rendered":"Interzicerea re\u021belelor sociale pentru copiii sub 15 ani, votat\u0103 de deputa\u021bii francezi"},"content":{"rendered":"<div>\n<p>Adunarea Na\u0163ional\u0103 a Fran\u0163ei a aprobat luni, 26 ianuarie, cu o majoritate cov\u00e2r\u015fitoare, articolul cheie al unei propuneri de lege care prevede interzicerea utiliz\u0103rii re\u0163elelor de socializare pentru persoanele sub 15 ani, <a href=\"https:\/\/adevarul.ro\/stiri-interne\/societate\/retelele-sociale-acuzate-ca-pun-profitul-inaintea-2500851.html\">o m\u0103sur\u0103 care vizeaz\u0103 protejarea s\u0103n\u0103t\u0103\u0163ii copiilor \u015fi adolescen\u0163ilor,<\/a> sus\u0163inut\u0103 de guvern \u015fi de pre\u015fedintele Emmanuel Macron, scrie AFP. Textul integral urmeaz\u0103 s\u0103 fie adoptat luni sear\u0103.<\/p>\n<div><picture loading=\"eager\" width=\"1400\" height=\"750\" alt=\"M\u0103sura vizeaz\u0103 protejarea s\u0103n\u0103t\u0103\u0163ii copiilor \u015fi adolescen\u0163ilor. FOTO Shutterstock\"><source type=\"image\/webp\"  media=\"(min-width: 1400px)\"><source type=\"image\/webp\"  media=\"(min-width: 1000px)\"><source type=\"image\/webp\"  media=\"(min-width: 700px)\"><source type=\"image\/jpeg\"  media=\"(min-width: 1400px)\"><source type=\"image\/jpeg\"  media=\"(min-width: 1000px)\"><source type=\"image\/jpeg\"  media=\"(min-width: 700px)\"><img fetchpriority=\"high\" decoding=\"async\" src=\"https:\/\/cdn.adh.reperio.news\/image-5\/5eb28b44-24fd-4a89-94a7-6cc3e4e3ba01\/index.jpeg?p=a%3D1%26co%3D1.05%26w%3D700%26h%3D750%26r%3Dcontain%26f%3Dwebp\" alt=\"M\u0103sura vizeaz\u0103 protejarea s\u0103n\u0103t\u0103\u0163ii copiilor \u015fi adolescen\u0163ilor. FOTO Shutterstock\" width=\"1400\" height=\"750\" loading=\"eager\"><\/picture>\n<p>M\u0103sura vizeaz\u0103 protejarea s\u0103n\u0103t\u0103\u0163ii copiilor \u015fi adolescen\u0163ilor. FOTO Shutterstock<\/p>\n<\/div>\n<p>Deputa\u0163ii din\u00a0Adunarea Na\u0163ional\u0103 a Fran\u0163ei au dat und\u0103 verde unui amendament care prevede c\u0103 \u201e<a href=\"https:\/\/adevarul.ro\/stiri-interne\/societate\/romanii-neputinciosi-in-fata-dezinformarii-de-pe-2487939.html\">accesul la un serviciu de socializare online<\/a><i> furnizat de o platform\u0103 online este interzis minorilor sub cincisprezece ani\u201d,<\/i> potrivit agen\u021biei fraceze, citate de Agerpres.<\/p>\n<p>Cu 116 voturi pentru \u015fi 23 \u00eempotriv\u0103,\u00a0articolul astfel redactat, care prevede intrarea \u00een vigoare \u00een septembrie 2026, a fost adoptat.<\/p>\n<h2>Un alt amendament, considerat \u201eneconform cu dreptul UE\u201d<\/h2>\n<p>Mai exist\u0103 un amendament, adoptat cu o diferen\u0163\u0103 mic\u0103 de voturi, care stabile\u015fte c\u0103 furnizorii de re\u0163ele social<i>e \u201egaranteaz\u0103 c\u0103 minorii nu sunt expu\u015fi unei presiuni comerciale excesive\u201d<\/i> \u015fi interzice <i>\u201epromovarea produselor sau serviciilor susceptibile de a afecta s\u0103n\u0103tatea fizic\u0103 sau mental\u0103 a minorilor&#8221;<\/i> pe re\u0163elele sociale destinate acestora.<\/p>\n<p>\u00a0Laure Miller (Renaissance, centru-dreapta), raportoarea proiectului de lege, \u015fi-a exprimat regretul fa\u0163\u0103 de adoptarea acestui ultim amendament, pe care \u00eel consider\u0103 <i>\u201eneconform cu dreptul Uniunii Europene<\/i>&#8222;, prezent\u00e2nd astfel riscul de a fi \u201e<i>respins de Comisia European\u0103&#8221;. <\/i><\/p>\n<\/p><\/div>\n<p><a href=\"https:\/\/adevarul.ro\/stiri-externe\/europa\/interzicerea-retelelor-sociale-pentru-copiii-sub-2503801.html\" class=\"button purchase\" rel=\"nofollow noopener\" target=\"_blank\">Read More<\/a><\/p>\n","protected":false},"excerpt":{"rendered":"<p>Adunarea Na\u0163ional\u0103 a Fran\u0163ei a aprobat luni, 26 ianuarie, cu o majoritate cov\u00e2r\u015fitoare, articolul cheie al unei propuneri de lege care prevede interzicerea utiliz\u0103rii re\u0163elelor [&hellip;]<\/p>\n","protected":false},"author":1,"featured_media":10733,"comment_status":"open","ping_status":"open","sticky":false,"template":"","format":"standard","meta":{"_monsterinsights_skip_tracking":false,"_monsterinsights_sitenote_active":false,"_monsterinsights_sitenote_note":"","_monsterinsights_sitenote_category":0,"footnotes":""},"categories":[6],"tags":[],"class_list":["post-10732","post","type-post","status-publish","format-standard","has-post-thumbnail","hentry","category-popular"],"aioseo_notices":[],"_links":{"self":[{"href":"https:\/\/info-eforie.ro\/index.php\/wp-json\/wp\/v2\/posts\/10732","targetHints":{"allow":["GET"]}}],"collection":[{"href":"https:\/\/info-eforie.ro\/index.php\/wp-json\/wp\/v2\/posts"}],"about":[{"href":"https:\/\/info-eforie.ro\/index.php\/wp-json\/wp\/v2\/types\/post"}],"author":[{"embeddable":true,"href":"https:\/\/info-eforie.ro\/index.php\/wp-json\/wp\/v2\/users\/1"}],"replies":[{"embeddable":true,"href":"https:\/\/info-eforie.ro\/index.php\/wp-json\/wp\/v2\/comments?post=10732"}],"version-history":[{"count":0,"href":"https:\/\/info-eforie.ro\/index.php\/wp-json\/wp\/v2\/posts\/10732\/revisions"}],"wp:featuredmedia":[{"embeddable":true,"href":"https:\/\/info-eforie.ro\/index.php\/wp-json\/wp\/v2\/media\/10733"}],"wp:attachment":[{"href":"https:\/\/info-eforie.ro\/index.php\/wp-json\/wp\/v2\/media?parent=10732"}],"wp:term":[{"taxonomy":"category","embeddable":true,"href":"https:\/\/info-eforie.ro\/index.php\/wp-json\/wp\/v2\/categories?post=10732"},{"taxonomy":"post_tag","embeddable":true,"href":"https:\/\/info-eforie.ro\/index.php\/wp-json\/wp\/v2\/tags?post=10732"}],"curies":[{"name":"wp","href":"https:\/\/api.w.org\/{rel}","templated":true}]}}