{"id":10706,"date":"2026-01-27T02:55:29","date_gmt":"2026-01-27T02:55:29","guid":{"rendered":"https:\/\/info-eforie.ro\/index.php\/2026\/01\/27\/un-fulger-a-lovit-in-timpul-unei-manifestatii-pro-bolsonaro-89-oameni-au-fost-raniti\/"},"modified":"2026-01-27T02:55:29","modified_gmt":"2026-01-27T02:55:29","slug":"un-fulger-a-lovit-in-timpul-unei-manifestatii-pro-bolsonaro-89-oameni-au-fost-raniti","status":"publish","type":"post","link":"https:\/\/info-eforie.ro\/index.php\/2026\/01\/27\/un-fulger-a-lovit-in-timpul-unei-manifestatii-pro-bolsonaro-89-oameni-au-fost-raniti\/","title":{"rendered":"Un fulger a lovit \u00een timpul unei manifesta\u0163ii pro-Bolsonaro: 89 oameni au fost r\u0103ni\u0163i"},"content":{"rendered":"<div>\n<p>Un fulger a lovit l\u00e2ng\u0103 un miting al sus\u0163in\u0103torilor <a href=\"https:\/\/adevarul.ro\/stiri-externe\/in-lume\/fostul-presedinte-brazilian-bolsonaro-s-a-ranit-in-2499069.html\">fostului pre\u015fedinte de extrem\u0103 dreapta Jair Bolsonaro<\/a>, duminic\u0103, 25 ianuarie, \u00een Brazilia, r\u0103nind 89 de persoane, potrivit pompierilor, noteaz\u0103 AFP.<\/p>\n<p>Pe o ploaie toren\u0163ial\u0103,\u00a0mii de manifestan\u0163i s-au adunat \u00een jurul  Pie\u0163ei Cruzeiro din capitala Bras\u00edlia, pentru a-l sus\u0163ine pe Bolsonaro, <a href=\"https:\/\/adevarul.ro\/stiri-externe\/in-lume\/fostul-presedinte-al-braziliei-si-a-epuizat-toate-2489794.html\">condamnat la 27 de ani de \u00eenchisoare pentru tentativ\u0103 de lovitur\u0103 de stat<\/a> \u015fi de\u0163inut \u00eentr-un centru penitenciar la periferia ora\u015fului, potrivit <a href=\"https:\/\/www.agerpres.ro\/politic-ex\/2026\/01\/26\/update-brazilia-fulgerul-loveste-o-manifestatie-pro-bolsonaro-si-face-89-de-raniti--1605545\" rel=\"nofollow\">Agerpres<\/a>, care citeaz\u0103 agen\u021bia de pres\u0103 str\u0103in\u0103.<\/p>\n<div><picture loading=\"eager\" width=\"1400\" height=\"750\" alt=\"Manifesta\u021bia s-a desf\u0103\u0219urat \u00een condi\u021bii de ploaie. FOTO Nikolas Ferreira \"><source type=\"image\/webp\"  media=\"(min-width: 1400px)\"><source type=\"image\/webp\"  media=\"(min-width: 1000px)\"><source type=\"image\/webp\"  media=\"(min-width: 700px)\"><source type=\"image\/png\"  media=\"(min-width: 1400px)\"><source type=\"image\/png\"  media=\"(min-width: 1000px)\"><source type=\"image\/png\"  media=\"(min-width: 700px)\"><img fetchpriority=\"high\" decoding=\"async\" src=\"https:\/\/cdn.adh.reperio.news\/image-5\/5efacc3a-4edf-4a00-8db3-3b948cc257de\/index.png?p=a%3D1%26co%3D1.05%26w%3D700%26h%3D750%26r%3Dcontain%26f%3Dwebp\" alt=\"Manifesta\u021bia s-a desf\u0103\u0219urat \u00een condi\u021bii de ploaie. FOTO Nikolas Ferreira \" width=\"1400\" height=\"750\" loading=\"eager\"><\/picture>\n<p>Manifesta\u021bia s-a desf\u0103\u0219urat \u00een condi\u021bii de ploaie. FOTO Nikolas Ferreira <\/p>\n<\/div>\n<p>Mul\u0163imea a fost brusc speriat\u0103 de o str\u0103fulgerare de lumin\u0103 \u015fi de un zgomot asurzitor, conform unei \u00eenregistr\u0103ri video difuzate de media locale \u015fi de pe re\u0163elele sociale.<\/p>\n<h2>Mai mul\u021bi r\u0103ni\u021bi necesit\u0103\u00a0\u201e\u00eengrijiri medicale majore&#8221;<\/h2>\n<p>Nu mai pu\u021bin de 89 de persoane au primit \u00eengrijiri la fa\u0163a locului \u00een urma incidentului, au indicat pompierii \u00eentr-un comunicat trimis AFP.\u00a0<\/p>\n<p>Dintre acestea, 47 au fost transportate la spital, 11 necesit\u00e2nd <i>\u201e\u00eengrijiri medicale majore&#8221;.<\/i><\/p>\n<p>Manifesta\u021bia de duminic\u0103 a fost organizat\u0103 de influencerul \u015fi deputat Nikolas Ferreira pentru a reclama <i>\u201eamnistie\u201d\u00a0<\/i>pentru Bolsonaro.<\/p>\n<p>Jair Bolsonaro, \u00een v\u00e2rst\u0103 de 70 de ani, este \u00eencarcerat \u00een complexul penitenciar Papuda la Brasilia. <\/p>\n<p>Fostul pre\u015fedinte al Braziliei sufer\u0103 de probleme grave de s\u0103n\u0103tate, \u00een special din cauza unui atac cu cu\u0163itul suferit \u00een 2018, \u00een plin\u0103 campanie electoral\u0103, care a necesitat mai multe interven\u0163ii chirurgicale complicate.<\/p>\n<\/p><\/div>\n<p><a href=\"https:\/\/adevarul.ro\/stiri-externe\/in-lume\/un-fulger-a-lovit-in-timpul-unei-manifestatii-2503496.html\" class=\"button purchase\" rel=\"nofollow noopener\" target=\"_blank\">Read More<\/a><\/p>\n","protected":false},"excerpt":{"rendered":"<p>Un fulger a lovit l\u00e2ng\u0103 un miting al sus\u0163in\u0103torilor fostului pre\u015fedinte de extrem\u0103 dreapta Jair Bolsonaro, duminic\u0103, 25 ianuarie, \u00een Brazilia, r\u0103nind 89 de persoane, [&hellip;]<\/p>\n","protected":false},"author":1,"featured_media":10707,"comment_status":"open","ping_status":"open","sticky":false,"template":"","format":"standard","meta":{"_monsterinsights_skip_tracking":false,"_monsterinsights_sitenote_active":false,"_monsterinsights_sitenote_note":"","_monsterinsights_sitenote_category":0,"footnotes":""},"categories":[6],"tags":[],"class_list":["post-10706","post","type-post","status-publish","format-standard","has-post-thumbnail","hentry","category-popular"],"aioseo_notices":[],"_links":{"self":[{"href":"https:\/\/info-eforie.ro\/index.php\/wp-json\/wp\/v2\/posts\/10706","targetHints":{"allow":["GET"]}}],"collection":[{"href":"https:\/\/info-eforie.ro\/index.php\/wp-json\/wp\/v2\/posts"}],"about":[{"href":"https:\/\/info-eforie.ro\/index.php\/wp-json\/wp\/v2\/types\/post"}],"author":[{"embeddable":true,"href":"https:\/\/info-eforie.ro\/index.php\/wp-json\/wp\/v2\/users\/1"}],"replies":[{"embeddable":true,"href":"https:\/\/info-eforie.ro\/index.php\/wp-json\/wp\/v2\/comments?post=10706"}],"version-history":[{"count":0,"href":"https:\/\/info-eforie.ro\/index.php\/wp-json\/wp\/v2\/posts\/10706\/revisions"}],"wp:featuredmedia":[{"embeddable":true,"href":"https:\/\/info-eforie.ro\/index.php\/wp-json\/wp\/v2\/media\/10707"}],"wp:attachment":[{"href":"https:\/\/info-eforie.ro\/index.php\/wp-json\/wp\/v2\/media?parent=10706"}],"wp:term":[{"taxonomy":"category","embeddable":true,"href":"https:\/\/info-eforie.ro\/index.php\/wp-json\/wp\/v2\/categories?post=10706"},{"taxonomy":"post_tag","embeddable":true,"href":"https:\/\/info-eforie.ro\/index.php\/wp-json\/wp\/v2\/tags?post=10706"}],"curies":[{"name":"wp","href":"https:\/\/api.w.org\/{rel}","templated":true}]}}