{"id":10703,"date":"2026-01-27T01:56:04","date_gmt":"2026-01-27T01:56:04","guid":{"rendered":"https:\/\/info-eforie.ro\/index.php\/2026\/01\/27\/cum-va-arata-fcsb-dupa-revolutia-lui-gigi-becali\/"},"modified":"2026-01-27T01:56:04","modified_gmt":"2026-01-27T01:56:04","slug":"cum-va-arata-fcsb-dupa-revolutia-lui-gigi-becali","status":"publish","type":"post","link":"https:\/\/info-eforie.ro\/index.php\/2026\/01\/27\/cum-va-arata-fcsb-dupa-revolutia-lui-gigi-becali\/","title":{"rendered":"Cum va ar\u0103ta FCSB dup\u0103 revolu\u021bia lui Gigi Becali"},"content":{"rendered":"<div>\n<p>\u00cen momentul de fa\u021b\u0103, FCSB ocup\u0103 locul 11 \u00een clasament, cu 31 de puncte, la cinci lungimi \u00een urma O\u021belului, ocupanta locului \u0219ase, ultima pozi\u021bie care duce \u00een play-off.<\/p>\n<h2>Gigi Becali face revolu\u021bie: cum ar putea ar\u0103ta FCSB<\/h2>\n<p>Dup\u0103 ani de zile de c\u00e2nd nu a mai f\u0103cut acest lucru, Gigi Becali a luat taurul de coarne \u0219i a mers la baza de preg\u0103tire a echipei pentru a sta de vorb\u0103 cu juc\u0103torii \u0219i pentru a afla ce nu func\u021bioneaz\u0103 la echip\u0103.<\/p>\n<p>La plecare, Gigi Becali a anun\u021bat o decizie extrem de important\u0103 \u00een privin\u021ba viitorului echipei. Finan\u021batorul campioanei Rom\u00e2niei crede c\u0103 una dintre cauzele declinului celor de la FCSB este fapul c\u0103 ro\u0219-alba\u0219trii folosesc un juc\u0103tor de c\u00e2mp sub 21 de ani, pe Mihai Toma, ale c\u0103rui presta\u021bii nu au fost conving\u0103toare.<\/p>\n<p>Din acest motiv, dar \u0219i pentru c\u0103 Gigi Becali \u00eel consider\u0103 vinovat pe T\u00e2rnovanu pentru trei din cele patru goluri primite de la CFR Cluj, patronul ro\u0219-alba\u0219trilor a decis ca goalkeeper-ul s\u0103 treac\u0103 pe banca de rezerve, iar \u00een poart\u0103 s\u0103 fie titular pu\u0219tiul de 18 ani din academie, Matei Popa, fiul antrenorului cu portarii, Marius Popa. Astfel, FCSB va avea \u00een teren doar juc\u0103tori de c\u00e2mp cu experien\u021b\u0103, iar Gigi Becali sper\u0103 c\u0103 acest lucru va fi suficient ca echipa s\u0103 se redreseze, s\u0103 prind\u0103 play-off-ul \u0219i chiar s\u0103 c\u00e2\u0219tige titlul.<\/p>\n<p>R\u0103m\u00e2ne de v\u0103zut cum va ar\u0103ta FCSB la urm\u0103torul meci din campionat, cu Csikszereda Miercurea Ciuc, av\u00e2nd \u00een vedere c\u0103 deocamdat\u0103 Florin T\u0103nase este \u00eenc\u0103 accidentat, iar Ofri Arad mai are nevoie de timp p\u00e2n\u0103 s\u0103 \u00ee\u0219i fac\u0103 debutul la FCSB. Cel mai probabil, cei doi vor fi \u00eenlocui\u021bi de Baba Alhassan, respectiv David Miculescu.<\/p>\n<p><strong>Cum ar putea ar\u0103ta FCSB \u00een campionat dup\u0103 revolu\u021bia lui Gigi Becali:<\/strong><\/p>\n<ul>\n<li>Matei Popa \u2013 Cre\u021bu, Ngezana, Duarte, Radunovic \u2013 Lixandru, Ofri Arad (Alhassan) \u2013 Cisotti, Olaru, T\u0103nase (Miculescu) \u2013 B\u00eerligea<\/li>\n<\/ul>\n<p>P\u00e2n\u0103 la meciul cu Csikszereda, FCSB mai are de disputat un meci \u00een faza principal\u0103 Europa League, cu Fenerbahce, meci programat pe 29 ianuarie.<\/p>\n<h2>Gigi Becali: \u201dAm hot\u0103r\u00e2t s\u0103 apere un portar U21 ca s\u0103 putem s\u0103 juc\u0103m cu toat\u0103 echipa, s\u0103 nu mai st\u0103m dup\u0103 Toma!<\/h2>\n<p><strong>&#8222;\u0218tiu despre T\u00e2rnovanu ni\u0219te lucruri. E nemul\u021bumit, tot vocifereaz\u0103. I-am zis c\u0103 a luat 3 goluri care sunt ale lui. Pe al treilea \u00eel ap\u0103ram \u0219i eu. Ca atare, prima dat\u0103 am vrut s\u0103-l pedepsesc. Voiam s\u0103 apere Zima \u00een locul lui, dar va ap\u0103ra tot el cu Fenerbahce.<br \/><\/strong><\/p>\n<p><strong>Numai c\u0103 \u00een astea 7 meciuri din campionat am hot\u0103r\u00e2t s\u0103 apere un portar U21 ca s\u0103 putem s\u0103 juc\u0103m cu toat\u0103 echipa, s\u0103 nu mai st\u0103m dup\u0103 Toma&#8221;<\/strong>, a spus Gigi Becali, luni, dup\u0103 ce a mers la baza de preg\u0103tire a echipei pentru a sta de vorb\u0103 cu juc\u0103torii.<\/p>\n<\/div>\n<p><a href=\"https:\/\/www.sport.ro\/liga-1\/cum-va-arata-fcsb-dupa-revolutia-lui-gigi-becali.html\" class=\"button purchase\" rel=\"nofollow noopener\" target=\"_blank\">Read More<\/a><\/p>\n","protected":false},"excerpt":{"rendered":"<p>\u00cen momentul de fa\u021b\u0103, FCSB ocup\u0103 locul 11 \u00een clasament, cu 31 de puncte, la cinci lungimi \u00een urma O\u021belului, ocupanta locului \u0219ase, ultima pozi\u021bie [&hellip;]<\/p>\n","protected":false},"author":1,"featured_media":10704,"comment_status":"open","ping_status":"open","sticky":false,"template":"","format":"standard","meta":{"_monsterinsights_skip_tracking":false,"footnotes":""},"categories":[7],"tags":[],"class_list":["post-10703","post","type-post","status-publish","format-standard","has-post-thumbnail","hentry","category-sports"],"aioseo_notices":[],"_links":{"self":[{"href":"https:\/\/info-eforie.ro\/index.php\/wp-json\/wp\/v2\/posts\/10703","targetHints":{"allow":["GET"]}}],"collection":[{"href":"https:\/\/info-eforie.ro\/index.php\/wp-json\/wp\/v2\/posts"}],"about":[{"href":"https:\/\/info-eforie.ro\/index.php\/wp-json\/wp\/v2\/types\/post"}],"author":[{"embeddable":true,"href":"https:\/\/info-eforie.ro\/index.php\/wp-json\/wp\/v2\/users\/1"}],"replies":[{"embeddable":true,"href":"https:\/\/info-eforie.ro\/index.php\/wp-json\/wp\/v2\/comments?post=10703"}],"version-history":[{"count":0,"href":"https:\/\/info-eforie.ro\/index.php\/wp-json\/wp\/v2\/posts\/10703\/revisions"}],"wp:featuredmedia":[{"embeddable":true,"href":"https:\/\/info-eforie.ro\/index.php\/wp-json\/wp\/v2\/media\/10704"}],"wp:attachment":[{"href":"https:\/\/info-eforie.ro\/index.php\/wp-json\/wp\/v2\/media?parent=10703"}],"wp:term":[{"taxonomy":"category","embeddable":true,"href":"https:\/\/info-eforie.ro\/index.php\/wp-json\/wp\/v2\/categories?post=10703"},{"taxonomy":"post_tag","embeddable":true,"href":"https:\/\/info-eforie.ro\/index.php\/wp-json\/wp\/v2\/tags?post=10703"}],"curies":[{"name":"wp","href":"https:\/\/api.w.org\/{rel}","templated":true}]}}