{"id":10701,"date":"2026-01-27T01:56:05","date_gmt":"2026-01-27T01:56:05","guid":{"rendered":"https:\/\/info-eforie.ro\/index.php\/2026\/01\/27\/florin-prunea-stupefiat-de-anuntul-lui-gigi-becali-la-fcsb-doamne-fereste-daca-o-comite\/"},"modified":"2026-01-27T01:56:05","modified_gmt":"2026-01-27T01:56:05","slug":"florin-prunea-stupefiat-de-anuntul-lui-gigi-becali-la-fcsb-doamne-fereste-daca-o-comite","status":"publish","type":"post","link":"https:\/\/info-eforie.ro\/index.php\/2026\/01\/27\/florin-prunea-stupefiat-de-anuntul-lui-gigi-becali-la-fcsb-doamne-fereste-daca-o-comite\/","title":{"rendered":"Florin Prunea, stupefiat de anun\u021bul lui Gigi Becali la FCSB: \u201dDoamne fere\u0219te! Dac\u0103 o comite?\u201d"},"content":{"rendered":"<div>\n<p>FCSB a bifat dou\u0103 e\u0219ecuri consecutive \u00een sezonul regulat al Superligii Rom\u00e2niei \u0219i s-a \u00eendep\u0103rtat la cinci lungimi de zona de play-off, unde ultimul loc \u00eel ocup\u0103 O\u021belul Gala\u021bi \u00een clipa de fa\u021b\u0103.<\/p>\n<p>Gigi Becali, patronul campioanei, a fost extrem de sup\u0103rat dup\u0103 umilin\u021ba ro\u0219-alba\u0219trilor de duminic\u0103 sear\u0103 de pe teren propriu, cu CFR Cluj, scor 1-4, \u0219i a anun\u021bat la o zi dup\u0103 \u00eenfr\u00e2ngere c\u0103 \u00een campionat va ap\u0103ra pu\u0219tiul de 18 ani Matei Popa.<\/p>\n<h2><strong>Florin Prunea, stupefiat de anun\u021bul lui Gigi Becali la FCSB: \u201dDoamne fere\u0219te! Dac\u0103 o comite?\u201d<\/strong><\/h2>\n<p>Florin Prunea, fost interna\u021bional rom\u00e2n, a r\u0103mas uluit c\u00e2nd a aflat decizia anun\u021bat\u0103 de Becali, \u00een contextul \u00een care la FCSB este legitimat \u0219i Lukas Zima. A explicat c\u0103 Popa, prin lipsa experien\u021bei, o poate comite \u00een orice moment \u0219i c\u0103 nu este o alegere sigur\u0103 \u00eentre buturi.<\/p>\n<p><strong>\u201dS\u0103 folose\u0219ti \u00een poart\u0103 juc\u0103torul U21 e cam cel mai mare avantaj. Dar s\u0103-l sco\u021bi pe T\u00e2rnovanu, s\u0103-l ai pe Zima, pe care ai pl\u0103tit c\u00e2teva sute de mii de euro, \u0219i s\u0103 nu-i dai nicio \u0219ans\u0103 nici \u0103luia mi se pare o chestie&#8230; Dar ei \u0219tiu ce au de f\u0103cut.<\/strong><\/p>\n<p><strong>Echipele au ocazii multe \u00eempotriva lor. Nu joac\u0103 echipa s\u0103 zici c\u0103 \u00eel bagi s\u0103 apere dou\u0103-trei centr\u0103ri. S\u0103-l expui e un risc foarte mare \u0219i pentru Popa. Doamne fere\u0219te dac\u0103 \u021bi-o comite la un meci!\u00a0<\/strong><\/p>\n<p><strong>Dac\u0103 joac\u0103 echipa \u0219i nu are mingi pe poart\u0103, da. Dar echipa \u00een momentul de fa\u021b\u0103 nu joac\u0103. T\u00e2rnovanu, dac\u0103 face un meci bun cu Fenerbahce, mai po\u021bi s\u0103-l schimbi?\u201d<\/strong>, a spus Florin Prunea la <a href=\"https:\/\/www.digisport.ro\/fotbal\/liga-1\/florin-prunea-a-vazut-noul-titular-ales-de-gigi-becali-la-fcsb-doamne-fereste-daca-ti-o-comite-4050539\" rel=\"noopener noreferrer\" target=\"_blank\">Digi Sport<\/a>.<\/p>\n<\/div>\n<p><a href=\"https:\/\/www.sport.ro\/liga-1\/florin-prunea-stupefiat-de-anuntul-lui-gigi-becali-la-fcsb-doamne-fereste-daca-o-comite.html\" class=\"button purchase\" rel=\"nofollow noopener\" target=\"_blank\">Read More<\/a><\/p>\n","protected":false},"excerpt":{"rendered":"<p>FCSB a bifat dou\u0103 e\u0219ecuri consecutive \u00een sezonul regulat al Superligii Rom\u00e2niei \u0219i s-a \u00eendep\u0103rtat la cinci lungimi de zona de play-off, unde ultimul loc [&hellip;]<\/p>\n","protected":false},"author":1,"featured_media":10702,"comment_status":"open","ping_status":"open","sticky":false,"template":"","format":"standard","meta":{"_monsterinsights_skip_tracking":false,"_monsterinsights_sitenote_active":false,"_monsterinsights_sitenote_note":"","_monsterinsights_sitenote_category":0,"footnotes":""},"categories":[7],"tags":[],"class_list":["post-10701","post","type-post","status-publish","format-standard","has-post-thumbnail","hentry","category-sports"],"aioseo_notices":[],"_links":{"self":[{"href":"https:\/\/info-eforie.ro\/index.php\/wp-json\/wp\/v2\/posts\/10701","targetHints":{"allow":["GET"]}}],"collection":[{"href":"https:\/\/info-eforie.ro\/index.php\/wp-json\/wp\/v2\/posts"}],"about":[{"href":"https:\/\/info-eforie.ro\/index.php\/wp-json\/wp\/v2\/types\/post"}],"author":[{"embeddable":true,"href":"https:\/\/info-eforie.ro\/index.php\/wp-json\/wp\/v2\/users\/1"}],"replies":[{"embeddable":true,"href":"https:\/\/info-eforie.ro\/index.php\/wp-json\/wp\/v2\/comments?post=10701"}],"version-history":[{"count":0,"href":"https:\/\/info-eforie.ro\/index.php\/wp-json\/wp\/v2\/posts\/10701\/revisions"}],"wp:featuredmedia":[{"embeddable":true,"href":"https:\/\/info-eforie.ro\/index.php\/wp-json\/wp\/v2\/media\/10702"}],"wp:attachment":[{"href":"https:\/\/info-eforie.ro\/index.php\/wp-json\/wp\/v2\/media?parent=10701"}],"wp:term":[{"taxonomy":"category","embeddable":true,"href":"https:\/\/info-eforie.ro\/index.php\/wp-json\/wp\/v2\/categories?post=10701"},{"taxonomy":"post_tag","embeddable":true,"href":"https:\/\/info-eforie.ro\/index.php\/wp-json\/wp\/v2\/tags?post=10701"}],"curies":[{"name":"wp","href":"https:\/\/api.w.org\/{rel}","templated":true}]}}