{"id":10683,"date":"2026-01-26T02:54:53","date_gmt":"2026-01-26T02:54:53","guid":{"rendered":"https:\/\/info-eforie.ro\/index.php\/2026\/01\/26\/trump-a-anuntat-ca-sua-vor-dobandi-suveranitate-asupra-terenului-pe-care-vor-fi-amplasate-bazele-militare-din-groenlanda\/"},"modified":"2026-01-26T02:54:53","modified_gmt":"2026-01-26T02:54:53","slug":"trump-a-anuntat-ca-sua-vor-dobandi-suveranitate-asupra-terenului-pe-care-vor-fi-amplasate-bazele-militare-din-groenlanda","status":"publish","type":"post","link":"https:\/\/info-eforie.ro\/index.php\/2026\/01\/26\/trump-a-anuntat-ca-sua-vor-dobandi-suveranitate-asupra-terenului-pe-care-vor-fi-amplasate-bazele-militare-din-groenlanda\/","title":{"rendered":"Trump a anun\u021bat c\u0103 SUA vor dob\u00e2ndi suveranitate asupra terenului pe care vor fi amplasate bazele militare din Groenlanda"},"content":{"rendered":"<div>\n<p>Pre\u0219edintele Donald Trump a declarat s\u00e2mb\u0103t\u0103, 24 ianuarie, c\u0103\u00a0SUA vor dob\u00e2ndi suveranitate asupra terenului pe care vor fi amplasate instala\u021biile militare americane din Groenlanda, pe baza acordului preliminar \u00eencheiat s\u0103pt\u0103m\u00e2na aceasta la Davos, \u00een Elve\u021bia, cu NATO.<\/p>\n<div><picture loading=\"eager\" width=\"1400\" height=\"750\" alt=\"Donald Trump\/FOTO: Profimedia\"><source type=\"image\/webp\"  media=\"(min-width: 1400px)\"><source type=\"image\/webp\"  media=\"(min-width: 1000px)\"><source type=\"image\/webp\"  media=\"(min-width: 700px)\"><source type=\"image\/jpeg\"  media=\"(min-width: 1400px)\"><source type=\"image\/jpeg\"  media=\"(min-width: 1000px)\"><source type=\"image\/jpeg\"  media=\"(min-width: 700px)\"><img fetchpriority=\"high\" decoding=\"async\" src=\"https:\/\/cdn.adh.reperio.news\/image-6\/6f5c124f-f3a1-49b5-980e-1d74f531118d\/index.jpeg?p=a%3D1%26co%3D1.05%26w%3D700%26h%3D750%26r%3Dcontain%26f%3Dwebp\" alt=\"Donald Trump\/FOTO: Profimedia\" width=\"1400\" height=\"750\" loading=\"eager\"><\/picture>\n<p>Donald Trump\/FOTO: Profimedia<\/p>\n<\/div>\n<p>Trump a r\u0103spuns afirmativ c\u00e2nd a fost \u00eentrebat dac\u0103 SUA vor prelua controlul asupra terenului pe care vor fi construite viitoare baze militare \u00een acest teritoriu autonom din cadrul Regatului Danemarcei, scrie Agerpres.<\/p>\n<p>\u201e<i>Vom avea tot ce ne dorim. Purt\u0103m discu\u021bii interesante\u201d<\/i>, a declarat Trump pentru New York Post, f\u0103r\u0103 a oferi mai multe detalii despre acordul preliminar anun\u021bat miercuri, dup\u0103 \u00eent\u00e2lnirea dintre pre\u0219edintele american \u015fi secretarul general al NATO, Mark Rutte, la Forumul Economic Mondial de la Davos.<\/p>\n<p>\u00cen urma discu\u021biilor recente, Donald Trump a renun\u021bat la amenin\u021b\u0103rile privind impunerea unor tarife punitive \u00eempotriva celor opt state care au trimis trupe \u00een Groenlanda \u0219i au criticat planul s\u0103u de anexare. <\/p>\n<p>De\u0219i detaliile oficiale ale acordului negociat cu Mark Rutte r\u0103m\u00e2n confiden\u021biale, surse diplomatice sugereaz\u0103 c\u0103 noul statut al insulei ar putea mirrora modelul bazelor militare britanice din Cipru, p\u0103str\u00e2nd suveranitatea american\u0103 asupra unor zone specifice. <\/p>\n<p>Pe l\u00e2ng\u0103 obiectivele de securitate na\u021bional\u0103, Trump a eviden\u021biat beneficiile economice legate de accesul la resursele minerale, estim\u00e2nd c\u0103 un r\u0103spuns final \u0219i favorabil din partea Danemarcei va fi f\u0103cut public \u00een aproximativ dou\u0103 s\u0103pt\u0103m\u00e2ni.<\/p>\n<p><a href=\"https:\/\/adevarul.ro\/stiri-externe\/sua\/trump-promite-ca-nu-va-recurge-la-forta-pentru-a-2502584.html\">Tot la Davos, Trump\u00a0a cerut \u201enegocieri imediate\u201d pentru ca SUA s\u0103 cumpere Groenlanda<\/a>, sus\u021bin\u00e2nd c\u0103 cere aceast\u0103 \u201ebucat\u0103 de ghea\u0163\u0103 pentru a proteja lumea\u201d, \u0219i spune c\u0103 nu va recurge la for\u021b\u0103 pentru a-\u0219i atinge acest obiectiv.<\/p>\n<p><i>\u201eLumea a crezut c\u0103 voi folosi for\u021ba. Nu am nevoie s\u0103 folosesc for\u021ba. Nu vreau s\u0103 folosesc for\u021ba. Nu voi folosi for\u021ba\u201d<\/i>, a spus Trump, argument\u00e2nd c\u0103\u00a0\u00a0Statele Unite sunt singura \u201e<i>mare putere\u201d<\/i> care \u201e<i>este capabil\u0103 s\u0103 apere Groenlanda\u201d <\/i>\u015fi acuz\u00e2nd Danemarca de <i>\u201eingratitudine\u201d.<\/i><\/p>\n<\/p><\/div>\n<p><a href=\"https:\/\/adevarul.ro\/stiri-externe\/sua\/trump-a-anuntat-ca-sua-vor-dobandi-suveranitate-2503360.html\" class=\"button purchase\" rel=\"nofollow noopener\" target=\"_blank\">Read More<\/a><\/p>\n","protected":false},"excerpt":{"rendered":"<p>Pre\u0219edintele Donald Trump a declarat s\u00e2mb\u0103t\u0103, 24 ianuarie, c\u0103\u00a0SUA vor dob\u00e2ndi suveranitate asupra terenului pe care vor fi amplasate instala\u021biile militare americane din Groenlanda, pe [&hellip;]<\/p>\n","protected":false},"author":1,"featured_media":10684,"comment_status":"open","ping_status":"open","sticky":false,"template":"","format":"standard","meta":{"_monsterinsights_skip_tracking":false,"_monsterinsights_sitenote_active":false,"_monsterinsights_sitenote_note":"","_monsterinsights_sitenote_category":0,"footnotes":""},"categories":[6],"tags":[],"class_list":["post-10683","post","type-post","status-publish","format-standard","has-post-thumbnail","hentry","category-popular"],"aioseo_notices":[],"_links":{"self":[{"href":"https:\/\/info-eforie.ro\/index.php\/wp-json\/wp\/v2\/posts\/10683","targetHints":{"allow":["GET"]}}],"collection":[{"href":"https:\/\/info-eforie.ro\/index.php\/wp-json\/wp\/v2\/posts"}],"about":[{"href":"https:\/\/info-eforie.ro\/index.php\/wp-json\/wp\/v2\/types\/post"}],"author":[{"embeddable":true,"href":"https:\/\/info-eforie.ro\/index.php\/wp-json\/wp\/v2\/users\/1"}],"replies":[{"embeddable":true,"href":"https:\/\/info-eforie.ro\/index.php\/wp-json\/wp\/v2\/comments?post=10683"}],"version-history":[{"count":0,"href":"https:\/\/info-eforie.ro\/index.php\/wp-json\/wp\/v2\/posts\/10683\/revisions"}],"wp:featuredmedia":[{"embeddable":true,"href":"https:\/\/info-eforie.ro\/index.php\/wp-json\/wp\/v2\/media\/10684"}],"wp:attachment":[{"href":"https:\/\/info-eforie.ro\/index.php\/wp-json\/wp\/v2\/media?parent=10683"}],"wp:term":[{"taxonomy":"category","embeddable":true,"href":"https:\/\/info-eforie.ro\/index.php\/wp-json\/wp\/v2\/categories?post=10683"},{"taxonomy":"post_tag","embeddable":true,"href":"https:\/\/info-eforie.ro\/index.php\/wp-json\/wp\/v2\/tags?post=10683"}],"curies":[{"name":"wp","href":"https:\/\/api.w.org\/{rel}","templated":true}]}}