{"id":10665,"date":"2026-01-26T01:54:59","date_gmt":"2026-01-26T01:54:59","guid":{"rendered":"https:\/\/info-eforie.ro\/index.php\/2026\/01\/26\/gigi-becali-a-vrut-sa-l-inlocuiasca-in-minutul-10-la-meciul-cu-cfr-cluj-ba-mihai-hai-sa-l-schimbam-pe-asta\/"},"modified":"2026-01-26T01:54:59","modified_gmt":"2026-01-26T01:54:59","slug":"gigi-becali-a-vrut-sa-l-inlocuiasca-in-minutul-10-la-meciul-cu-cfr-cluj-ba-mihai-hai-sa-l-schimbam-pe-asta","status":"publish","type":"post","link":"https:\/\/info-eforie.ro\/index.php\/2026\/01\/26\/gigi-becali-a-vrut-sa-l-inlocuiasca-in-minutul-10-la-meciul-cu-cfr-cluj-ba-mihai-hai-sa-l-schimbam-pe-asta\/","title":{"rendered":"Gigi Becali a vrut s\u0103-l \u00eenlocuiasc\u0103 \u00een minutul 10 la meciul cu CFR Cluj: \u201dB\u0103, Mihai, hai s\u0103-l schimb\u0103m pe \u0103sta!\u201d"},"content":{"rendered":"<div>\n<p>Ro\u0219-alba\u0219trii au \u00eenceput bine meciul \u0219i au deschis scorul prin David Miculescu. Apoi, pe baza gre\u0219elilor din ap\u0103rarea celor de la FCSB, ardelenii s-au dezl\u0103n\u021buit. Aliev \u0219i Korenica au marcat pe finalul primei reprize, iar Cordea \u0219i Biliboc au \u00eenscris dup\u0103 pauz\u0103.<\/p>\n<h2>Gigi Becali a vrut s\u0103 \u00eel schimbe pe Alhassan \u00een minutul 10 la meciul cu CFR Cluj<\/h2>\n<p>Dup\u0103 meci, Gigi Becali a recunoscut c\u0103 cele mai mari probleme \u00eent\u00e2mpinate de FCSB sunt \u00een compartimentul defensiv, iar unul dintre juc\u0103torii care l-au enervat cel mai tare la meciul cu CFR Cluj a fost Baba Alhassan, fotbalistul care s-a aflat la \u00eenchidere al\u0103turi de Juri Cisotti. <\/p>\n<p>Patronul de la FCSB a recunoscut c\u0103 dup\u0103 doar zece minute a vrut s\u0103 \u00eel scoat\u0103 din teren pe fotbalistul ghanez din cauz\u0103 c\u0103 a pierdut mingea \u00een mai multe r\u00e2nduri. <\/p>\n<p>Becali chiar l-a sunat pe Mihai Stoica pentru a-i comunica decizia, \u00eens\u0103, cel mai probabil, pre\u0219edintele Consiliului de Administra\u021bie de la FCSB a reu\u0219it s\u0103 \u00eel fac\u0103 pe finan\u021bator s\u0103 se r\u0103zg\u00e2ndeasc\u0103, astfel c\u0103 Baba Alhassan a r\u0103mas pe teren p\u00e2n\u0103 \u00een minutul 72, atunci c\u00e2nd a fost \u00eenlocuit cu Mihai Lixandru.<\/p>\n<p>\u201d<strong>E adev\u0103rat, toat\u0103 linia de fund e praf. I-am zis lui MM \u00een minutul 10: \u2019B\u0103, Mihai, hai s\u0103 \u00eel schimb\u0103m pe \u0103sta (n.r. Alhassan)\u2019. \u00cemi era fric\u0103, a pierdut mingea de dou\u0103 ori, a f\u0103cut floricele, era s\u0103 lu\u0103m gol. Nu e fotbalist. El a avut curaj cu \u0103ia, a jucat \u0219i el ceva, dar nu e fotbalist<\/strong>\u201d, a spus Gigi Becali la Digi Sport.<\/p>\n<h2>Clasamentul din Superliga Rom\u00e2niei<br \/><\/h2>\n<\/div>\n<p><a href=\"https:\/\/www.sport.ro\/liga-1\/gigi-becali-a-vrut-sa-l-inlocuiasca-in-minutul-10-in-meciul-cu-cfr-cluj-ba-mihai-hai-sa-l-schimbam-pe-asta.html\" class=\"button purchase\" rel=\"nofollow noopener\" target=\"_blank\">Read More<\/a><\/p>\n","protected":false},"excerpt":{"rendered":"<p>Ro\u0219-alba\u0219trii au \u00eenceput bine meciul \u0219i au deschis scorul prin David Miculescu. Apoi, pe baza gre\u0219elilor din ap\u0103rarea celor de la FCSB, ardelenii s-au dezl\u0103n\u021buit. [&hellip;]<\/p>\n","protected":false},"author":1,"featured_media":10666,"comment_status":"open","ping_status":"open","sticky":false,"template":"","format":"standard","meta":{"_monsterinsights_skip_tracking":false,"_monsterinsights_sitenote_active":false,"_monsterinsights_sitenote_note":"","_monsterinsights_sitenote_category":0,"footnotes":""},"categories":[7],"tags":[],"class_list":["post-10665","post","type-post","status-publish","format-standard","has-post-thumbnail","hentry","category-sports"],"aioseo_notices":[],"_links":{"self":[{"href":"https:\/\/info-eforie.ro\/index.php\/wp-json\/wp\/v2\/posts\/10665","targetHints":{"allow":["GET"]}}],"collection":[{"href":"https:\/\/info-eforie.ro\/index.php\/wp-json\/wp\/v2\/posts"}],"about":[{"href":"https:\/\/info-eforie.ro\/index.php\/wp-json\/wp\/v2\/types\/post"}],"author":[{"embeddable":true,"href":"https:\/\/info-eforie.ro\/index.php\/wp-json\/wp\/v2\/users\/1"}],"replies":[{"embeddable":true,"href":"https:\/\/info-eforie.ro\/index.php\/wp-json\/wp\/v2\/comments?post=10665"}],"version-history":[{"count":0,"href":"https:\/\/info-eforie.ro\/index.php\/wp-json\/wp\/v2\/posts\/10665\/revisions"}],"wp:featuredmedia":[{"embeddable":true,"href":"https:\/\/info-eforie.ro\/index.php\/wp-json\/wp\/v2\/media\/10666"}],"wp:attachment":[{"href":"https:\/\/info-eforie.ro\/index.php\/wp-json\/wp\/v2\/media?parent=10665"}],"wp:term":[{"taxonomy":"category","embeddable":true,"href":"https:\/\/info-eforie.ro\/index.php\/wp-json\/wp\/v2\/categories?post=10665"},{"taxonomy":"post_tag","embeddable":true,"href":"https:\/\/info-eforie.ro\/index.php\/wp-json\/wp\/v2\/tags?post=10665"}],"curies":[{"name":"wp","href":"https:\/\/api.w.org\/{rel}","templated":true}]}}