{"id":10663,"date":"2026-01-26T01:55:00","date_gmt":"2026-01-26T01:55:00","guid":{"rendered":"https:\/\/info-eforie.ro\/index.php\/2026\/01\/26\/nota-primita-de-ionut-radu-dupa-1-3-cu-real-sociedad-portarul-roman-a-comis-o\/"},"modified":"2026-01-26T01:55:00","modified_gmt":"2026-01-26T01:55:00","slug":"nota-primita-de-ionut-radu-dupa-1-3-cu-real-sociedad-portarul-roman-a-comis-o","status":"publish","type":"post","link":"https:\/\/info-eforie.ro\/index.php\/2026\/01\/26\/nota-primita-de-ionut-radu-dupa-1-3-cu-real-sociedad-portarul-roman-a-comis-o\/","title":{"rendered":"Nota primit\u0103 de Ionu\u021b Radu dup\u0103 1-3 cu Real Sociedad! Portarul rom\u00e2n a comis-o"},"content":{"rendered":"<div>\n<p>Real Sociedad s-a impus cu 3-1 \u00een fa\u021ba lui Celta Vigo, \u00eentr-un meci din runda 21 din La Liga, care s-a jucat pe \u201eReale Arena\u201d.<\/p>\n<p>Pentru echipa din \u021aara Bascilor au marcat Mikel Oyarzabal (17&#8242;, 75&#8242;) \u0219i Brais Mendez (90+6), \u00een timp ce forma\u021bia lui Ionu\u021b Radu a \u00eenscris prin Borja Iglesias (72&#8242;), iar Duje Caleta-Car (Real Sociedad) a v\u0103zut un cartona\u0219 ro\u0219u \u00een minutul 45+2.<\/p>\n<h2>Ionu\u021b Radu a f\u0103cut penalty \u0219i a evoluat sub nivelul lui obi\u0219nuit<br \/><\/h2>\n<p><a href=\"https:\/\/www.sport.ro\/europa-league\/ionut-radu-din-nou-erou-la-celta-vigo-nota-primita-dupa-victoria-cu-lille.html\" rel=\"noopener noreferrer\"><strong>Portarul na\u021bionalei Rom\u00e2niei nu avut ce s\u0103 fac\u0103 la cele dou\u0103 goluri<\/strong><\/a> marcate de starul lui Real Sociedad, Oyarzabal, care l-a \u00eenvins pe Radu cu dou\u0103 \u0219uturi din afara careului.<\/p>\n<p>Cu toate acestea, Ionu\u021b Radu a provocat penalty-ul din finalul partidei, dup\u0103 ce \u0219i-a \u00eempiedicat evident adversarul. Rom\u00e2nul cu 26 de partide jucate pentru Celta Vigo nu a parat execu\u021bia lui Brais Mendez \u0219i nu \u0219i-a putut repara gre\u0219eala.\u00a0<\/p>\n<ul>\n<li><strong>Cite\u0219te \u0219i: <\/strong><a href=\"https:\/\/www.sport.ro\/stranieri\/o-noua-celebrare-deblocata-mundo-deportivo-scrie-despre-gestul-viral-al-lui-ionut-radu.html\" rel=\"noopener noreferrer\"><strong>\u201eO nou\u0103 celebrare deblocat\u0103!\u201d Mundo Deportivo scrie despre gestul viral al lui Ionu\u021b Radu<\/strong><\/a><\/li>\n<\/ul>\n<p><a href=\"https:\/\/www.sport.ro\/spania\/capitolul-crucial-la-care-ionut-radu-il-intrece-pe-thibaut-courtois-romanul-se-lupta-pentru-a-fi-cel-mai-bun-portar-din-la-liga-statistici-fabuloase.html\" rel=\"noopener noreferrer\"><strong>\u00cen urma acestei evolu\u021bii sub nivelul cu care a obi\u0219nuit Ionu\u021b Radu la Celta Vigo<\/strong><\/a>, portarul <a href=\"https:\/\/www.sofascore.ro\/ro\/football\/match\/real-sociedad-celta-vigo\/wgbszgb#id:14083136\" rel=\"noopener noreferrer\" target=\"_blank\">Sofascore<\/a> i-a oferit nota 6,3 acestuia.<\/p>\n<p>\u00cen urma \u00eenfr\u00e2ngerii de pe terenului lui Real Sociedad, Celta Vigo se afl\u0103 pe locul \u0219apte \u00een La Liga, peste adversara din aceast\u0103 etap\u0103, care este pe pozi\u021bia a opta.<\/p>\n<\/div>\n<p><a href=\"https:\/\/www.sport.ro\/stranieri\/nota-primita-de-ionut-radu-dupa-1-3-cu-real-sociedad-portarul-roman-comis-o.html\" class=\"button purchase\" rel=\"nofollow noopener\" target=\"_blank\">Read More<\/a><\/p>\n","protected":false},"excerpt":{"rendered":"<p>Real Sociedad s-a impus cu 3-1 \u00een fa\u021ba lui Celta Vigo, \u00eentr-un meci din runda 21 din La Liga, care s-a jucat pe \u201eReale Arena\u201d. [&hellip;]<\/p>\n","protected":false},"author":1,"featured_media":10664,"comment_status":"open","ping_status":"open","sticky":false,"template":"","format":"standard","meta":{"_monsterinsights_skip_tracking":false,"_monsterinsights_sitenote_active":false,"_monsterinsights_sitenote_note":"","_monsterinsights_sitenote_category":0,"footnotes":""},"categories":[7],"tags":[],"class_list":["post-10663","post","type-post","status-publish","format-standard","has-post-thumbnail","hentry","category-sports"],"aioseo_notices":[],"_links":{"self":[{"href":"https:\/\/info-eforie.ro\/index.php\/wp-json\/wp\/v2\/posts\/10663","targetHints":{"allow":["GET"]}}],"collection":[{"href":"https:\/\/info-eforie.ro\/index.php\/wp-json\/wp\/v2\/posts"}],"about":[{"href":"https:\/\/info-eforie.ro\/index.php\/wp-json\/wp\/v2\/types\/post"}],"author":[{"embeddable":true,"href":"https:\/\/info-eforie.ro\/index.php\/wp-json\/wp\/v2\/users\/1"}],"replies":[{"embeddable":true,"href":"https:\/\/info-eforie.ro\/index.php\/wp-json\/wp\/v2\/comments?post=10663"}],"version-history":[{"count":0,"href":"https:\/\/info-eforie.ro\/index.php\/wp-json\/wp\/v2\/posts\/10663\/revisions"}],"wp:featuredmedia":[{"embeddable":true,"href":"https:\/\/info-eforie.ro\/index.php\/wp-json\/wp\/v2\/media\/10664"}],"wp:attachment":[{"href":"https:\/\/info-eforie.ro\/index.php\/wp-json\/wp\/v2\/media?parent=10663"}],"wp:term":[{"taxonomy":"category","embeddable":true,"href":"https:\/\/info-eforie.ro\/index.php\/wp-json\/wp\/v2\/categories?post=10663"},{"taxonomy":"post_tag","embeddable":true,"href":"https:\/\/info-eforie.ro\/index.php\/wp-json\/wp\/v2\/tags?post=10663"}],"curies":[{"name":"wp","href":"https:\/\/api.w.org\/{rel}","templated":true}]}}