{"id":10645,"date":"2026-01-25T02:57:02","date_gmt":"2026-01-25T02:57:02","guid":{"rendered":"https:\/\/info-eforie.ro\/index.php\/2026\/01\/25\/ce-le-a-spus-nicusor-dan-elevilor-din-focsani-despre-inceputurile-sale-politice-nu-e-confortabil-sa-intri-in-politica-dar-uneori-e-necesar\/"},"modified":"2026-01-25T02:57:02","modified_gmt":"2026-01-25T02:57:02","slug":"ce-le-a-spus-nicusor-dan-elevilor-din-focsani-despre-inceputurile-sale-politice-nu-e-confortabil-sa-intri-in-politica-dar-uneori-e-necesar","status":"publish","type":"post","link":"https:\/\/info-eforie.ro\/index.php\/2026\/01\/25\/ce-le-a-spus-nicusor-dan-elevilor-din-focsani-despre-inceputurile-sale-politice-nu-e-confortabil-sa-intri-in-politica-dar-uneori-e-necesar\/","title":{"rendered":"Ce le-a spus Nicu\u0219or Dan elevilor din Foc\u0219ani despre \u00eenceputurile sale politice: \u201eNu e confortabil s\u0103 intri \u00een politic\u0103, dar uneori e necesar\u201d"},"content":{"rendered":"<div>\n<p>Pre\u0219edintele Nicu\u0219or Dan a explicat s\u00e2mb\u0103t\u0103, la Foc\u0219ani, c\u0103 a intrat \u00een politic\u0103 dup\u0103 ani de activitate \u00een ONG-uri, unde a realizat c\u0103 impactul pe care \u00eel poate avea este limitat.<\/p>\n<div><picture loading=\"eager\" width=\"1400\" height=\"750\" alt=\"Pre\u0219edintele Nicu\u0219or Dan se afl\u0103 la Foc\u0219ani FOTO: AFP\"><source type=\"image\/webp\"  media=\"(min-width: 1400px)\"><source type=\"image\/webp\"  media=\"(min-width: 1000px)\"><source type=\"image\/webp\"  media=\"(min-width: 700px)\"><source type=\"image\/jpeg\"  media=\"(min-width: 1400px)\"><source type=\"image\/jpeg\"  media=\"(min-width: 1000px)\"><source type=\"image\/jpeg\"  media=\"(min-width: 700px)\"><img fetchpriority=\"high\" decoding=\"async\" src=\"https:\/\/cdn.adh.reperio.news\/image-0\/04493975-3c8e-497a-a355-aa6769210210\/index.jpeg?p=a%3D1%26co%3D1.05%26w%3D700%26h%3D750%26r%3Dcontain%26f%3Dwebp\" alt=\"Pre\u0219edintele Nicu\u0219or Dan se afl\u0103 la Foc\u0219ani FOTO: AFP\" width=\"1400\" height=\"750\" loading=\"eager\"><\/picture>\n<p>Pre\u0219edintele Nicu\u0219or Dan se afl\u0103 la Foc\u0219ani FOTO: AFP<\/p>\n<\/div>\n<p><i>\u201ePentru mine politica a fost o necesitate<\/i>\u201d, a declarat pre\u0219edintele,<a href=\"https:\/\/adevarul.ro\/politica\/presedintele-si-premierul-marcheaza-ziua-unirii-2503222.html\"> adres\u00e2ndu-se unui elev<\/a>\u00a0care inten\u021bioneaz\u0103 s\u0103 studieze Matematic\u0103. \u201e<i>Am candidat la Prim\u0103rie de dou\u0103 ori \u00eenainte de a fi ales a treia oar\u0103. Nici acolo nu mi s-a p\u0103rut c\u0103 am suficiente p\u00e2rghii \u0219i atunci am candidat la Pre\u0219edin\u021bie<\/i>\u201d, a glumit Nicu\u0219or Dan.<\/p>\n<p>El a subliniat importan\u021ba unui echilibru \u00eentre speciali\u0219ti \u0219i persoane cu competen\u021be care aleg s\u0103 intre \u00een politic\u0103: \u201e<i>Trebuie s\u0103 fie un bun echilibru \u00eentre speciali\u0219ti \u00een specialitate \u0219i oameni cu competen\u021be care s\u0103 vin\u0103 \u00een politic\u0103. Am spus asta de multe ori: e nevoie de oameni care s\u0103 fie st\u0103p\u00e2ni pe meseria lor \u0219i care s\u0103 intre \u00een politic\u0103. Nu e deloc u\u0219or, pentru c\u0103 e o alt\u0103 lume, regulile sunt altele, selec\u021bia e alta\u201d<\/i>.<\/p>\n<h2>Provoc\u0103rile \u00eenceputurilor politice<\/h2>\n<p>Pre\u0219edintele a povestit \u0219i despre obstacolele \u00eent\u00e2mpinate \u00een cariera politic\u0103. \u00cen 2015, dup\u0103 o campanie <i>\u201ecumva heirupist\u0103 din 2012\u201d<\/i>, Nicu\u0219or Dan s-a consultat cu o firm\u0103 de branding pentru a preg\u0103ti candidatur\u0103 din 2016. Profilul realizat de speciali\u0219ti i-a fost clar: \u201e<i>N-ai nicio \u0219ans\u0103<\/i>\u201d.<\/p>\n<p><i>\u201eNu e confortabil s\u0103 intri \u00een politic\u0103, dup\u0103 ce \u021bi-ai f\u0103cut o carier\u0103, ai muncit \u00eentr-o direc\u021bie, dar uneori e necesar<\/i>\u201d, a ad\u0103ugat \u0219eful statului.<\/p>\n<h2>Programul pre\u0219edintelui de Ziua Unirii<\/h2>\n<p>Potrivit Administra\u021biei Preziden\u021biale, \u0219eful statului \u00ee\u0219i va \u00eencepe ziua la Foc\u0219ani,\u00a0unde va vizita Colegiul Na\u021bional \u201eUnirea\u201d. Cu aceast\u0103 ocazie, pre\u0219edintele va decora institu\u021bia de \u00eenv\u0103\u021b\u0103m\u00e2nt, care marcheaz\u0103 160 de ani de existen\u021b\u0103.<\/p>\n<p>De la ora 11:00, Nicu\u0219or Dan va participa la\u00a0<a href=\"https:\/\/adevarul.ro\/stiri-interne\/evenimente\/ceremonii-militare-si-religioase-in-toata-tara-de-2503226.html\">manifest\u0103rile dedicate Zilei Unirii Principatelor<\/a>\u00a0Rom\u00e2ne, organizate \u00een Pia\u021ba Unirii din Foc\u0219ani, parte din programul oficial al autorit\u0103\u021bilor pentru una dintre cele mai importante s\u0103rb\u0103tori na\u021bionale.<\/p>\n<p>Ulterior, pre\u0219edintele se va deplasa la Ia\u0219i, unde va lua parte la ceremonia organizat\u0103 tot \u00een Pia\u021ba Unirii, al\u0103turi de autorit\u0103\u021bile locale \u0219i participan\u021bii veni\u021bi s\u0103 marcheze momentul istoric al Unirii Principatelor.<\/p>\n<\/p><\/div>\n<p><a href=\"https:\/\/adevarul.ro\/politica\/ce-le-a-spus-nicusor-dan-elevilor-din-focsani-2503239.html\" class=\"button purchase\" rel=\"nofollow noopener\" target=\"_blank\">Read More<\/a><\/p>\n","protected":false},"excerpt":{"rendered":"<p>Pre\u0219edintele Nicu\u0219or Dan a explicat s\u00e2mb\u0103t\u0103, la Foc\u0219ani, c\u0103 a intrat \u00een politic\u0103 dup\u0103 ani de activitate \u00een ONG-uri, unde a realizat c\u0103 impactul pe [&hellip;]<\/p>\n","protected":false},"author":1,"featured_media":10646,"comment_status":"open","ping_status":"open","sticky":false,"template":"","format":"standard","meta":{"_monsterinsights_skip_tracking":false,"_monsterinsights_sitenote_active":false,"_monsterinsights_sitenote_note":"","_monsterinsights_sitenote_category":0,"footnotes":""},"categories":[6],"tags":[],"class_list":["post-10645","post","type-post","status-publish","format-standard","has-post-thumbnail","hentry","category-popular"],"aioseo_notices":[],"_links":{"self":[{"href":"https:\/\/info-eforie.ro\/index.php\/wp-json\/wp\/v2\/posts\/10645","targetHints":{"allow":["GET"]}}],"collection":[{"href":"https:\/\/info-eforie.ro\/index.php\/wp-json\/wp\/v2\/posts"}],"about":[{"href":"https:\/\/info-eforie.ro\/index.php\/wp-json\/wp\/v2\/types\/post"}],"author":[{"embeddable":true,"href":"https:\/\/info-eforie.ro\/index.php\/wp-json\/wp\/v2\/users\/1"}],"replies":[{"embeddable":true,"href":"https:\/\/info-eforie.ro\/index.php\/wp-json\/wp\/v2\/comments?post=10645"}],"version-history":[{"count":0,"href":"https:\/\/info-eforie.ro\/index.php\/wp-json\/wp\/v2\/posts\/10645\/revisions"}],"wp:featuredmedia":[{"embeddable":true,"href":"https:\/\/info-eforie.ro\/index.php\/wp-json\/wp\/v2\/media\/10646"}],"wp:attachment":[{"href":"https:\/\/info-eforie.ro\/index.php\/wp-json\/wp\/v2\/media?parent=10645"}],"wp:term":[{"taxonomy":"category","embeddable":true,"href":"https:\/\/info-eforie.ro\/index.php\/wp-json\/wp\/v2\/categories?post=10645"},{"taxonomy":"post_tag","embeddable":true,"href":"https:\/\/info-eforie.ro\/index.php\/wp-json\/wp\/v2\/tags?post=10645"}],"curies":[{"name":"wp","href":"https:\/\/api.w.org\/{rel}","templated":true}]}}