{"id":10637,"date":"2026-01-25T02:57:06","date_gmt":"2026-01-25T02:57:06","guid":{"rendered":"https:\/\/info-eforie.ro\/index.php\/2026\/01\/25\/mesaje-de-ziua-unirii-principatelor-grindeanu-este-o-lectie-pe-care-nu-trebuie-sa-o-uitam-ce-a-transmis-premierul\/"},"modified":"2026-01-25T02:57:06","modified_gmt":"2026-01-25T02:57:06","slug":"mesaje-de-ziua-unirii-principatelor-grindeanu-este-o-lectie-pe-care-nu-trebuie-sa-o-uitam-ce-a-transmis-premierul","status":"publish","type":"post","link":"https:\/\/info-eforie.ro\/index.php\/2026\/01\/25\/mesaje-de-ziua-unirii-principatelor-grindeanu-este-o-lectie-pe-care-nu-trebuie-sa-o-uitam-ce-a-transmis-premierul\/","title":{"rendered":"Mesaje de Ziua Unirii Principatelor. Grindeanu: \u201eEste o lec\u021bie pe care nu trebuie s\u0103 o uit\u0103m\u201d. Ce a transmis premierul"},"content":{"rendered":"<div>\n<p>Ziua de 24 ianuarie, care marcheaz\u0103 Unirea Principatelor Rom\u00e2ne din 1859, a fost prilej pentru oficiali s\u0103 sublinieze importan\u021ba acestui moment istoric \u0219i s\u0103 reaminteasc\u0103 rolul unit\u0103\u021bii, respectului pentru lege \u0219i al responsabilit\u0103\u021bii \u00een construc\u021bia statului rom\u00e2n modern.<\/p>\n<div><picture loading=\"eager\" width=\"1400\" height=\"750\" alt=\"Sorin Grindeanu a transmis un mesaj de Ziua Unirii Principatelor FOTO: Inquam photos\/ Octav Ganea\"><source type=\"image\/webp\"  media=\"(min-width: 1400px)\"><source type=\"image\/webp\"  media=\"(min-width: 1000px)\"><source type=\"image\/webp\"  media=\"(min-width: 700px)\"><source type=\"image\/jpeg\"  media=\"(min-width: 1400px)\"><source type=\"image\/jpeg\"  media=\"(min-width: 1000px)\"><source type=\"image\/jpeg\"  media=\"(min-width: 700px)\"><img fetchpriority=\"high\" decoding=\"async\" src=\"https:\/\/cdn.adh.reperio.news\/image-f\/ff7f8c7e-4abd-41bb-bc5c-92c7f5625f7a\/index.jpeg?p=a%3D1%26co%3D1.05%26w%3D700%26h%3D750%26r%3Dcontain%26f%3Dwebp\" alt=\"Sorin Grindeanu a transmis un mesaj de Ziua Unirii Principatelor FOTO: Inquam photos\/ Octav Ganea\" width=\"1400\" height=\"750\" loading=\"eager\"><\/picture>\n<p>Sorin Grindeanu a transmis un mesaj de Ziua Unirii Principatelor FOTO: Inquam photos\/ Octav Ganea<\/p>\n<\/div>\n<p>Pre\u0219edinta Cur\u021bii Constitu\u021bionale, Elena Simina T\u0103n\u0103sescu, a subliniat, s\u00e2mb\u0103t\u0103, c\u0103 Unirea Principatelor Rom\u00e2ne realizat\u0103 \u00een 1859 de domnitorul Alexandru Ioan Cuza a fost \u201e<i>\u00eenceputul construc\u021biei statului rom\u00e2n modern \u0219i expresia maturit\u0103\u021bii unei na\u021biuni\u201d.<\/i><\/p>\n<p>\u00centr-un\u00a0<a href=\"https:\/\/adevarul.ro\/politica\/ce-le-a-spus-nicusor-dan-elevilor-din-focsani-2503239.html\">mesaj transmis cu prilejul Zilei Unirii<\/a>, oficialul CCR a amintit c\u0103 aceast\u0103 realizare istoric\u0103 nu apar\u021bine doar trecutului, ci continu\u0103 s\u0103 defineasc\u0103 prezentul \u0219i s\u0103 ne cheme la continuitate.<\/p>\n<p>\u201e<i>Actul unirii a \u00eensemnat \u0219i \u00eenceputul ordinii statale bazate pe drept. Comisia de la Foc\u0219ani, una dintre institu\u021biile centrale create cu prilejul Micii Uniri, a avut rolul de a armoniza legisla\u021bia \u0219i institu\u021biile celor dou\u0103 Principate, fiind precursoarea jurisdic\u021biilor care, mai t\u00e2rziu, aveau s\u0103 realizeze controlul constitu\u021bionalit\u0103\u021bii legilor \u00een Rom\u00e2nia. Totodat\u0103, lucr\u0103rile acestei Comisii au constituit punctul de plecare pentru unul dintre proiectele propuse la adoptarea Constitu\u021biei din 1866\u201d<\/i>, a\u00a0<a href=\"https:\/\/www.facebook.com\/share\/p\/1CAUtmC3rX\/\" rel=\"nofollow\">subliniat<\/a>\u00a0Elena T\u0103n\u0103sescu.<\/p>\n<p>Pre\u0219edinta CCR a mai afirmat c\u0103 24 ianuarie r\u0103m\u00e2ne <i>\u201enu doar o zi a unit\u0103\u021bii, ci \u0219i un simbol al des\u0103v\u00e2r\u0219irii statului rom\u00e2n, construit sub semnul legii, al rigorii \u0219i al r\u0103spunderii\u201d<\/i>.<\/p>\n<p>\u201e<i>Semnifica\u021bia acestui act fondator r\u0103m\u00e2ne puternic\u0103 \u0219i ast\u0103zi, prin p\u0103strarea vie a con\u0219tiin\u021bei \u00eenceputurilor noastre \u0219i transmiterea mai departe a sensului profund al unit\u0103\u021bii, respectului pentru lege \u0219i \u00eendatoririlor fa\u021b\u0103 de viitor. Aceast\u0103 zi ne reaminte\u0219te c\u0103 solidaritatea, curajul \u0219i viziunea comun\u0103 pot transforma aspira\u021biile unui popor \u00een realitate durabil\u0103, a\u0219ez\u00e2nd temeliile Rom\u00e2niei moderne\u201d,<\/i> a ad\u0103ugat T\u0103n\u0103sescu.<\/p>\n<h2>Sorin Grindeanu: Unirea, primul pas pentru reconstruc\u021bia Rom\u00e2niei\u00a0<\/h2>\n<p>Pre\u0219edintele PSD, Sorin Grindeanu, a apreciat c\u0103\u00a0<a href=\"https:\/\/adevarul.ro\/stiri-interne\/evenimente\/ceremonii-militare-si-religioase-in-toata-tara-de-2503226.html\">Ziua Unirii Principatelor Rom\u00e2ne<\/a>\u00a0marcheaz\u0103 <i>\u201eprimul pas istoric important pentru reconstruc\u021bia Rom\u00e2niei\u201d.<\/i><\/p>\n<p>\u201e<i>Anivers\u0103m ast\u0103zi 167 de ani de la prima Unire a Principatelor rom\u00e2ne: Moldova \u0219i \u021aara Rom\u00e2neasc\u0103. Este un moment istoric care a fost posibil datorit\u0103 unit\u0103\u021bii rom\u00e2nilor \u0219i viziunii clasei politice de la acea vreme. Aceea\u0219i determinare \u0219i viziune clar\u0103 au contribuit de atunci, \u00een diverse momente istorice, la construc\u021bia Rom\u00e2niei moderne, stat membru al Uniunii Europene \u0219i al NATO. Este o lec\u021bie pe care nu trebuie s\u0103 o uit\u0103m, mai ales \u00een aceast\u0103 perioad\u0103 geo-politic\u0103 complicat\u0103<\/i>\u201d, a scris Grindeanu pe pagina sa de\u00a0<a href=\"https:\/\/www.facebook.com\/share\/p\/1Sgp854sk1\/\" rel=\"nofollow\">Facebook<\/a>.<\/p>\n<h2>Radu Marinescu: Unitatea se construie\u0219te zi de zi\u00a0<\/h2>\n<p>Ministrul Justi\u021biei, Radu Marinescu, a subliniat c\u0103 unitatea nu este doar un fapt istoric, ci un efort continuu, construit prin respect, solidaritate \u0219i \u00eencredere \u00een lege.<\/p>\n<p>\u201e<i>Cu prilejul Zilei Unirii Principatelor Rom\u00e2ne, adresez tuturor rom\u00e2nilor cele mai sincere g\u00e2nduri de respect \u0219i recuno\u0219tin\u021b\u0103 pentru genera\u021biile care au avut curajul, viziunea \u0219i responsabilitatea de a pune temelia statului rom\u00e2n modern. Unirea din anul 1859 a reprezentat un proiect de voin\u021b\u0103 na\u021bional\u0103, construit pe aspira\u021bia c\u0103tre dreptate, egalitate \u0219i respect pentru lege. A fost \u00eenceputul unui drum care a consolidat institu\u021biile statului \u0219i a conturat valorile fundamentale pe care se sprijin\u0103 \u0219i ast\u0103zi societatea rom\u00e2neasc\u0103\u201d<\/i>, a\u00a0<a href=\"https:\/\/www.facebook.com\/share\/p\/1BzBUFTpeW\/\" rel=\"nofollow\">afirmat<\/a>\u00a0ministrul.<\/p>\n<p>El a mai precizat c\u0103 justi\u021bia joac\u0103 un rol esen\u021bial: \u201e<i>Statul de drept, independen\u021ba sistemului judiciar \u0219i garantarea drepturilor \u0219i libert\u0103\u021bilor fundamentale reprezint\u0103 piloni ai unit\u0103\u021bii na\u021bionale \u0219i ai \u00eencrederii cet\u0103\u021benilor \u00een institu\u021biile publice. O justi\u021bie puternic\u0103 \u0219i echitabil\u0103 este expresia maturit\u0103\u021bii unei na\u021biuni \u0219i a respectului pentru idealurile care au stat la baza Unirii\u201d.<\/i><\/p>\n<h2>Mesajul premierului Ilie Bolojan\u00a0<\/h2>\n<p>Premierul\u00a0<a href=\"https:\/\/adevarul.ro\/politica\/presedintele-si-premierul-marcheaza-ziua-unirii-2503222.html\">Ilie Bolojan a transmis<\/a>\u00a0c\u0103 Unirea \u021a\u0103rii Rom\u00e2ne\u0219ti cu Moldova, realizat\u0103 la 24 ianuarie 1859, a deschis drumul Rom\u00e2niei moderne. \u201e<i>Ne exprim\u0103m recuno\u0219tin\u021ba fa\u021b\u0103 de cei care au avut viziunea \u0219i curajul de a face acest pas<\/i>\u201d, a spus el.<\/p>\n<div><picture loading=\"lazy\" width=\"1400\" height=\"750\" alt=\"Ilie Bolojan, la monumentul domnitorului Alexandru Ioan Cuza FOTO: Inquam photos\/ George C\u0103lin\"><source type=\"image\/webp\"  media=\"(min-width: 1400px)\"><source type=\"image\/webp\"  media=\"(min-width: 1000px)\"><source type=\"image\/webp\"  media=\"(min-width: 700px)\"><source type=\"image\/jpeg\"  media=\"(min-width: 1400px)\"><source type=\"image\/jpeg\"  media=\"(min-width: 1000px)\"><source type=\"image\/jpeg\"  media=\"(min-width: 700px)\"><img decoding=\"async\" src=\"https:\/\/cdn.adh.reperio.news\/image-2\/2630a9f8-a8b5-4e36-80b9-bd46b300b7fc\/index.jpeg?p=a%3D1%26co%3D1.05%26w%3D700%26h%3D750%26r%3Dcontain%26f%3Dwebp\" alt=\"Ilie Bolojan, la monumentul domnitorului Alexandru Ioan Cuza FOTO: Inquam photos\/ George C\u0103lin\" width=\"1400\" height=\"750\" loading=\"lazy\"><\/picture>\n<p>Ilie Bolojan, la monumentul domnitorului Alexandru Ioan Cuza FOTO: Inquam photos\/ George C\u0103lin<\/p>\n<\/div>\n<p>Bolojan a subliniat c\u0103 Unirea a fost posibil\u0103 prin decizii asumate de lideri responsabili \u0219i prin contribu\u021bia unei genera\u021bii de intelectuali forma\u021bi \u00een marile universit\u0103\u021bi europene, conecta\u021bi la ideile liberalismului \u0219i ale statului de drept. \u201e<i>Domnia lui Alexandru Ioan Cuza a marcat \u00eenceputul construirii statului rom\u00e2n modern. \u00centr-un interval scurt, au fost puse bazele administra\u021biei publice, ale sistemului de educa\u021bie, ale justi\u021biei moderne \u0219i ale unui stat fiscal unitar. Reformele au fost ambi\u021bioase \u0219i au urm\u0103rit crearea unui stat func\u021biona<\/i>l\u201d, a transmis Grindeanu pe pagina sa de\u00a0<a href=\"https:\/\/www.facebook.com\/share\/p\/19z1jPGoCR\/\" rel=\"nofollow\">Facebook<\/a>.<\/p>\n<p><i>\u201ePrivind c\u0103tre anul 1859, \u00een\u021belegem c\u0103 reformele sunt necesare \u0219i c\u0103 ele trebuie sus\u021binute de responsabilitate, transparen\u021b\u0103 \u0219i respect pentru reguli. Aceasta este \u0219i responsabilitatea noastr\u0103 ast\u0103zi. Rom\u00e2nia are nevoie de un stat care func\u021bioneaz\u0103, \u00ee\u0219i respect\u0103 cet\u0103\u021benii \u0219i folose\u0219te responsabil resursele disponibile, bazat pe institu\u021bii credibile \u0219i eficiente. La mul\u021bi ani, Rom\u00e2nia! La mul\u021bi ani rom\u00e2nilor de pretutindeni!\u201d<\/i>, a \u00eencheiat Ilie Bolojan.<\/p>\n<h2>C\u0103t\u0103lin Predoiu: \u201eUnirea nu a fost un gest simbolic, ci un proiect na\u021bional\u201d\u00a0<\/h2>\n<p>Ministrul de Interne, C\u0103t\u0103lin Predoiu, a subliniat c\u0103 Unirea Principatelor Rom\u00e2ne a fost \u201eun proiect na\u021bional construit pas cu pas, o voin\u021b\u0103 public\u0103 exprimat\u0103, ap\u0103rat\u0103 \u0219i transformat\u0103 \u00een decizie politic\u0103\u201d.<\/p>\n<p>\u201e<i>Ast\u0103zi, 24 Ianuarie, s\u0103rb\u0103torim Unirea Principatelor Rom\u00e2ne &#8211; o realizare a oamenilor \u0219i a liderilor vremii, f\u0103cut\u0103 prin curaj, organizare \u0219i inteligen\u021b\u0103 politic\u0103. Unirea nu a fost un gest simbolic, ci un proiect na\u021bional construit pas cu pas: o voin\u021b\u0103 public\u0103 exprimat\u0103, ap\u0103rat\u0103 \u0219i transformat\u0103 \u00een decizie politic\u0103. \u00cen anii 1857-1859, drumul c\u0103tre Unire a \u00eensemnat \u0219i o b\u0103t\u0103lie pentru adev\u0103r. (&#8230;) \u00cen ciuda acestora, rom\u00e2nii au ales discern\u0103m\u00e2ntul, iar liderii unioni\u0219ti au ales construc\u021bia: s\u0103 explice, s\u0103 mobilizeze, s\u0103 negocieze \u0219i s\u0103 transforme o aspira\u021bie \u00eentr-un fapt \u00eemplinit\u201d<\/i>, a\u00a0<a href=\"https:\/\/www.facebook.com\/share\/p\/1LSbCfXBF8\/\" rel=\"nofollow\">transmis<\/a>\u00a0Predoiu.<\/p>\n<p>El a mai ad\u0103ugat c\u0103 dup\u0103 Unire au urmat reforme concrete, unificarea administra\u021biei \u0219i consolidarea statului, iar Rom\u00e2nia a c\u00e2\u0219tigat capacitatea de a-\u0219i urma obiectivele \u0219i de a-\u0219i consolida locul \u00een Europa.<i> \u201e\u00cen contextul prezent, al comunic\u0103rii online rapide, devine din ce \u00een ce mai important s\u0103 verific\u0103m informa\u021biile \u00eenainte de a le distribui. Critica e un drept, dar ra\u021biunea trebuie s\u0103 protejeze aceast\u0103 libertate de manipulare<\/i>\u201d, a conchis Predoiu.<\/p>\n<h2>Oana \u0162oiu: \u201e\u00cenceputul diploma\u021biei moderne\u201d<\/h2>\n<p>Ministrul Afacerilor Externe, Oana \u0162oiu, a afirmat c\u0103 Unirea Principatelor Rom\u00e2ne a marcat \u00eenceputul diploma\u021biei moderne, contribuind decisiv la afirmarea Rom\u00e2niei pe scena interna\u021bional\u0103.<\/p>\n<div><picture loading=\"lazy\" width=\"1400\" height=\"750\" alt=\"Oana \u021aoiu, la monumentul domnitorului Alexandru Ioan Cuza FOTO: Facebook\/ Oana \u021aoiu\"><source type=\"image\/webp\"  media=\"(min-width: 1400px)\"><source type=\"image\/webp\"  media=\"(min-width: 1000px)\"><source type=\"image\/webp\"  media=\"(min-width: 700px)\"><source type=\"image\/jpeg\"  media=\"(min-width: 1400px)\"><source type=\"image\/jpeg\"  media=\"(min-width: 1000px)\"><source type=\"image\/jpeg\"  media=\"(min-width: 700px)\"><img decoding=\"async\" src=\"https:\/\/cdn.adh.reperio.news\/image-f\/f559f9c4-c0e2-4aff-8574-4c673a3562fe\/index.jpeg?p=a%3D1%26co%3D1.05%26w%3D700%26h%3D750%26r%3Dcontain%26f%3Dwebp\" alt=\"Oana \u021aoiu, la monumentul domnitorului Alexandru Ioan Cuza FOTO: Facebook\/ Oana \u021aoiu\" width=\"1400\" height=\"750\" loading=\"lazy\"><\/picture>\n<p>Oana \u021aoiu, la monumentul domnitorului Alexandru Ioan Cuza FOTO: Facebook\/ Oana \u021aoiu<\/p>\n<\/div>\n<p>\u201e<i>Ast\u0103zi celebr\u0103m 167 de ani de la Unirea Principatelor Rom\u00e2ne. Este un moment de referin\u021b\u0103 pentru \u00eenceputul moderniz\u0103rii statului rom\u00e2n \u0219i consacrarea simultan\u0103 a identit\u0103\u021bii statelor unite \u0219i a apartenen\u021bei la familia european\u0103 a na\u021biunilor. Unirea Principatelor Rom\u00e2ne a reprezentat nu doar realizarea aspira\u021biilor legitime ale rom\u00e2nilor, ci \u0219i \u00eenceputul diploma\u021biei moderne, al c\u0103rei nucleu institu\u021bional s-a conturat imediat dup\u0103 1859, contribuind decisiv la afirmarea Rom\u00e2niei pe scena interna\u021bional\u0103<\/i>\u201d, a transmis \u0162oiu.<\/p>\n<p><i>\u201eAngajamentul Ministerului Afacerilor Externe de a ac\u021biona cu profesionalism, consecven\u021b\u0103 \u0219i responsabilitate pentru binele \u0219i siguran\u021ba cet\u0103\u021benilor rom\u00e2ni este felul \u00een care cinstim spiritul Unirii. Rom\u00e2nia unit\u0103 \u0219i ancorat\u0103 \u00een lumea celor care \u00eemp\u0103rt\u0103\u0219esc valori similare de libertate, democra\u021bie \u0219i stat de drept este mo\u0219tenirea voin\u021bei celor care au f\u0103cut posibil actul istoric de la 24 ianuarie 1859\u201d<\/i>, a mai\u00a0<a href=\"https:\/\/www.facebook.com\/share\/p\/14TF3RdXoi3\/\" rel=\"nofollow\">ad\u0103ugat<\/a>\u00a0ministrul.<\/p>\n<h2>Drago\u0219 P\u00eeslaru: Autostrada Bucure\u0219ti-Foc\u0219ani, un simbol al unirii moderne\u00a0<\/h2>\n<p>Ministrul Investi\u021biilor \u0219i Proiectelor Europene, Drago\u0219 P\u00eeslaru, a eviden\u021biat, \u00een mesajul s\u0103u, c\u0103 infrastructura contribuie la unitatea \u021b\u0103rii.<\/p>\n<div><picture loading=\"lazy\" width=\"1400\" height=\"750\" alt=\"Hora Unirii la monumentul domnitorului Alexandru Ioan Cuza FOTO: Inquam photos\/ George C\u0103lin\"><source type=\"image\/webp\"  media=\"(min-width: 1400px)\"><source type=\"image\/webp\"  media=\"(min-width: 1000px)\"><source type=\"image\/webp\"  media=\"(min-width: 700px)\"><source type=\"image\/jpeg\"  media=\"(min-width: 1400px)\"><source type=\"image\/jpeg\"  media=\"(min-width: 1000px)\"><source type=\"image\/jpeg\"  media=\"(min-width: 700px)\"><img decoding=\"async\" src=\"https:\/\/cdn.adh.reperio.news\/image-a\/a1a52cd4-70d7-4ec8-a212-6ea6c7f9e61d\/index.jpeg?p=a%3D1%26co%3D1.05%26w%3D700%26h%3D750%26r%3Dcontain%26f%3Dwebp\" alt=\"Hora Unirii la monumentul domnitorului Alexandru Ioan Cuza FOTO: Inquam photos\/ George C\u0103lin\" width=\"1400\" height=\"750\" loading=\"lazy\"><\/picture>\n<p>Hora Unirii la monumentul domnitorului Alexandru Ioan Cuza FOTO: Inquam photos\/ George C\u0103lin<\/p>\n<\/div>\n<p>\u201eP<i>e l\u00e2ng\u0103 mii de alte proiecte, am reu\u0219it anul trecut s\u0103 unim &#8211; \u00een sf\u00e2r\u0219it! &#8211; Bucure\u0219tiul de Foc\u0219ani prin autostrad\u0103. Evident, cu bani europeni. Sper ca \u00een cur\u00e2nd s\u0103 putem uni, de asemenea, capitala \u021b\u0103rii de Ia\u0219i, capitala Moldovei, \u0219i nu doar rutier, ci \u0219i prin infrastructur\u0103 feroviar\u0103 de mare vitez\u0103. \u0218i a\u0219a trebuie s\u0103 se \u00eent\u00e2mple pentru toate ora\u0219ele mari din \u021bara noastr\u0103, indiferent de regiune istoric\u0103\u201d,<\/i> a\u00a0<a href=\"https:\/\/www.facebook.com\/share\/p\/184tgmSp31\/\" rel=\"nofollow\">scris<\/a>\u00a0P\u00eeslaru.<\/p>\n<p>El a ad\u0103ugat c\u0103 fiecare rom\u00e2n \u0219i fiecare familie \u201e<i>merit\u0103 s\u0103 tr\u0103iasc\u0103 o via\u021b\u0103 c\u00e2t mai bun\u0103 acas\u0103\u201d <\/i>\u0219i a \u00eencheiat<i>: \u201e<\/i>\u00ab<i>\u00centre noi s\u0103 nu mai fie dec\u00e2t flori \u0219i omenie<\/i>\u00bb<i>. \u00cenainta\u0219ilor no\u0219tri le dator\u0103m curajul de a ne aduce \u00eempreun\u0103. La mul\u021bi ani, dragi rom\u00e2ni! La mul\u021bi ani, Rom\u00e2nia!\u201d<\/i><\/p>\n<h2>Bogdan Ivan: Unirea Moldovei cu \u021aara Rom\u00e2neasc\u0103 &#8211; \u00eenceputul Rom\u00e2niei moderne\u00a0<\/h2>\n<p>Ministrul Energiei, Bogdan Ivan, a declarat c\u0103 \u201e<i>Unirea Moldovei cu \u021aara Rom\u00e2neasc\u0103 a fost rezultatul voin\u021bei politice, al curajului \u0219i al solidarit\u0103\u021bii; a fost \u00eenceputul Rom\u00e2niei moderne\u201d<\/i>.<\/p>\n<p><i>\u201e24 ianuarie 1859. Ziua \u00een care rom\u00e2nii au ales s\u0103 mearg\u0103 \u00eempreun\u0103. Unirea Moldovei cu \u021aara Rom\u00e2neasc\u0103 a fost rezultatul voin\u021bei politice, al curajului \u0219i al solidarit\u0103\u021bii. A fost \u00eenceputul Rom\u00e2niei moderne. De atunci, drumul nu a fost u\u0219or: decizii grele, reforme necesare \u0219i momente de cump\u0103n\u0103\u201d<\/i>, a\u00a0<a href=\"https:\/\/www.facebook.com\/share\/p\/17vmzMSzMb\/\" rel=\"nofollow\">scris<\/a>\u00a0Ivan.<\/p>\n<p>El a subliniat c\u0103 Rom\u00e2nia este ast\u0103zi parte a Uniunii Europene \u0219i a NATO: <i>\u201e\u00centr-un context geopolitic complicat, lec\u021bia Unirii este una simpl\u0103: f\u0103r\u0103 coeziune, responsabilitate \u0219i viziune pe termen lung, nu exist\u0103 construc\u021bie durabil\u0103. La mul\u021bi ani, tuturor rom\u00e2nilor! La mul\u021bi ani, Rom\u00e2nia!\u201d<\/i><\/p>\n<h2>Radu Miru\u021b\u0103: Lec\u021bia Unit\u0103\u021bii, ast\u0103zi la fel de actual\u0103\u00a0<\/h2>\n<p>Ministrul Ap\u0103r\u0103rii, Radu Miru\u021b\u0103, a afirmat c\u0103 unitatea \u0219i solidaritatea r\u0103m\u00e2n esen\u021biale pentru societatea rom\u00e2neasc\u0103, iar lec\u021bia Unirii din 1859 este la fel de relevant\u0103 \u0219i ast\u0103zi.<\/p>\n<p>\u201e<i>Unirea de la 1859 ne las\u0103 \u0219i ast\u0103zi o lec\u021bie simpl\u0103 \u0219i actual\u0103. C\u0103 atunci c\u00e2nd reu\u0219im s\u0103 punem interesul na\u021bional mai presus de orgolii, mai presus de preocup\u0103ri personale, Rom\u00e2nia merge \u00eenainte. Atunci c\u00e2nd reu\u0219im s\u0103 ne ascult\u0103m unii pe al\u021bii, chiar dac\u0103 g\u00e2ndim diferit, devenim mai puternici. C\u00e2nd lucr\u0103m \u00eempreun\u0103, nu ne mai poate \u00eenvinge nici s\u0103r\u0103cia, nici frica \u0219i nici dezbinarea. Ast\u0103zi, Rom\u00e2nia nu are nevoie de o unire a grani\u021belor. Rom\u00e2nia ast\u0103zi are nevoie de a uni \u00eencrederea\u201d,<\/i> a\u00a0<a href=\"https:\/\/www.facebook.com\/share\/p\/1BL8J6yn9x\/\" rel=\"nofollow\">transmis<\/a>\u00a0Miru\u021b\u0103, \u00eentr-un discurs sus\u021binut \u00een Pia\u021ba Unirii de la Foc\u0219ani.<\/p>\n<div><picture loading=\"lazy\" width=\"1400\" height=\"750\" alt=\"Ministrul Ap\u0103r\u0103rii, \u00een Pia\u021ba Unirii din Foc\u0219ani FOTO: Facebook\/ Radu Miru\u021b\u0103\"><source type=\"image\/webp\"  media=\"(min-width: 1400px)\"><source type=\"image\/webp\"  media=\"(min-width: 1000px)\"><source type=\"image\/webp\"  media=\"(min-width: 700px)\"><source type=\"image\/jpeg\"  media=\"(min-width: 1400px)\"><source type=\"image\/jpeg\"  media=\"(min-width: 1000px)\"><source type=\"image\/jpeg\"  media=\"(min-width: 700px)\"><img decoding=\"async\" src=\"https:\/\/cdn.adh.reperio.news\/image-b\/b96a43f5-4938-47e0-bd84-fc2468f3f21b\/index.jpeg?p=a%3D1%26co%3D1.05%26w%3D700%26h%3D750%26r%3Dcontain%26c%3D0%252C0.082%252C1%252C0.918%26f%3Dwebp\" alt=\"Ministrul Ap\u0103r\u0103rii, \u00een Pia\u021ba Unirii din Foc\u0219ani FOTO: Facebook\/ Radu Miru\u021b\u0103\" width=\"1400\" height=\"750\" loading=\"lazy\"><\/picture>\n<p>Ministrul Ap\u0103r\u0103rii, \u00een Pia\u021ba Unirii din Foc\u0219ani FOTO: Facebook\/ Radu Miru\u021b\u0103<\/p>\n<\/div>\n<p>El a amintit c\u0103 momentele decisive din istoria Rom\u00e2niei au fost posibile doar prin coeziune: <i>\u201eNimic din ce s-a \u00eent\u00e2mplat cu adev\u0103rat important \u00een \u021bara asta nu s-a reu\u0219it f\u0103r\u0103 unitate \u0219i f\u0103r\u0103 solidaritate. (&#8230;) Dar linia aceasta de demarca\u021bie nu a reu\u0219it niciodat\u0103 s\u0103 despart\u0103 inimile oamenilor\u201d<\/i>.<\/p>\n<p>Referindu-se la contextul social \u0219i economic actual, ministrul a subliniat nevoia de onestitate din partea deciden\u021bilor \u0219i a f\u0103cut leg\u0103tura \u00eentre valorile Unirii \u0219i rolul Armatei Rom\u00e2niei: \u201e<i>Armata Rom\u00e2niei este expresia concret\u0103 a acestei solidarit\u0103\u021bi. Militarii rom\u00e2ni \u00ee\u0219i \u00eendeplinesc misiunile cu profesionalism at\u00e2t \u00een \u021bar\u0103, c\u00e2t \u0219i \u00een afara ei \u0219i nu ap\u0103r\u0103 doar grani\u021be. Ap\u0103r\u0103 ni\u0219te valori fundamentale, ap\u0103r\u0103 libertatea, ap\u0103r\u0103 democra\u021bia, ap\u0103r\u0103 pacea. (&#8230;) De aici din Foc\u0219ani, ora\u0219 al Unirii, s\u0103 ne aducem aminte c\u0103 Rom\u00e2nia s-a construit cu sacrificiu, dar cel mai important lucru e c\u0103 s-a p\u0103strat cu solidaritate. \u0218i tot prin solidaritate o vom duce mai departe\u201d.<\/i><\/p>\n<p>Ministrul Ap\u0103r\u0103rii a participat, s\u00e2mb\u0103t\u0103, al\u0103turi de pre\u0219edintele Rom\u00e2niei, Nicu\u0219or Dan, la manifest\u0103rile din Pia\u021ba Unirii de la Foc\u0219ani dedicate Zilei Unirii Principatelor Rom\u00e2ne.<\/p>\n<\/p><\/div>\n<p><a href=\"https:\/\/adevarul.ro\/politica\/mesaje-de-ziua-unirii-principatelor-grindeanu-2503244.html\" class=\"button purchase\" rel=\"nofollow noopener\" target=\"_blank\">Read More<\/a><\/p>\n","protected":false},"excerpt":{"rendered":"<p>Ziua de 24 ianuarie, care marcheaz\u0103 Unirea Principatelor Rom\u00e2ne din 1859, a fost prilej pentru oficiali s\u0103 sublinieze importan\u021ba acestui moment istoric \u0219i s\u0103 reaminteasc\u0103 [&hellip;]<\/p>\n","protected":false},"author":1,"featured_media":10638,"comment_status":"open","ping_status":"open","sticky":false,"template":"","format":"standard","meta":{"_monsterinsights_skip_tracking":false,"_monsterinsights_sitenote_active":false,"_monsterinsights_sitenote_note":"","_monsterinsights_sitenote_category":0,"footnotes":""},"categories":[6],"tags":[],"class_list":["post-10637","post","type-post","status-publish","format-standard","has-post-thumbnail","hentry","category-popular"],"aioseo_notices":[],"_links":{"self":[{"href":"https:\/\/info-eforie.ro\/index.php\/wp-json\/wp\/v2\/posts\/10637","targetHints":{"allow":["GET"]}}],"collection":[{"href":"https:\/\/info-eforie.ro\/index.php\/wp-json\/wp\/v2\/posts"}],"about":[{"href":"https:\/\/info-eforie.ro\/index.php\/wp-json\/wp\/v2\/types\/post"}],"author":[{"embeddable":true,"href":"https:\/\/info-eforie.ro\/index.php\/wp-json\/wp\/v2\/users\/1"}],"replies":[{"embeddable":true,"href":"https:\/\/info-eforie.ro\/index.php\/wp-json\/wp\/v2\/comments?post=10637"}],"version-history":[{"count":0,"href":"https:\/\/info-eforie.ro\/index.php\/wp-json\/wp\/v2\/posts\/10637\/revisions"}],"wp:featuredmedia":[{"embeddable":true,"href":"https:\/\/info-eforie.ro\/index.php\/wp-json\/wp\/v2\/media\/10638"}],"wp:attachment":[{"href":"https:\/\/info-eforie.ro\/index.php\/wp-json\/wp\/v2\/media?parent=10637"}],"wp:term":[{"taxonomy":"category","embeddable":true,"href":"https:\/\/info-eforie.ro\/index.php\/wp-json\/wp\/v2\/categories?post=10637"},{"taxonomy":"post_tag","embeddable":true,"href":"https:\/\/info-eforie.ro\/index.php\/wp-json\/wp\/v2\/tags?post=10637"}],"curies":[{"name":"wp","href":"https:\/\/api.w.org\/{rel}","templated":true}]}}