{"id":1063,"date":"2025-01-13T00:35:53","date_gmt":"2025-01-13T00:35:53","guid":{"rendered":"https:\/\/info-eforie.ro\/index.php\/2025\/01\/13\/nemanja-matic-schimba-din-nou-echipa-lasa-lyon-pentru-un-club-ambitios-din-serie-a\/"},"modified":"2025-01-13T00:35:53","modified_gmt":"2025-01-13T00:35:53","slug":"nemanja-matic-schimba-din-nou-echipa-lasa-lyon-pentru-un-club-ambitios-din-serie-a","status":"publish","type":"post","link":"https:\/\/info-eforie.ro\/index.php\/2025\/01\/13\/nemanja-matic-schimba-din-nou-echipa-lasa-lyon-pentru-un-club-ambitios-din-serie-a\/","title":{"rendered":"Nemanja Matic schimb\u0103 din nou echipa. Las\u0103 Lyon pentru un club ambi\u021bios din Serie A"},"content":{"rendered":"<div>\n<p>Mijloca\u0219ul central este foarte aproape s\u0103 semneze contractul cu echipa <a href=\"https:\/\/www.sport.ro\/italia\/como-si-dice-echipa-lui-cesc-fabregas-face-transferuri-pentru-a-ramane-in-serie-a.html\" rel=\"noopener noreferrer\"><strong>Como 1907<\/strong><\/a>, ocupanta locului al 16-lea \u00een Serie A.\u00a0<\/p>\n<h2>Fabregas \u00eel vrea pe Matic ca juc\u0103tor \u0219i antrenor secund<\/h2>\n<p>Lombarzii i-au transferat deja pe <strong>Jean Butez<\/strong> (29 de ani \/ Antwerp \/ portar \/ Fran\u021ba), <strong>Assane Diao<\/strong> (19 ani \/ Betis Sevilla \/ extrem\u0103 dreapta \/ Spania) \u0219i <strong>Ivan Fresneda<\/strong> (20 de ani \/ Sporting Lisabona \/ funda\u0219 dreapta \/ Spania). \u00cens\u0103 cel mai r\u0103sun\u0103tor transfer urmeaz\u0103 s\u0103 fie anun\u021bat zilele urm\u0103toare.\u00a0<\/p>\n<p>Antrenorul <a href=\"https:\/\/www.sport.ro\/italia\/fabregas-s-a-tinut-de-promisiune-ce-cadou-le-a-facut-spaniolul-jucatorilor-de-la-como.html\" rel=\"noopener noreferrer\"><strong>Cesc Fabregas<\/strong><\/a>, care a jucat peste 100 de meciuri \u00eempreun\u0103 cu Matic la Chelsea, insist\u0103 pentru aducerea mijloca\u0219ului s\u00e2rb, c\u0103ruia ar vrea s\u0103-i ofere \u0219i postul de secund. Juc\u0103torul \u0219i forma\u021bia italian\u0103 s-au \u00een\u021beles deja asupra termenilor contractului, iar lui Lyon i s-a propus plata unei compensa\u021bii de 2 milioane de euro.<\/p>\n<p>Lyon are un sezon bun \u00een Ligue 1, unde ocup\u0103 locul al cincilea, va juca \u00een &#8222;16&#8221;-mile Cupei Fran\u021bei cu Bourgoin-Jallieu \u0219i are \u0219anse mari s\u0103 se califice direct \u00een optimile de final\u0103 ale Europa League, iar Matic a bifat 18 prezen\u021be (15 ca titular) \u00een toate competi\u021biile. <\/p>\n<h2>Nemanja Matic, o legend\u0103 a lui Chelsea \u0219i Manchester United<\/h2>\n<p><strong>Nemanja Matic<\/strong> (36 de ani) este n\u0103scut la <strong>Subac<\/strong>, Districtul Macva. S-a format la juniorii clubuilor <strong>FK Vrelo<\/strong>, <strong>Obrenovac 1905<\/strong>, <strong>Steaua Ro\u0219ie Belgrad<\/strong>, <strong>Partizan Belgrad<\/strong> \u0219i <strong>Jedinstvo Ub<\/strong>. La nivel de seniori a evoluat pentru <strong>FK Kolubara<\/strong> (2006-2007), <strong>FC Kosice<\/strong> (2007-2009), <strong>Chelsea<\/strong> (2009-2010, 2014-2017), <strong>Vitesse Arnhem<\/strong> (2010-2011 \/ \u00eemprumutat), <strong>Benfica<\/strong> (2011-2014), <strong>Manchester United<\/strong> (2017-2022), <strong>AS Roma<\/strong> (2022-2023), <a href=\"https:\/\/www.sport.ro\/franta\/scandal-de-proportii-in-franta-starul-echipei-s-a-inteles-cu-rivala-si-a-dezertat-e-de-neinteles.html\" rel=\"noopener noreferrer\"><strong>Rennes<\/strong><\/a> (2023-2024) \u0219i <strong>Ol. Lyon<\/strong> (2024). <strong>Are 48 de selec\u021bii \u0219i 2 goluri pentru na\u021bionala Serbiei (2008-2019), cu care a participat la CM 2018.<\/strong>\u00a0<\/p>\n<p>\u00cen palmares are Cupa Slovaciei (1), Premier League (2), FA Cup (1), EFL Cup (1), Primeira Liga (1), Cupa Portugaliei (1), Taca da Liga (2), LPFP Primeira Liga &#8211; Player of the Year (2012-2013), PFA Premier League &#8211; Team of the Year (2014-2015), UEFA Europa League &#8211; Team of the Season (2022-2023) \u0219i titlul de &#8222;Cel mai bun fotbalist s\u00e2rb al anului&#8221; (2014, 2015). Poate evolua ca \u00eenchiz\u0103tor \u0219i coordonator de joc \u0219i este cotat la 2.5 milioane de euro.\u00a0<\/p>\n<p><strong><em>Foto &#8211; Getty Images\u00a0\u00a0<\/em><\/strong><\/p>\n<\/div>\n<p><a href=\"https:\/\/www.sport.ro\/italia\/nemanja-matic-schimba-din-nou-echipa-lasa-lyon-pentru-o-echipa-ambitioasa-din-serie-a.html\" class=\"button purchase\" rel=\"nofollow noopener\" target=\"_blank\">Read More<\/a><\/p>\n","protected":false},"excerpt":{"rendered":"<p>Mijloca\u0219ul central este foarte aproape s\u0103 semneze contractul cu echipa Como 1907, ocupanta locului al 16-lea \u00een Serie A.\u00a0 Fabregas \u00eel vrea pe Matic ca [&hellip;]<\/p>\n","protected":false},"author":1,"featured_media":1064,"comment_status":"open","ping_status":"open","sticky":false,"template":"","format":"standard","meta":{"_monsterinsights_skip_tracking":false,"_monsterinsights_sitenote_active":false,"_monsterinsights_sitenote_note":"","_monsterinsights_sitenote_category":0,"footnotes":""},"categories":[7],"tags":[],"class_list":["post-1063","post","type-post","status-publish","format-standard","has-post-thumbnail","hentry","category-sports"],"aioseo_notices":[],"_links":{"self":[{"href":"https:\/\/info-eforie.ro\/index.php\/wp-json\/wp\/v2\/posts\/1063","targetHints":{"allow":["GET"]}}],"collection":[{"href":"https:\/\/info-eforie.ro\/index.php\/wp-json\/wp\/v2\/posts"}],"about":[{"href":"https:\/\/info-eforie.ro\/index.php\/wp-json\/wp\/v2\/types\/post"}],"author":[{"embeddable":true,"href":"https:\/\/info-eforie.ro\/index.php\/wp-json\/wp\/v2\/users\/1"}],"replies":[{"embeddable":true,"href":"https:\/\/info-eforie.ro\/index.php\/wp-json\/wp\/v2\/comments?post=1063"}],"version-history":[{"count":0,"href":"https:\/\/info-eforie.ro\/index.php\/wp-json\/wp\/v2\/posts\/1063\/revisions"}],"wp:featuredmedia":[{"embeddable":true,"href":"https:\/\/info-eforie.ro\/index.php\/wp-json\/wp\/v2\/media\/1064"}],"wp:attachment":[{"href":"https:\/\/info-eforie.ro\/index.php\/wp-json\/wp\/v2\/media?parent=1063"}],"wp:term":[{"taxonomy":"category","embeddable":true,"href":"https:\/\/info-eforie.ro\/index.php\/wp-json\/wp\/v2\/categories?post=1063"},{"taxonomy":"post_tag","embeddable":true,"href":"https:\/\/info-eforie.ro\/index.php\/wp-json\/wp\/v2\/tags?post=1063"}],"curies":[{"name":"wp","href":"https:\/\/api.w.org\/{rel}","templated":true}]}}