{"id":10613,"date":"2026-01-24T02:56:04","date_gmt":"2026-01-24T02:56:04","guid":{"rendered":"https:\/\/info-eforie.ro\/index.php\/2026\/01\/24\/autonomia-strategica-a-europei-nu-e-divort-de-sua-ce-alege-romania-intre-ue-si-america-analiza-unui-expert-roman-de-la-cambridge\/"},"modified":"2026-01-24T02:56:04","modified_gmt":"2026-01-24T02:56:04","slug":"autonomia-strategica-a-europei-nu-e-divort-de-sua-ce-alege-romania-intre-ue-si-america-analiza-unui-expert-roman-de-la-cambridge","status":"publish","type":"post","link":"https:\/\/info-eforie.ro\/index.php\/2026\/01\/24\/autonomia-strategica-a-europei-nu-e-divort-de-sua-ce-alege-romania-intre-ue-si-america-analiza-unui-expert-roman-de-la-cambridge\/","title":{"rendered":"\u201eAutonomia strategic\u0103 a Europei nu e divor\u021b de SUA\u201d. Ce alege Rom\u00e2nia \u00eentre UE \u0219i America. Analiza unui expert rom\u00e2n de la Cambridge"},"content":{"rendered":"<div>\n<p>Rom\u00e2nia ezit\u0103 aparent s\u0103 aleag\u0103 \u00eentre UE \u0219i SUA, iar pre\u0219edintele Nicu\u0219or Dan sus\u021bine c\u0103 se analizeaz\u0103 oferta american\u0103 de a face parte din Consiliul de Pace. Cercet\u0103tor la Universitatea Cambridge, Andra Martinescu explic\u0103, pentru \u201eAdev\u0103rul\u201d, ce solu\u021bii ar mai avea Rom\u00e2nia.<\/p>\n<div><picture loading=\"eager\" width=\"1400\" height=\"750\" alt=\"Nicu\u0219or Dan \u0219i Emmanuel Macron. FOTO: Presidency\"><source type=\"image\/webp\"  media=\"(min-width: 1400px)\"><source type=\"image\/webp\"  media=\"(min-width: 1000px)\"><source type=\"image\/webp\"  media=\"(min-width: 700px)\"><source type=\"image\/jpeg\"  media=\"(min-width: 1400px)\"><source type=\"image\/jpeg\"  media=\"(min-width: 1000px)\"><source type=\"image\/jpeg\"  media=\"(min-width: 700px)\"><img fetchpriority=\"high\" decoding=\"async\" src=\"https:\/\/cdn.adh.reperio.news\/image-6\/6925861a-256b-4ede-bba4-561ad007ca5e\/index.jpeg?p=a%3D1%26co%3D1.05%26w%3D700%26h%3D750%26r%3Dcontain%26f%3Dwebp\" alt=\"Nicu\u0219or Dan \u0219i Emmanuel Macron. FOTO: Presidency\" width=\"1400\" height=\"750\" loading=\"eager\"><\/picture>\n<p>Nicu\u0219or Dan \u0219i Emmanuel Macron. FOTO: Presidency<\/p>\n<\/div>\n<p>Rela\u021bia transatlantic\u0103 sufer\u0103 serios, iar Europa \u0219i Statele Unite ale Americii nu mai reu\u0219esc s\u0103 g\u0103seasc\u0103 un numitor comun. O dovad\u0103 este \u0219i atmosfera \u00eencordat\u0103 de la reunirea informal\u0103 a liderilor<br \/>\ncelor 27 de state membre ale Uniunii Europene, la summitul Consiliului European<br \/>\nde joi, 22 ianuarie, de la Bruxelles. \u00cen ciuda faptului c\u0103 Donald Trump a dat \u00eenapoi \u00een ce prive\u0219te Groenlanda \u0219i a renun\u021bat \u0219i la tarifele cu care amenin\u021ba Europa, tensiunea r\u0103m\u00e2ne la cote maxime.<\/p>\n<p>Chiar \u0219i a\u0219a, Rom\u00e2nia \u00eencearc\u0103 s\u0103 evite un<br \/>\nr\u0103spuns tran\u0219ant \u00een ce prive\u0219te o alegere \u00eentre Statele Unite \u0219i Uniunea<br \/>\nEuropean\u0103, de\u0219i exist\u0103 semnale c\u0103 o decizie ar fi fost luat\u0103. Pre\u0219edintele Nicu\u0219or Dan a<br \/>\nevitat s\u0103 fie prezent \u00een aceste zile la Davos, unde Donald Trump \u0219i lideri din<br \/>\nmai multe state au pus bazele Consiliului de Pace. \u0218eful statului rom\u00e2n s-a aflat \u00een<br \/>\nschimb la Bruxelles, la \u00eentrunirea Consiliului European, unde<br \/>\ns-au luat o serie de decizii cu privire la problemele ce \u021bin de Ucraina,<br \/>\nGroenlanda \u0219i de rela\u021biile cu SUA.<\/p>\n<p><i>\u201eO s\u0103 discut\u0103m dup\u0103 mai \u00een<br \/>\ndetaliu toate lucrurile astea. V\u0103 da\u021bi seama c\u0103 nu e vorba de o chestiune<br \/>\nsimpl\u0103, e vorba de o cart\u0103 care angajeaz\u0103 statul rom\u00e2n \u00eentr-o chestiune<br \/>\ninterna\u021bional\u0103 \u0219i trebuie s\u0103 fie f\u0103cut\u0103 o analiz\u0103 a raportului dintre drepturile<br \/>\n\u0219i obliga\u021biile care ar rezulta din aceast\u0103 cart\u0103 cu toate celelalte carte,<br \/>\nCarta ONU, de exemplu, la care Rom\u00e2nia este parte. Cam asta e\u201d,<\/i><a href=\"https:\/\/adevarul.ro\/politica\/nicusor-dan-despre-consiliul-pentru-pacea-a-lui-2502929.html\"> a fost<br \/>\nr\u0103spunsul diplomat <\/a>dat de Nicu\u0219or Dan jurnali\u0219tilor care l-au \u00eentrebat de<br \/>\nalegerea Rom\u00e2niei.<\/p>\n<p>Cercet\u0103tor la Universitatea<br \/>\nCambridge \u0219i Senior Research Fellow la think-tankul britanic The Foreign Policy<br \/>\nCenter,<a href=\"https:\/\/adevarul.ro\/stiri-interne\/evenimente\/planul-de-pace-trumpzelenski-de-la-davos-2502901.html\"> Andra Martinescu<\/a>\u00a0deruleaz\u0103 proiecte \u0219i pe <a href=\"https:\/\/igov.ro\/\" rel=\"nofollow\">iGov.ro<\/a>, platform\u0103 civic\u0103 pentru transparen\u021b\u0103 guvernamental\u0103 \u0219i responsabilizare democratic\u0103 \u00een Rom\u00e2nia. Andra Martinescu analizeaz\u0103, pentru \u201eAdev\u0103rul\u201d, situa\u021bia actual\u0103, dup\u0103<br \/>\nce Europa \u0219i SUA au ajuns \u00eentr-un punct \u00een care, de\u0219i nu par dispuse s\u0103 divor\u021beze oficial, au tot mai mari probleme s\u0103 men\u021bin\u0103 rela\u021bia.<\/p>\n<h2>Nu e divor\u021b SUA &#8211; UE, e \u201eautonomie strategic\u0103\u201d european\u0103<\/h2>\n<p>Mul\u021bi anali\u0219ti insist\u0103 c\u0103 Europa se preg\u0103te\u0219te s\u0103 fac\u0103 un pas decisiv spre divor\u021bul de Statele Unite ale Americii, \u00eens\u0103 rom\u00e2nca nu este de acord. Autonomia strategic\u0103 invocat\u0103 de pre\u0219edintele Fran\u021bei, Emmanuel Macron, nu \u00eenseamn\u0103 c\u0103 Statele Unite ale Americii \u0219i Uniunea European\u0103 vor \u201edivor\u021ba\u201d, este de p\u0103rere Andra Martinescu.<\/p>\n<p><i>\u201eAutonomia strategic\u0103 nu este<br \/>\nun divor\u021b. Nu v\u0103d un r\u0103zboi rece \u00eentre Statele Unite \u0219i Uniunea European\u0103\u201d,<br \/>\n<\/i>este prima observa\u021bie a Andrei Martinescu.<i> \u201eEuropa a fost azi chemat\u0103 \u00een<br \/>\najutor. A fost chemat\u0103 de Ucraina \u0219i de Groenlada\u201d<\/i>, este viziunea rom\u00e2ncei, asta \u0219i dup\u0103 surprinz\u0103toarele critici adresate europenilor, la Davos, de pre\u0219edintele Ucrainei, Volodimir Zelenski.<\/p>\n<p>Pentru Rom\u00e2nia, situa\u021bia este<br \/>\ncel pu\u021bin delicat\u0103. R\u0103zboiul din Ucraina este aproape, iar riscurile nu sunt<br \/>\ndeloc neglijabile.<\/p>\n<p>\u201e<i>R\u0103zboiul este \u00een proximitatea<br \/>\nnoastr\u0103 \u0219i, \u00een consecin\u021b\u0103, trebuie s\u0103 fim la fel de preg\u0103ti\u021bi cum sunt alia\u021bii<br \/>\nno\u0219tri. Adic\u0103, noi trebuie s\u0103 fim peg\u0103ti\u021bi chiar mai mult dec\u00e2t alte state<br \/>\neuropene din vest, noi suntem periculos de aproape de r\u0103zboi<\/i>\u201d, spune Andra<br \/>\nMartinescu.<\/p>\n<p>\u00cen condi\u021biile date, Rom\u00e2nia<br \/>\ntrebuie s\u0103 str\u00e2ng\u0103 \u0219i mai mult rela\u021biile cu alia\u021bii europeni \u0219i s\u0103 se asigure<br \/>\nc\u0103 are cea mai bun\u0103 rela\u021bie cu puterile europene, Fran\u021ba \u0219i Marea Britanie, dar<br \/>\nf\u0103r\u0103 a t\u0103ia pun\u021bile de leg\u0103tur\u0103 cu Statele Unite ale Americii, consider\u0103 Andra<br \/>\nMartinescu. Vestea proast\u0103 este c\u0103 Rom\u00e2nia nu performeaz\u0103 \u00een acest moment \u00een<br \/>\nrela\u021biile interna\u021bionale. Cercet\u0103toarea rom\u00e2nc\u0103 de la Universitatea Cambridge vrea o politic\u0103 mai proactiv\u0103 din partea \u021b\u0103rii noastre.<\/p>\n<h2>Ce solu\u021bii mai are Rom\u00e2nia<\/h2>\n<p><i>\u201eCu siguran\u021b\u0103 va trebui s\u0103 fim<br \/>\nmai proactivi \u0219i s\u0103 citim semnalele partenerilor no\u0219tri. Dar pentru asta<br \/>\ntrebuie o g\u00e2ndire strategic\u0103, un spa\u021biu intelectual unde s\u0103 se pun\u0103 astfel de<br \/>\n\u00eentreb\u0103ri. S\u0103 existe un schimb de idei la care s\u0103 fie baza deciziilor politice<br \/>\n\u0219i strategice. Mie mi se pare c\u0103 \u00eenc\u0103 ne afl\u0103m \u00eentr-o g\u00e2ndire foarte osificat\u0103,<br \/>\nfoarte rigid\u0103, care nu ne permite nici m\u0103car s\u0103 ne asum\u0103m un rol la nivel<br \/>\nregional<\/i>\u201d, explic\u0103 Andra Martinescu.<\/p>\n<p>\u00cen ce prive\u0219te rela\u021biile cu<br \/>\npartenerul transatlantic, Rom\u00e2nia nu are de ce s\u0103 renun\u021be la ele.\u00a0 Andra Martinescu crede c\u0103 Bucure\u0219tiul trebuie s\u0103 fac\u0103 tot posibilul ca aceste rela\u021bii cu Statele Unite s\u0103 r\u0103m\u00e2n\u0103 bune, dar f\u0103r\u0103 a influen\u021ba negativ rela\u021bia cu partenerii europeni.<\/p>\n<p><i>\u201eProblema noastr\u0103 este c\u0103 nu<br \/>\navem consisten\u021b\u0103 \u00een politica extern\u0103. Nu \u0219tim s\u0103 citim partenerii europeni, nu<br \/>\nputem s\u0103 citim chiar \u0219i mesajele care vin din partea Statelor Unite. Nu zice<br \/>\nnimeni c\u0103 acum trebuie s\u0103 ne dezicem de parteneriatul strategic. Nu. Administra\u021bia<br \/>\nTrump nu trebuie confundat\u0103 cu America. Dar trebuie s\u0103 vedem \u0219i care sunt<br \/>\nmi\u0219c\u0103rile la nivelul continentului european. \u0218i s\u0103 realiz\u0103m c\u0103 apar\u021binem<br \/>\nacestui spa\u021biu \u0219i c\u0103 avem alia\u021bi europeni. Nu putem s\u0103 fim noi ca Ungaria \u0219i ca<br \/>\ncelelalte state europene care sunt un fel de cal troian \u00een inima Uniunii<br \/>\nEuropene\u201d<\/i>, adaug\u0103 experta.<\/p>\n<p>Andra Martinescus-a referit \u0219i la tensiunile tot mai mari dintre Uniunea European\u0103 \u0219i Statele Unite ale<br \/>\nAmericii. Rom\u00e2nca spune c\u0103 administra\u021bia Trump trateaz\u0103 cu ostilitate Europa \u0219i<br \/>\nnu d\u0103 prea multe op\u021biuni Bruxelles-ului, oblig\u00e2ndu-i pe europeni s\u0103 riposteze.<\/p>\n<p><i>\u201eAdministra\u021bia Trump s-a<br \/>\npozi\u021bionat extrem de clar, exist\u0103 suficiente documente, declara\u021bii, fapte, care<br \/>\narat\u0103 o pozi\u021bionare extrem de clar\u0103 \u00eempotriva Europei. Or, locul nostru este \u00een<br \/>\nEuropa\u201d, <\/i>arat\u0103 Andra Martinescu.<\/p>\n<p>Rom\u00e2nia ar trebui s\u0103 urmeze<br \/>\nexemplul Poloniei \u0219i a statelor baltice, crede Andra Martinescu.<\/p>\n<p><i>\u201ePolonezii \u0219i balticii<br \/>\nreac\u021bioneaz\u0103 corect. S-a observat dup\u0103 din 2014, c\u00e2nd v\u00e2rful de lance au fost<br \/>\n\u021b\u0103rile baltice \u0219i Polonia, atunci c\u00e2nd s-au creat grupurile de reac\u021bie rapid\u0103<br \/>\n\u0219i au dus un lobby intensiv \u00een forurile interna\u021bionale pentru a se realiza pericolul<br \/>\nrusesc. Ei au fost consisten\u021bi de asta, de pericolul rusesc, \u0219i nu au schimbat<br \/>\ntraiectoria \u00een func\u021bie de oportunismul politic sau de alte detalii ce se iveau<br \/>\n\u00een anumite momente. Or, ca s\u0103 ai cedibilitate \u00een fa\u021ba partenerilor, trebuie s\u0103<br \/>\nai o postur\u0103 consistent\u0103 fie \u0219i la nivel declarativ. Pentru a demonstra c\u0103 e\u0219ti<br \/>\nun aliat serios, trebuie s\u0103 ar\u0103\u021bi c\u0103 nu e\u0219ti doar un beneficiar al umbrelei de<br \/>\nsecuritate, ci e\u0219ti \u0219i contributor. Asta nu se \u00een\u021belege, asta nu \u00een\u021belege<br \/>\nRom\u00e2nia<\/i>\u201d, puncteaz\u0103 Andra Martinescu.<\/p>\n<h2>Unde a gre\u0219it pre\u0219edintele Nicu\u0219or Dan<\/h2>\n<p>\u00cen opinia sa, pre\u0219edintele<br \/>\nNicu\u0219or Dan a f\u0103cut o gre\u0219eal\u0103 c\u0103 nu a fost prezent \u00een primele zile ale<br \/>\nForumului de la Davos, al\u0103turi de \u0219efi importan\u021bi de stat precum Emmanuel<br \/>\nMacron \u0219i al\u021bi lideri importan\u021bi europeni.<\/p>\n<p><i>\u201eTrebuie s\u0103 realiz\u0103m c\u0103<br \/>\ndinamica este mult mai volatil\u0103, timpul nu este de partea noastr\u0103 \u0219i,<br \/>\nindiferent ce se \u00eent\u00e2mpl\u0103, trebuie s\u0103 reac\u021bion\u0103m. M-a frapat absen\u021ba<br \/>\npre\u0219edintelui de la Forumul de Davos. Balticii au fost, polonezii au fost, au<br \/>\nfost \u0219i al\u021bi lideri importan\u021bi. Eu sunt de p\u0103rere c\u0103 ar fi<br \/>\ntrebuit s\u0103 se duc\u0103 pentru c\u0103 politica extern\u0103 depinde de pre\u0219edinte.<br \/>\nPre\u0219edintele, prin Constitu\u021bie, are prerogative de politic\u0103 extern\u0103. Erau<br \/>\nimportante \u0219i discu\u021biile informale cu ceilal\u021bi lideri. Sigur c\u0103 am fost<br \/>\nreprezenta\u021bi acolo de doamna \u021aoiu, dar trebuia s\u0103 fie \u0219i pre\u0219edintele. Dac\u0103 era<br \/>\nprezent acolo, pre\u0219edintele ar fi transmis o imagine consistent\u0103. \u0218i trebuia s\u0103<br \/>\ntransmitem to\u021bi europenii un mesaj unitar. Inclusiv administra\u021bia preziden\u021bial\u0103<br \/>\ntrebuie s\u0103 sprijine efortul diplomatic, efortul de politic\u0103 extern\u0103 \u0219i \u00eentr-o<br \/>\ndirec\u021bie strategic\u0103\u201d<\/i>, mai spune rom\u00e2nca.<\/p>\n<p>Andra Martinescu a vorbit \u0219i despre<br \/>\nrealiz\u0103rile Rom\u00e2niei \u00een ultimii ani, printre nenum\u0103ratele nereu\u0219ite.<\/p>\n<p>\u201e<i>Sunt multe de criticat, dar<br \/>\nsunt \u0219i lucruri bune. Domnul Iohannis a reu\u0219it o rela\u021bie bun\u0103 cu Germania \u0219i a<br \/>\nfost un punct de ancor\u0103 la \u00eenceputul primului mandat. Iar pre\u0219edintele Dan a<br \/>\nreu\u0219it s\u0103 creeze o rela\u021bie foarte bun\u0103 cu Fran\u021ba\u201d<\/i>, \u00eencheie ceva mai optimist Andra Martinescu.<\/p>\n<\/p><\/div>\n<p><a href=\"https:\/\/adevarul.ro\/stiri-interne\/evenimente\/autonomia-strategica-a-europei-nu-e-divort-de-2502962.html\" class=\"button purchase\" rel=\"nofollow noopener\" target=\"_blank\">Read More<\/a><\/p>\n","protected":false},"excerpt":{"rendered":"<p>Rom\u00e2nia ezit\u0103 aparent s\u0103 aleag\u0103 \u00eentre UE \u0219i SUA, iar pre\u0219edintele Nicu\u0219or Dan sus\u021bine c\u0103 se analizeaz\u0103 oferta american\u0103 de a face parte din Consiliul [&hellip;]<\/p>\n","protected":false},"author":1,"featured_media":10614,"comment_status":"open","ping_status":"open","sticky":false,"template":"","format":"standard","meta":{"_monsterinsights_skip_tracking":false,"_monsterinsights_sitenote_active":false,"_monsterinsights_sitenote_note":"","_monsterinsights_sitenote_category":0,"footnotes":""},"categories":[6],"tags":[],"class_list":["post-10613","post","type-post","status-publish","format-standard","has-post-thumbnail","hentry","category-popular"],"aioseo_notices":[],"_links":{"self":[{"href":"https:\/\/info-eforie.ro\/index.php\/wp-json\/wp\/v2\/posts\/10613","targetHints":{"allow":["GET"]}}],"collection":[{"href":"https:\/\/info-eforie.ro\/index.php\/wp-json\/wp\/v2\/posts"}],"about":[{"href":"https:\/\/info-eforie.ro\/index.php\/wp-json\/wp\/v2\/types\/post"}],"author":[{"embeddable":true,"href":"https:\/\/info-eforie.ro\/index.php\/wp-json\/wp\/v2\/users\/1"}],"replies":[{"embeddable":true,"href":"https:\/\/info-eforie.ro\/index.php\/wp-json\/wp\/v2\/comments?post=10613"}],"version-history":[{"count":0,"href":"https:\/\/info-eforie.ro\/index.php\/wp-json\/wp\/v2\/posts\/10613\/revisions"}],"wp:featuredmedia":[{"embeddable":true,"href":"https:\/\/info-eforie.ro\/index.php\/wp-json\/wp\/v2\/media\/10614"}],"wp:attachment":[{"href":"https:\/\/info-eforie.ro\/index.php\/wp-json\/wp\/v2\/media?parent=10613"}],"wp:term":[{"taxonomy":"category","embeddable":true,"href":"https:\/\/info-eforie.ro\/index.php\/wp-json\/wp\/v2\/categories?post=10613"},{"taxonomy":"post_tag","embeddable":true,"href":"https:\/\/info-eforie.ro\/index.php\/wp-json\/wp\/v2\/tags?post=10613"}],"curies":[{"name":"wp","href":"https:\/\/api.w.org\/{rel}","templated":true}]}}