{"id":10593,"date":"2026-01-23T02:55:07","date_gmt":"2026-01-23T02:55:07","guid":{"rendered":"https:\/\/info-eforie.ro\/index.php\/2026\/01\/23\/abuzurile-care-socheaza-minnesota-copil-de-gradinita-saltat-de-ice-si-un-agent-care-a-intrat-cu-arma-scoasa-intr-un-restaurant\/"},"modified":"2026-01-23T02:55:07","modified_gmt":"2026-01-23T02:55:07","slug":"abuzurile-care-socheaza-minnesota-copil-de-gradinita-saltat-de-ice-si-un-agent-care-a-intrat-cu-arma-scoasa-intr-un-restaurant","status":"publish","type":"post","link":"https:\/\/info-eforie.ro\/index.php\/2026\/01\/23\/abuzurile-care-socheaza-minnesota-copil-de-gradinita-saltat-de-ice-si-un-agent-care-a-intrat-cu-arma-scoasa-intr-un-restaurant\/","title":{"rendered":"Abuzurile care \u0219ocheaz\u0103 Minnesota: copil de gr\u0103dini\u021b\u0103 s\u0103ltat de ICE \u0219i un agent care a intrat cu arma scoas\u0103 \u00eentr-un restaurant"},"content":{"rendered":"<div>\n<p>Serviciul pentru Imigra\u021bie \u0219i Control Vamal al SUA (ICE) a re\u021binut un copil de cinci ani din Minnesota, \u00een timp ce se \u00eentorcea acas\u0103 de la \u0219coal\u0103, \u0219i l-a transportat, \u00eempreun\u0103 cu tat\u0103l s\u0103u, \u00eentr-un centru de deten\u021bie din Texas, potrivit oficialilor din educa\u021bie.<\/p>\n<div><picture loading=\"eager\" width=\"1400\" height=\"750\" alt=\"Liam Ramos, \u00een v\u00e2rst\u0103 de 5 ani FOTO Columbia Heights Public Schools\"><source type=\"image\/webp\"  media=\"(min-width: 1400px)\"><source type=\"image\/webp\"  media=\"(min-width: 1000px)\"><source type=\"image\/webp\"  media=\"(min-width: 700px)\"><source type=\"image\/jpeg\"  media=\"(min-width: 1400px)\"><source type=\"image\/jpeg\"  media=\"(min-width: 1000px)\"><source type=\"image\/jpeg\"  media=\"(min-width: 700px)\"><img fetchpriority=\"high\" decoding=\"async\" src=\"https:\/\/cdn.adh.reperio.news\/image-1\/1a3768a7-d438-4f0a-ad6f-e83d067fb03a\/index.jpeg?p=a%3D1%26co%3D1.05%26w%3D700%26h%3D750%26r%3Dcontain%26c%3D0%252C0.023%252C1%252C0.526%26f%3Dwebp\" alt=\"Liam Ramos, \u00een v\u00e2rst\u0103 de 5 ani FOTO Columbia Heights Public Schools\" width=\"1400\" height=\"750\" loading=\"eager\"><\/picture>\n<p>Liam Ramos, \u00een v\u00e2rst\u0103 de 5 ani FOTO Columbia Heights Public Schools<\/p>\n<\/div>\n<p>Liam Ramos, un copil de gr\u0103dini\u021b\u0103, \u0219i tat\u0103l s\u0103u au fost lua\u021bi \u00een custodie chiar \u00een aleea casei lor, a declarat miercuri, \u00eentr-o conferin\u021b\u0103 de pres\u0103, inpectorului districtului \u0219colar din Columbia Heights, <a href=\"https:\/\/adevarul.ro\/stiri-externe\/sua\/noi-detalii-in-cazul-femeii-impuscate-de-agentul-2501348.html\">o suburbie a ora\u0219ului Minneapolis<\/a>. Liam, care \u00eemplinise recent cinci ani, este unul dintre cei patru copii din districtul \u0219colar care au fost re\u021binu\u021bi de agen\u021bi federali de imigra\u021bie \u00een ultimele dou\u0103 s\u0103pt\u0103m\u00e2ni, \u00een contextul intensific\u0103rii ac\u021biunilor de aplicare a legii \u00een regiune \u00een timpul administra\u021biei Trump, a precizat districtul, scrie <a href=\"https:\/\/www.theguardian.com\/us-news\/2026\/jan\/21\/ice-arrests-five-year-old-boy-minnesota\" rel=\"nofollow\">The Guardian.<\/a><\/p>\n<p>Potrivit inspectorului \u0219colar Zena Stenvik, Liam \u0219i tat\u0103l s\u0103u tocmai ajunseser\u0103 acas\u0103 c\u00e2nd au fost re\u021binu\u021bi. Aceasta a spus c\u0103 s-a deplasat la domiciliu imediat ce a aflat despre incidente.<\/p>\n<p>La sosirea sa, a relatat Stenvik, ma\u0219ina tat\u0103lui era \u00eenc\u0103 pornit\u0103, iar acesta \u0219i fiul s\u0103u fuseser\u0103 deja re\u021binu\u021bi. Un agent \u00eel scosese pe Liam din ma\u0219in\u0103, \u00eel condusese p\u00e2n\u0103 la u\u0219a casei \u0219i \u00eei ceruse s\u0103 bat\u0103 la u\u0219\u0103 pentru a fi l\u0103sat s\u0103 intre, \u201epentru a vedea dac\u0103 mai este cineva acas\u0103 \u2013 practic folosindu-l pe un copil de cinci ani drept momeal\u0103\u201d, a declarat superintendenta \u00eentr-un comunicat.<\/p>\n<p>Stenvik a mai spus c\u0103 un alt adult care locuia \u00een cas\u0103 se afla afar\u0103 \u00een timpul interven\u021biei \u0219i a implorat agen\u021bii s\u0103 i se permit\u0103 s\u0103 aib\u0103 grij\u0103 de Liam, pentru ca b\u0103iatul s\u0103 evite deten\u021bia, \u00eens\u0103 cererea a fost refuzat\u0103. Fratele mai mare al lui Liam, elev de gimnaziu, a ajuns acas\u0103 20 de minute mai t\u00e2rziu \u0219i a constatat c\u0103 tat\u0103l \u0219i fratele s\u0103u disp\u0103ruser\u0103, a precizat Stenvik. Doi directori de \u0219coli din district au ajuns, de asemenea, la locuin\u021b\u0103 pentru a oferi sprijin.<\/p>\n<p>Oficialii \u0219colii au f\u0103cut publice dou\u0103 fotografii de la interven\u021bie: una \u00eel arat\u0103 pe Liam, purt\u00e2nd o c\u0103ciul\u0103 albastr\u0103, \u00een fa\u021ba u\u0219ii casei, al\u0103turi de un agent mascat; cealalt\u0103 \u00eel surprinde pe Liam l\u00e2ng\u0103 o ma\u0219in\u0103, \u00een timp ce un b\u0103rbat \u00eei \u021bine rucsacul.<\/p>\n<div data-props=\"%7B%22data%22%3A%7B%22images%22%3A%5B%7B%22animated%22%3A0%2C%22created_at%22%3A%222026-01-22T04%3A39%3A21.000Z%22%2C%22created_by%22%3A245%2C%22entity_type%22%3A%22media%22%2C%22extension%22%3A%22jpeg%22%2C%22id%22%3A%2293ab46b3-42cc-451c-b7f1-89c11949e134%22%2C%22origin_duration%22%3Anull%2C%22origin_hash%22%3A%226d0aa499fd303b057de7f90b63e992db4fefeb65%22%2C%22origin_height%22%3A1630%2C%22origin_name%22%3A%22G_PQr5zWgAEt_xH.jpg%22%2C%22origin_size%22%3A222646%2C%22origin_width%22%3A1300%2C%22path%22%3A%22image-9%2F93ab46b3-42cc-451c-b7f1-89c11949e134%2Findex.jpeg%22%2C%22prevent_prune%22%3A0%2C%22published%22%3A0%2C%22restrict_domains%22%3Anull%2C%22status%22%3A%22ready%22%2C%22title%22%3A%22FOTO%20Columbia%20Heights%20Public%20Schools%22%2C%22type%22%3A%22image%22%2C%22updated_at%22%3A%222026-01-22T04%3A39%3A41.000Z%22%2C%22url%22%3A%22https%3A%2F%2Fcdn.adh.reperio.news%2Fimage-9%2F93ab46b3-42cc-451c-b7f1-89c11949e134%2Findex.jpeg%22%2C%22video_raw%22%3Anull%2C%22video_thumbnail%22%3Anull%7D%2C%7B%22animated%22%3A0%2C%22created_at%22%3A%222026-01-22T04%3A39%3A21.000Z%22%2C%22created_by%22%3A245%2C%22entity_type%22%3A%22media%22%2C%22extension%22%3A%22jpeg%22%2C%22id%22%3A%221a3768a7-d438-4f0a-ad6f-e83d067fb03a%22%2C%22origin_duration%22%3Anull%2C%22origin_hash%22%3A%224e61ffa053e2dbc2d0aa423498fdec766bf527fd%22%2C%22origin_height%22%3A1424%2C%22origin_name%22%3A%22G_O0VowXYAAXi2W.jpg%22%2C%22origin_size%22%3A184523%2C%22origin_width%22%3A1080%2C%22path%22%3A%22image-1%2F1a3768a7-d438-4f0a-ad6f-e83d067fb03a%2Findex.jpeg%22%2C%22prevent_prune%22%3A0%2C%22published%22%3A0%2C%22restrict_domains%22%3Anull%2C%22status%22%3A%22ready%22%2C%22title%22%3A%22FOTO%20Columbia%20Heights%20Public%20Schools%22%2C%22type%22%3A%22image%22%2C%22updated_at%22%3A%222026-01-22T04%3A39%3A34.000Z%22%2C%22url%22%3A%22https%3A%2F%2Fcdn.adh.reperio.news%2Fimage-1%2F1a3768a7-d438-4f0a-ad6f-e83d067fb03a%2Findex.jpeg%22%2C%22video_raw%22%3Anull%2C%22video_thumbnail%22%3Anull%7D%5D%7D%2C%22id%22%3A%22snAupeGCbl%22%2C%22type%22%3A%22imageGallery%22%2C%22lines%22%3A10%2C%22linesAbove%22%3A62%2C%22index%22%3A7%2C%22paragraphsAbove%22%3A6%2C%22percentage%22%3A0.38271604938271603%2C%22linesBellow%22%3A100%7D\" data-context=\"%7B%22parentBlockColumnCount%22%3A%7B%22value%22%3A0%2C%22type%22%3A%22store%2Freadable%22%7D%2C%22parentBlockBackgroundColor%22%3A%7B%22type%22%3A%22store%2Freadable%22%7D%7D\" data-component=\"EditorImageGallery\">\n<picture loading=\"lazy\" width=\"1136\" height=\"800\" alt=\"FOTO Columbia Heights Public Schools\"><source type=\"image\/webp\"  media=\"(min-width: 1136px)\"><source type=\"image\/webp\"  media=\"(min-width: 800px)\"><source type=\"image\/webp\"  media=\"(min-width: 500px)\"><source type=\"image\/jpeg\"  media=\"(min-width: 1136px)\"><source type=\"image\/jpeg\"  media=\"(min-width: 800px)\"><source type=\"image\/jpeg\"  media=\"(min-width: 500px)\"><img decoding=\"async\" src=\"https:\/\/cdn.adh.reperio.news\/image-9\/93ab46b3-42cc-451c-b7f1-89c11949e134\/index.jpeg?p=a%3D1%26co%3D1.05%26w%3D500%26h%3D350%26r%3Dcontain%26f%3Dwebp\" alt=\"FOTO Columbia Heights Public Schools\" width=\"1136\" height=\"800\" loading=\"lazy\"><\/picture>\n<p><span>Imaginea 1\/2:<\/span><br \/>\n                FOTO Columbia Heights Public Schools<\/p>\n<\/div>\n<p>Marc Prokosch, avocatul familiei, a declarat c\u0103 aceasta are un dosar de azil activ \u0219i a prezentat documente care arat\u0103 c\u0103 tat\u0103l \u0219i fiul au intrat \u00een SUA printr-un punct oficial de frontier\u0103.\u00a0<i>\u201eFamilia a f\u0103cut tot ce trebuia, conform regulilor stabilite\u201d<\/i>, a spus el.<i> \u201eNu au intrat ilegal \u00een \u021bar\u0103. Nu sunt infractori.\u201d <\/i>Avocatul a mai afirmat c\u0103 nu exist\u0103 niciun ordin de deportare pe numele lor \u0219i c\u0103, din c\u00e2te \u0219tie, tat\u0103l \u0219i fiul se afl\u0103 \u00eempreun\u0103 \u00een deten\u021bie.<\/p>\n<p><i>\u201eDe ce s\u0103 re\u021bii un copil de cinci ani? Nu pute\u021bi s\u0103-mi spune\u021bi c\u0103 acest copil poate fi clasificat drept un infractor violent\u201d<\/i>, a declarat Stenvik.<\/p>\n<h2>Nu este primul caz \u00een care sunt implica\u021bi minori<\/h2>\n<p>Tot mar\u021bi, un elev de 17 ani din Columbia Heights a fost re\u021binut de \u201eagen\u021bi \u00eenarma\u021bi \u0219i masca\u021bi\u201d, \u00een absen\u021ba p\u0103rin\u021bilor, a mai spus Stenvik. Elevul a fost scos din ma\u0219in\u0103.<\/p>\n<p>\u00centr-un alt caz, pe 14 ianuarie, agen\u021bi ICE <i>\u201eau p\u0103truns cu for\u021ba \u00eentr-un apartament\u201d <\/i>\u0219i au re\u021binut o elev\u0103 de liceu \u00een v\u00e2rst\u0103 de 17 ani \u0219i pe mama acesteia, a declarat superintendenta.<\/p>\n<p>\u00centr-un al patrulea caz, pe 6 ianuarie, o elev\u0103 de clasa a IV-a, \u00een v\u00e2rst\u0103 de 10 ani, ar fi fost re\u021binut\u0103 de ICE \u00een drum spre \u0219coala primar\u0103, \u00eempreun\u0103 cu mama sa. Superintendenta a spus c\u0103 feti\u021ba l-a sunat pe tat\u0103l ei \u00een timpul arest\u0103rilor \u0219i i-a spus c\u0103 <a href=\"https:\/\/adevarul.ro\/stiri-externe\/sua\/ce-este-ice-si-ce-putere-au-agentii-sai-tragedia-2499595.html\">agen\u021bii ICE<\/a> o vor duce la \u0219coal\u0103, \u00eens\u0103 c\u00e2nd tat\u0103l a ajuns la unitatea de \u00eenv\u0103\u021b\u0103m\u00e2nt a descoperit c\u0103 at\u00e2t fiica, c\u00e2t \u0219i so\u021bia sa fuseser\u0103 luate. P\u00e2n\u0103 la finalul acelei zile de \u0219coal\u0103, mama \u0219i fiica se aflau \u00eentr-un centru de deten\u021bie din Texas.<\/p>\n<p>Stenvik a relatat c\u0103, \u00een timp ce oficialii \u0219colari se preg\u0103teau pentru conferin\u021ba de pres\u0103 de miercuri dup\u0103-amiaz\u0103, un vehicul ICE a intrat pe proprietatea liceului din district \u0219i a fost rugat de administratori s\u0103 plece.<\/p>\n<p><i>\u201eAgen\u021bii ICE patruleaz\u0103 cartierele noastre, ocolesc \u0219colile, urm\u0103resc autobuzele, intr\u0103 \u00een parc\u0103rile noastre \u0219i ne iau copiii\u201d<\/i>, a spus Stenvik.<\/p>\n<p><i>\u201eCopiii no\u0219tri sunt traumatiza\u021bi. Sentimentul de siguran\u021b\u0103 din comunitatea noastr\u0103 \u0219i din jurul \u0219colilor a fost zdruncinat\u201d, a spus Stenvik. \u201ePot vorbi \u00een numele \u00eentregului personal \u0219colar c\u00e2nd spun c\u0103 inimile noastre sunt fr\u00e2nte. Dup\u0103 ce al patrulea elev a fost luat ieri, m-am g\u00e2ndit c\u0103 cineva trebuie s\u0103 aud\u0103 aceast\u0103 poveste. Sunt lua\u021bi copii.\u201d<\/i><\/p>\n<p>Oficialii \u0219colii au spus c\u0103 unele familii aleg s\u0103 r\u0103m\u00e2n\u0103 acas\u0103 de teama ICE.<\/p>\n<h2>Scene \u0219ocante \u00eentr-un restaurant\u00a0<\/h2>\n<p>Totodat\u0103, imagini video surprinse \u00eentr-un restaurant din St. Paul arat\u0103 un agent federal intr\u00e2nd \u00een local cu pistolul scos. Scenele au fost filmate luni de proprietarii restaurantului East Side Thai, situat la adresa 879 Payne St., \u00een momentul \u00een care o echip\u0103 de agen\u021bi ICE pare s\u0103 caute un civil, scrie <a href=\"https:\/\/bringmethenews.com\/minnesota-news\/video-shows-ice-agent-enter-st-paul-restaurant-with-gun-drawn-during-street-search\" rel=\"nofollow\">presa local\u0103.<\/a><\/p>\n<p>Persoana vizat\u0103 este surprins\u0103 alerg\u00e2nd prin fa\u021ba restaurantului, iar c\u00e2teva secunde mai t\u00e2rziu, un SUV f\u0103r\u0103 \u00eensemne opre\u0219te \u00een zon\u0103. Agentul pare s\u0103 nu fi observat b\u0103rbatul care a trecut \u00een fug\u0103 prin fa\u021ba localului \u0219i intr\u0103 \u00een schimb \u00een restaurant, av\u00e2nd deja arma scoas\u0103.<\/p>\n<p>Kou Lee, coproprietar al East Side Thai, a scris pe Facebook: <i>\u201e\u00cen aceast\u0103 zi MLK, ICE umbl\u0103 pe aici alerg\u00e2nd dup\u0103 copii \u0219i intr\u00e2nd \u00een localuri cu arma preg\u0103tit\u0103<\/i>.\u00a0<i>Agentul ICE ne-a acuzat c\u0103 am ascuns copilul. El a trecut \u00een fug\u0103 pe l\u00e2ng\u0103 afacerea mea, nu a intrat \u00een ea. Oricum, toat\u0103 lumea este bine, doar pu\u021bin traumatizat\u0103. Ave\u021bi grij\u0103.\u201d<\/i><\/p>\n<p><i>Sursa: Facebook \/ Kou Lee<\/i><\/p>\n<p>\u00cen ultimele zile, ICE \u0219i alte autorit\u0103\u021bi federale s-au concentrat asupra zonei East Side din St. Paul. Acest lucru a st\u00e2rnit furia primarului ora\u0219ului St. Paul, Kaohly Her, dup\u0103 ce o locuin\u021b\u0103 a fost perchezi\u021bionat\u0103, iar un bunic nevinovat, \u00een v\u00e2rst\u0103 de 57 de ani, a fost scos afar\u0103 purt\u00e2nd doar boxeri, Crocs \u0219i o p\u0103tur\u0103.<\/p>\n<div><picture loading=\"lazy\" width=\"1400\" height=\"750\" alt=\"FOTO Facebook\"><source type=\"image\/webp\"  media=\"(min-width: 1400px)\"><source type=\"image\/webp\"  media=\"(min-width: 1000px)\"><source type=\"image\/webp\"  media=\"(min-width: 700px)\"><source type=\"image\/png\"  media=\"(min-width: 1400px)\"><source type=\"image\/png\"  media=\"(min-width: 1000px)\"><source type=\"image\/png\"  media=\"(min-width: 700px)\"><img decoding=\"async\" src=\"https:\/\/cdn.adh.reperio.news\/image-d\/db2d6005-1cab-483b-bd13-375c8b261c35\/index.png?p=a%3D1%26co%3D1.05%26w%3D700%26h%3D750%26r%3Dcontain%26c%3D0.311%252C0.086%252C0.689%252C0.66%26f%3Dwebp\" alt=\"FOTO Facebook\" width=\"1400\" height=\"750\" loading=\"lazy\"><\/picture>\n<p>FOTO Facebook<\/p>\n<\/div><\/div>\n<p><a href=\"https:\/\/adevarul.ro\/stiri-externe\/sua\/ice-a-retinut-un-copil-de-5-ani-in-timp-ce-se-2502667.html\" class=\"button purchase\" rel=\"nofollow noopener\" target=\"_blank\">Read More<\/a><\/p>\n","protected":false},"excerpt":{"rendered":"<p>Serviciul pentru Imigra\u021bie \u0219i Control Vamal al SUA (ICE) a re\u021binut un copil de cinci ani din Minnesota, \u00een timp ce se \u00eentorcea acas\u0103 de [&hellip;]<\/p>\n","protected":false},"author":1,"featured_media":10594,"comment_status":"open","ping_status":"open","sticky":false,"template":"","format":"standard","meta":{"_monsterinsights_skip_tracking":false,"_monsterinsights_sitenote_active":false,"_monsterinsights_sitenote_note":"","_monsterinsights_sitenote_category":0,"footnotes":""},"categories":[6],"tags":[],"class_list":["post-10593","post","type-post","status-publish","format-standard","has-post-thumbnail","hentry","category-popular"],"aioseo_notices":[],"_links":{"self":[{"href":"https:\/\/info-eforie.ro\/index.php\/wp-json\/wp\/v2\/posts\/10593","targetHints":{"allow":["GET"]}}],"collection":[{"href":"https:\/\/info-eforie.ro\/index.php\/wp-json\/wp\/v2\/posts"}],"about":[{"href":"https:\/\/info-eforie.ro\/index.php\/wp-json\/wp\/v2\/types\/post"}],"author":[{"embeddable":true,"href":"https:\/\/info-eforie.ro\/index.php\/wp-json\/wp\/v2\/users\/1"}],"replies":[{"embeddable":true,"href":"https:\/\/info-eforie.ro\/index.php\/wp-json\/wp\/v2\/comments?post=10593"}],"version-history":[{"count":0,"href":"https:\/\/info-eforie.ro\/index.php\/wp-json\/wp\/v2\/posts\/10593\/revisions"}],"wp:featuredmedia":[{"embeddable":true,"href":"https:\/\/info-eforie.ro\/index.php\/wp-json\/wp\/v2\/media\/10594"}],"wp:attachment":[{"href":"https:\/\/info-eforie.ro\/index.php\/wp-json\/wp\/v2\/media?parent=10593"}],"wp:term":[{"taxonomy":"category","embeddable":true,"href":"https:\/\/info-eforie.ro\/index.php\/wp-json\/wp\/v2\/categories?post=10593"},{"taxonomy":"post_tag","embeddable":true,"href":"https:\/\/info-eforie.ro\/index.php\/wp-json\/wp\/v2\/tags?post=10593"}],"curies":[{"name":"wp","href":"https:\/\/api.w.org\/{rel}","templated":true}]}}