{"id":10577,"date":"2026-01-23T01:54:48","date_gmt":"2026-01-23T01:54:48","guid":{"rendered":"https:\/\/info-eforie.ro\/index.php\/2026\/01\/23\/croatii-au-reactionat-categoric-dupa-dinamo-zagreb-am-zdrobit-i-am-subordonat-romanii-nu-au-concurat-cu-adevarat\/"},"modified":"2026-01-23T01:54:48","modified_gmt":"2026-01-23T01:54:48","slug":"croatii-au-reactionat-categoric-dupa-dinamo-zagreb-am-zdrobit-i-am-subordonat-romanii-nu-au-concurat-cu-adevarat","status":"publish","type":"post","link":"https:\/\/info-eforie.ro\/index.php\/2026\/01\/23\/croatii-au-reactionat-categoric-dupa-dinamo-zagreb-am-zdrobit-i-am-subordonat-romanii-nu-au-concurat-cu-adevarat\/","title":{"rendered":"Croa\u021bii au reac\u021bionat categoric dup\u0103 Dinamo Zagreb -am zdrobit, i-am subordonat! Rom\u00e2nii nu au concurat cu adev\u0103rat\u201d"},"content":{"rendered":"<div>\n<p>Monsef Bakrar a deblocat tabela de marcaj \u00een minutul 7, iar Beljo Drena a dublat avantajul \u00een minutul 11. Daniel B\u00eerligea a mic\u0219orat diferen\u021ba \u00een minutul 42, iar \u00een actul secund Dinamo Zagreb a turat \u0219i mai mult motoarele.<\/p>\n<p>Mai \u00eent\u00e2i, Beljo a realizat \u201ddubla\u201d \u00een minutul 71 \u0219i a dus scorul la 3-1, iar \u00een minutele de prelungire Sandro Kulenovic a \u00eenchis tabela de marcaj la 4-1. Dinamo Zagreb a mai avut \u0219i un gol anulat pe motiv de ofsaid.<\/p>\n<h2><strong>Croa\u021bii au reac\u021bionat categoric dup\u0103 Dinamo Zagreb &#8211; FCSB: \u201dI-am zdrobit, i-am subordonat! Rom\u00e2nii nu au concurat cu adev\u0103rat\u201d<\/strong><br \/><\/h2>\n<p>Presa din Croa\u021bia a reac\u021bionat imediat dup\u0103 ce Dinamo Zagreb a reu\u0219it s\u0103 o \u00eenving\u0103 la scor pe campioana Rom\u00e2niei, FCSB, care a avut multe sincope \u00een defensiv\u0103 \u0219i care nu a fost letal\u0103 nici \u00een faza ofensiv\u0103.<\/p>\n<p><strong>\u201dSear\u0103 de vis la Maksimir\u201d<\/strong>, a titrat <a href=\"https:\/\/sportske.jutarnji.hr\/sn\/nogomet\/hnl\/klubovi\/dinamo\/video-maksimirska-vecer-iz-snova-dinamo-srusio-rumunje-beljo-s-dva-gola-junak-utakmice-zabijali-i-bakrar-kulenovic-15664390\" rel=\"noopener noreferrer\" target=\"_blank\">Sportske Jutarnji<\/a>.<\/p>\n<p><strong>\u201dDinamo a f\u0103cut ce trebuia, a \u00eenvins-o pe FCSB. Fotbali\u0219tii au jucat un meci extrem de important cu \u00eencredere \u0219i au dominat, au controlat \u00een mare parte evenimentele de pe teren pe tot parcursul meciului.<br \/><\/strong><\/p>\n<p><strong>Rom\u00e2nii au fost subordona\u021bi r\u0103zboinicilor alba\u0219tri \u0219i nu au putut concura cu adev\u0103rat serios.<br \/><\/strong><\/p>\n<p><strong>Dinamo a zdrobit-o pe FCSB joi, marc\u00e2nd patru goluri, o echip\u0103 pe care to\u021bi fanii au vrut s\u0103 o vad\u0103. C\u0103pitanul Misic a jucat superb, dar eroul meciului a fost Drena Beljo, care a \u00eenscris de dou\u0103 ori\u201d<\/strong>, a mai scris publica\u021bia anterior men\u021bionat\u0103.<\/p>\n<\/div>\n<p><a href=\"https:\/\/www.sport.ro\/europa-league\/croatii-au-reactionat-categoric-dupa-dinamo-zagreb-fcsb-i-am-zdrobit-i-am-subordonat-romanii-nu-au-concurat-cu-adevarat.html\" class=\"button purchase\" rel=\"nofollow noopener\" target=\"_blank\">Read More<\/a><\/p>\n","protected":false},"excerpt":{"rendered":"<p>Monsef Bakrar a deblocat tabela de marcaj \u00een minutul 7, iar Beljo Drena a dublat avantajul \u00een minutul 11. Daniel B\u00eerligea a mic\u0219orat diferen\u021ba \u00een [&hellip;]<\/p>\n","protected":false},"author":1,"featured_media":10578,"comment_status":"open","ping_status":"open","sticky":false,"template":"","format":"standard","meta":{"_monsterinsights_skip_tracking":false,"_monsterinsights_sitenote_active":false,"_monsterinsights_sitenote_note":"","_monsterinsights_sitenote_category":0,"footnotes":""},"categories":[7],"tags":[],"class_list":["post-10577","post","type-post","status-publish","format-standard","has-post-thumbnail","hentry","category-sports"],"aioseo_notices":[],"_links":{"self":[{"href":"https:\/\/info-eforie.ro\/index.php\/wp-json\/wp\/v2\/posts\/10577","targetHints":{"allow":["GET"]}}],"collection":[{"href":"https:\/\/info-eforie.ro\/index.php\/wp-json\/wp\/v2\/posts"}],"about":[{"href":"https:\/\/info-eforie.ro\/index.php\/wp-json\/wp\/v2\/types\/post"}],"author":[{"embeddable":true,"href":"https:\/\/info-eforie.ro\/index.php\/wp-json\/wp\/v2\/users\/1"}],"replies":[{"embeddable":true,"href":"https:\/\/info-eforie.ro\/index.php\/wp-json\/wp\/v2\/comments?post=10577"}],"version-history":[{"count":0,"href":"https:\/\/info-eforie.ro\/index.php\/wp-json\/wp\/v2\/posts\/10577\/revisions"}],"wp:featuredmedia":[{"embeddable":true,"href":"https:\/\/info-eforie.ro\/index.php\/wp-json\/wp\/v2\/media\/10578"}],"wp:attachment":[{"href":"https:\/\/info-eforie.ro\/index.php\/wp-json\/wp\/v2\/media?parent=10577"}],"wp:term":[{"taxonomy":"category","embeddable":true,"href":"https:\/\/info-eforie.ro\/index.php\/wp-json\/wp\/v2\/categories?post=10577"},{"taxonomy":"post_tag","embeddable":true,"href":"https:\/\/info-eforie.ro\/index.php\/wp-json\/wp\/v2\/tags?post=10577"}],"curies":[{"name":"wp","href":"https:\/\/api.w.org\/{rel}","templated":true}]}}