{"id":10507,"date":"2026-01-20T02:54:55","date_gmt":"2026-01-20T02:54:55","guid":{"rendered":"https:\/\/info-eforie.ro\/index.php\/2026\/01\/20\/romanii-platesc-dublu-pentru-caldura-din-cauza-defectiunilor-din-sistemul-de-termoficare\/"},"modified":"2026-01-20T02:54:55","modified_gmt":"2026-01-20T02:54:55","slug":"romanii-platesc-dublu-pentru-caldura-din-cauza-defectiunilor-din-sistemul-de-termoficare","status":"publish","type":"post","link":"https:\/\/info-eforie.ro\/index.php\/2026\/01\/20\/romanii-platesc-dublu-pentru-caldura-din-cauza-defectiunilor-din-sistemul-de-termoficare\/","title":{"rendered":"Rom\u00e2nii pl\u0103tesc dublu pentru c\u0103ldur\u0103 din cauza defec\u021biunilor din sistemul de termoficare"},"content":{"rendered":"<div>\n<p>Avariile din sistemul de termoficare au \u021binut zeci de mii de rom\u00e2ni \u00een frig \u0219i nu doar \u00een Bucure\u0219ti, ci \u0219i \u00een alte ora\u0219e precum Craiova, singura posibilitate pe care ace\u0219tia au avut-o fiind \u00eenc\u0103lzirea cu aparate care au crescut considerabil facturile la energia electric\u0103.<\/p>\n<div><picture loading=\"eager\" width=\"1400\" height=\"714\" alt=\"Bancnote de 100 \u0219i 50 de lei puse peste o factur\u0103 la energia electric\u0103\"><source type=\"image\/webp\"  media=\"(min-width: 1400px)\"><source type=\"image\/webp\"  media=\"(min-width: 1000px)\"><source type=\"image\/webp\"  media=\"(min-width: 700px)\"><source type=\"image\/png\"  media=\"(min-width: 1400px)\"><source type=\"image\/png\"  media=\"(min-width: 1000px)\"><source type=\"image\/png\"  media=\"(min-width: 700px)\"><img fetchpriority=\"high\" decoding=\"async\" src=\"https:\/\/cdn.adh.reperio.news\/image-d\/d68880bf-396e-4807-9ec7-ba02b97a7a3e\/index.png?p=a%3D1%26co%3D1.05%26w%3D700%26h%3D714%26r%3Dcontain%26f%3Dwebp\" alt=\"Bancnote de 100 \u0219i 50 de lei puse peste o factur\u0103 la energia electric\u0103\" width=\"1400\" height=\"714\" loading=\"eager\"><\/picture>\n<p>Rom\u00e2nii pl\u0103tesc dublu pentru c\u0103ldur\u0103 din cauza defec\u021biunilor din sistemul de termoficare<\/p>\n<\/div>\n<p>La factura lunar\u0103 de circa 400 lei pentru<a href=\"https:\/\/adevarul.ro\/stiri-interne\/meteo\/meteorologii-au-prelungit-pana-joi-atentionarile-2501641.html\" target=\"_blank\"> \u00eenc\u0103lzirea unui apartament<\/a> cu 2 camere \u00een Bucure\u0219ti se vor ad\u0103uga \u0219i costurile cu energia electric\u0103 (cca 250 kWh consum energie electric \u00een plus), respectiv cre\u0219terea facturii de energie electric\u0103 cu cca 400 de lei, potrivit calculelor efectuate de expertul \u00een energie Dumitru Chis\u0103li\u021b\u0103. \u201e<i>Cost dublu, nu pentru confort, ci pentru supravie\u021buire<\/i>\u201d, puncteaz\u0103 expertul, critic\u00e2nd lipsa de interven\u021bie a statului \u00een astfel de situa\u021bii.<\/p>\n<p><i>\u201eOamenii trebuie s\u0103 se a\u0219tepte la costuri mai mult dec\u00e2t duble pentru \u00eenc\u0103lzire \u00een luna ianuarie  2026. Urmeaz\u0103 dou\u0103 s\u0103pt\u0103m\u00e2ni de temperaturi nocturne cu temperaturi cuprinse \u00eentre -6 \u0219i \u2013 11 grade C \u00een Bucure\u0219ti, ceea ce va ad\u0103uga costuri pentru \u00eenc\u0103lzirea rom\u00e2nilor\u201d<\/i>, a ad\u0103ugat el, preciz\u00e2nd c\u0103 sumele uria\u0219e pe care sunt nevoi\u021bi rom\u00e2nii s\u0103 le pl\u0103teasc\u0103 sunt de fapt \u201e<i>costul direct al e\u0219ecului administra\u021biei, o tax\u0103 informal\u0103, dar perfect real\u0103, perceput\u0103 celor care au fost abandona\u021bi de serviciile publice\u201d<\/i>.<\/p>\n<p>Specialistul \u00een energie a amintit de data de 13 ianuarie, la ora 17:00, c\u00e2nd consumul de energie electric\u0103 a atins 9.119 MWh\/h, cel mai ridicat nivel din ultimii ani. Reac\u021bia oficial\u0103 a autorit\u0103\u021bilor, spune expertul, a fost tipic\u0103: <i>\u201econsum prea mare\u201d, \u201epresiune pe sistem\u201d<\/i>. \u201e<i>Nicio vorb\u0103 despre cauz\u0103. Nicio asumare. De parc\u0103 milioane de oameni ar fi decis simultan s\u0103 testeze limitele re\u021belei, nu s\u0103-\u0219i \u00eenc\u0103lzeasc\u0103 locuin\u021bele \u00eenghe\u021bate\u201d, <\/i>spune Chis\u0103li\u021b\u0103.<\/p>\n<h2>Mai r\u0103u ca \u00een 1989<\/h2>\n<p>\u201e<i>Acest consum record este prezentat ca o anomalie, dar realitatea este mai incomod\u0103: el este cu doar 5% sub media din 1989, \u00eentr-o Rom\u00e2nie care atunci consuma cu 74% mai mult la nivel de an. Diferen\u021ba este fundamental\u0103. Atunci consumam pentru industrie. Ast\u0103zi consum\u0103m pentru a nu \u00eenghe\u021ba. Nu progres, ci regres<\/i>\u201d, adaug\u0103 specialistul.<\/p>\n<p>Potrivit acestuia, structura produc\u021biei din acel v\u00e2rf de consum spune mai multe dec\u00e2t orice discurs politic. <\/p>\n<p>\u201e<i>Hidroenergia a asigurat 27% din necesar, fiind principalul pilon de stabilitate. Exact acea hidroenergie demonizat\u0103 ani la r\u00e2nd \u00een dezbateri superficiale, \u00een care barajele sunt tratate ca un r\u0103u absolut, iar realismul energetic este ignorat. F\u0103r\u0103 hidro, Rom\u00e2nia ar fi fost complet dependent\u0103 de importuri scumpe \u0219i incerte<\/i>.\u00a0<i>Importurile au fost cea de a doua surs\u0103 de consum \u0219i au ajuns la 23%. Acesta nu este un semn de \u201eintegrare european\u0103\u201d, ci de vulnerabilitate strategic\u0103 . \u00cen v\u00e2rf de consum, energia nu se cump\u0103r\u0103 ieftin \u0219i nici sigur. Se cump\u0103r\u0103 scump, sub presiune, iar nota de plat\u0103 ajunge tot la popula\u021bie, fie prin fapte, fie prin infla\u021bie.<\/i><\/p>\n<p><i>Cea mai mare ipocrizie este c\u0103, \u00een timp ce cet\u0103\u021benii pl\u0103tesc aceste costuri, discursul public r\u0103m\u00e2ne blocat \u00eentre sloganuri verzi \u0219i t\u0103ceri convenabile. Tranzi\u021bia energetic\u0103 este invocat\u0103, dar infrastructura real\u0103 este ignorat\u0103. Se vorbe\u0219te despre idealuri, dar se evit\u0103 deciziile grele: modernizarea termofic\u0103rii, investi\u021biile serioase \u00een capacit\u0103\u021bi stabile, asumarea costurilor politice.\u00a0<\/i><i>Aceasta nu a fost o criz\u0103 natural\u0103. A fost o criz\u0103 administrativ\u0103<\/i>\u201d, explic\u0103 expertul, ad\u0103ug\u00e2nd c\u0103 un stat care nu poate asigura c\u0103ldur\u0103 iarna nu e un stat aflat \u00een tranzi\u021bie, ci un stat care cedeaz\u0103 func\u021bional. <\/p>\n<p>\u201e<i>Iar c\u00e2nd acest e\u0219ec este pl\u0103tit direct de cet\u0103\u021beni, f\u0103r\u0103 explica\u021bii \u0219i f\u0103r\u0103 responsabilit\u0103\u021bi asumate, nu mai vorbim despre ghinion sau vreme rea, ci despre un contract social rupt. Iarna viitoare va veni din nou. \u021aevile vor fi la fel de vechi. Discursurile, la fel de goale<\/i>\u201d, argumenteaz\u0103 expertul.<\/p>\n<h2>Sistemul de termoficare din Bucure\u0219ti nu func\u021bioneaz\u0103 la capacitate maxim\u0103<\/h2>\n<p>\u00cen prezent, harta sistemului de termoficare din Bucure\u0219ti arat\u0103 c\u0103 sunt por\u021biuni \u00eentinse din cartierele cu blocuri care nu primesc suficient\u0103 c\u0103ldur\u0103.<\/p>\n<div><picture loading=\"lazy\" width=\"1400\" height=\"750\" alt=\"image\"><source type=\"image\/webp\"  media=\"(min-width: 1400px)\"><source type=\"image\/webp\"  media=\"(min-width: 1000px)\"><source type=\"image\/webp\"  media=\"(min-width: 700px)\"><source type=\"image\/png\"  media=\"(min-width: 1400px)\"><source type=\"image\/png\"  media=\"(min-width: 1000px)\"><source type=\"image\/png\"  media=\"(min-width: 700px)\"><img decoding=\"async\" src=\"https:\/\/cdn.adh.reperio.news\/image-6\/6ad2af43-5aa2-441d-bd80-a73ba9eeb374\/index.png?p=a%3D1%26co%3D1.05%26w%3D700%26h%3D750%26r%3Dcontain%26f%3Dwebp\" alt=\"image\" width=\"1400\" height=\"750\" loading=\"lazy\"><\/picture>\n\t\t\t<\/div>\n<p>Dup\u0103 cum se poate observa \u00een harta de mai sus sunt probleme majore la furnizarea agentului termic \u00een sectoarele 2, 3 \u0219i 4.<\/p>\n<p>Explica\u021biile ELCEN pentru aceast\u0103 situa\u021bie sunt pierderile mari din re\u021bea:<\/p>\n<p><i>\u201eSistemul de termoficare func\u021bioneaz\u0103 ca un circuit unitar, \u00een care<br \/>\nparametrii de livrare \u0219i cei de retur sunt str\u00e2ns lega\u021bi \u00eentre<br \/>\nei. Nu conteaz\u0103 doar ce pleac\u0103 din centralele ELCEN c\u0103tre re\u021beaua<br \/>\nde termoficare, ci \u0219i \u00een ce condi\u021bii agentul termic se \u00eentoarce<br \/>\ndin re\u021bea c\u0103tre CET-urile ELCEN. Parametrii de retur sunt asigura\u021bi<br \/>\nde c\u0103tre operatorul re\u021belei de termoficare. Atunci c\u00e2nd parametrii<br \/>\nde retur (adic\u0103 ceea ce intr\u0103 \u00een centralele ELCEN din re\u021bea) nu<br \/>\nsunt corespunz\u0103tori, \u00eentregul sistem este dezechilibrat, iar<br \/>\nechipamentele din centrale sunt supuse unor solicit\u0103ri suplimentare<br \/>\nce impun func\u021bionare cu restric\u021bii sau, \u00een cazuri extreme, oprire,<br \/>\npentru a preveni avarii majore \u0219i riscuri pentru personal.<\/i><\/p>\n<p><i>Dac\u0103 ace\u0219ti parametri<br \/>\nde retur ar fi asigura\u021bi corespunz\u0103tor, atunci \u0219i instala\u021biile<br \/>\ndin CET-urile ELCEN ar putea fi automat \u00eenc\u0103rcate la maxim, cu<br \/>\nrandamente mai bune \u0219i eficien\u021b\u0103 mai ridicat\u0103. (&#8230;)\u00a0Orice<br \/>\nsuplimentare a debitelor este posibil\u0103 doar cu reducerea pierderilor<br \/>\ndin re\u021beaua de termoficare, astfel \u00eenc\u00e2t adaosul de ap\u0103 s\u0103<br \/>\nrevin\u0103 \u00een limitele normale.<br \/>\n<\/i><\/p>\n<p><i>Subliniem \u00eenc\u0103 o dat\u0103 ca for\u021barea debitelor \u00een centrale, \u00een condi\u021biile pierderilor mari<br \/>\ndin re\u021beaua de termoficare, \u00eenseamn\u0103 <\/i><a href=\"https:\/\/adevarul.ro\/economie\/romanii-cu-venituri-minime-platesc-mai-mult-de-o-2500989.html\" target=\"_blank\">risc ridicat de avariere<br \/>\ngrav\u0103 a echipamentelor<\/a><i>\u201d.<br \/>\n<\/i><\/p>\n<\/p><\/div>\n<p><a href=\"https:\/\/adevarul.ro\/economie\/romanii-platesc-dublu-pentru-caldura-din-cauza-2501649.html\" class=\"button purchase\" rel=\"nofollow noopener\" target=\"_blank\">Read More<\/a><\/p>\n","protected":false},"excerpt":{"rendered":"<p>Avariile din sistemul de termoficare au \u021binut zeci de mii de rom\u00e2ni \u00een frig \u0219i nu doar \u00een Bucure\u0219ti, ci \u0219i \u00een alte ora\u0219e precum [&hellip;]<\/p>\n","protected":false},"author":1,"featured_media":10508,"comment_status":"open","ping_status":"open","sticky":false,"template":"","format":"standard","meta":{"_monsterinsights_skip_tracking":false,"_monsterinsights_sitenote_active":false,"_monsterinsights_sitenote_note":"","_monsterinsights_sitenote_category":0,"footnotes":""},"categories":[6],"tags":[],"class_list":["post-10507","post","type-post","status-publish","format-standard","has-post-thumbnail","hentry","category-popular"],"aioseo_notices":[],"_links":{"self":[{"href":"https:\/\/info-eforie.ro\/index.php\/wp-json\/wp\/v2\/posts\/10507","targetHints":{"allow":["GET"]}}],"collection":[{"href":"https:\/\/info-eforie.ro\/index.php\/wp-json\/wp\/v2\/posts"}],"about":[{"href":"https:\/\/info-eforie.ro\/index.php\/wp-json\/wp\/v2\/types\/post"}],"author":[{"embeddable":true,"href":"https:\/\/info-eforie.ro\/index.php\/wp-json\/wp\/v2\/users\/1"}],"replies":[{"embeddable":true,"href":"https:\/\/info-eforie.ro\/index.php\/wp-json\/wp\/v2\/comments?post=10507"}],"version-history":[{"count":0,"href":"https:\/\/info-eforie.ro\/index.php\/wp-json\/wp\/v2\/posts\/10507\/revisions"}],"wp:featuredmedia":[{"embeddable":true,"href":"https:\/\/info-eforie.ro\/index.php\/wp-json\/wp\/v2\/media\/10508"}],"wp:attachment":[{"href":"https:\/\/info-eforie.ro\/index.php\/wp-json\/wp\/v2\/media?parent=10507"}],"wp:term":[{"taxonomy":"category","embeddable":true,"href":"https:\/\/info-eforie.ro\/index.php\/wp-json\/wp\/v2\/categories?post=10507"},{"taxonomy":"post_tag","embeddable":true,"href":"https:\/\/info-eforie.ro\/index.php\/wp-json\/wp\/v2\/tags?post=10507"}],"curies":[{"name":"wp","href":"https:\/\/api.w.org\/{rel}","templated":true}]}}