{"id":10493,"date":"2026-01-20T01:56:07","date_gmt":"2026-01-20T01:56:07","guid":{"rendered":"https:\/\/info-eforie.ro\/index.php\/2026\/01\/20\/prezent-pe-santier-ionut-lupescu-a-dat-toate-detaliile-despre-noul-stadion-din-stefan-cel-mare-foarte-greu\/"},"modified":"2026-01-20T01:56:07","modified_gmt":"2026-01-20T01:56:07","slug":"prezent-pe-santier-ionut-lupescu-a-dat-toate-detaliile-despre-noul-stadion-din-stefan-cel-mare-foarte-greu","status":"publish","type":"post","link":"https:\/\/info-eforie.ro\/index.php\/2026\/01\/20\/prezent-pe-santier-ionut-lupescu-a-dat-toate-detaliile-despre-noul-stadion-din-stefan-cel-mare-foarte-greu\/","title":{"rendered":"Prezent pe \u0219antier, Ionu\u021b Lupescu a dat toate detaliile despre noul stadion din \u0218tefan cel Mare: \u201eFoarte greu!\u201d"},"content":{"rendered":"<div>\n<p>CS Dinamo a anun\u021bat oficial c\u0103 actele au fost semnate, iar lucr\u0103rile la noul complex sportiv vor \u00eencepe \u00een urm\u0103toarele zile.<\/p>\n<p>Potrivit informa\u021biilor confirmate de PRO TV, documentele au fost predate constructorului, iar \u00een zon\u0103 au fost deja aduse utilaje \u0219i au fost f\u0103cute primele m\u0103sur\u0103tori.\u00a0<\/p>\n<p>Compania Na\u021bional\u0103 de Investi\u021bii a emis ordinul de \u00eencepere a lucr\u0103rilor, stabilind data de 19 ianuarie 2026 drept moment zero al construc\u021biei.\u00a0<\/p>\n<p>O zi mai t\u00e2rziu, mar\u021bi, 20 ianuarie, fanii \u0219i reprezentan\u021bii presei sunt invita\u021bi la inaugurarea simbolic\u0103 a \u0219antierului.<\/p>\n<h2><strong>Ionu\u021b Lupescu a dat toate detaliile despre noul stadion din \u0218tefan cel Mare<br \/><\/strong><\/h2>\n<p>Prezent la fa\u021ba locului, Ionu\u021b Lupescu a vorbit pentru PRO TV \u0219i Sport.ro despre dificult\u0103\u021bile \u00eent\u00e2mpinate \u0219i importan\u021ba acestui moment pentru Dinamo.<\/p>\n<p>Fostul mare interna\u021bional a explicat c\u0103 urmeaz\u0103 o perioad\u0103 complicat\u0103, dar necesar\u0103 pentru viitorul clubului. <\/p>\n<p>Mai mult, acesta a transmis \u0219i un mesaj special pentru suporteri, pe care i-a invitat s\u0103 fie prezen\u021bi la startul lucr\u0103rilor.<\/p>\n<p><strong>\u201eDoamne ajut\u0103! Sper\u0103m cu to\u021bii, toat\u0103 gruparea dinamovist\u0103, ca de azi, de m\u00e2ine s\u0103 \u00eenceap\u0103 lucr\u0103rile \u0219i \u00een c\u00e2\u021biva ani s\u0103 avem un nou stadion.<br \/><\/strong><\/p>\n<p><strong>Nu e vorba de mine, e vorba de cei din club care de 3-4 ani au muncit foarte mult s\u0103 fac\u0103 toat\u0103 documenta\u021bia. Faptul c\u0103 au avut foarte mul\u021bi oameni care au vrut aici s\u0103 fac\u0103 un parc reziden\u021bial \u0219i au reu\u0219it s\u0103 se men\u021bin\u0103 \u0219i s\u0103 g\u0103sim finan\u021bare\u2026 A fost destul de complex, foarte greu, dar m\u0103 bucur c\u0103 p\u00e2n\u0103 la urm\u0103 suporterii m\u00e2ine vor avea posibilitatea s\u0103 vin\u0103 s\u0103 vad\u0103 cu ochii lor.<br \/><\/strong><\/p>\n<p><strong>\u0218i s\u0103 sper\u0103m c\u0103 \u00een 2-3 ani, cu toat\u0103 nostalgia pe care o avem atunci c\u00e2nd intri \u00een stadion \u0219i \u00ee\u021bi apare, ra\u021biunea ne spune c\u0103 acest club, ca s\u0103 poat\u0103 continua la un nivel \u00eenalt, \u0219i tot acest parc sportiv va trebui s\u0103 fie \u00eembun\u0103t\u0103\u021bit. Ne a\u0219teapt\u0103 2-3-4 ani foarte grei aici, dar eu sper c\u0103 atunci vom fi un hub sportiv a\u0219a cum exist\u0103 \u00een Europa. Cu c\u00e2t \u00eemb\u0103tr\u00e2nim, amintirile r\u0103m\u00e2n.<br \/><\/strong><\/p>\n<p><strong>Dac\u0103 va fi \u0219i un muzeu, cu siguran\u021b\u0103 to\u021bi colegii mei \u0219i to\u021bi sportivii clubului vor dona c\u00e2te ceva.<br \/><\/strong><\/p>\n<p>(n.r. \u2013 un mesaj pentru fani) <strong>A\u0219tept\u0103m acest moment de foarte mult timp, toat\u0103 familia dinamovist\u0103, mai ales cei din diaspora \u2013 primim foarte multe mesaje. Sper\u0103m ca m\u00e2ine, toat\u0103 lumea c\u00e2t poate, \u00een pauza de mas\u0103, s\u0103 vin\u0103 pentru o jum\u0103tate de or\u0103 s\u0103 participe aici, s\u0103 ajut\u0103m s\u0103 d\u0103m jos prima piatr\u0103 \u0219i dup\u0103 aceea s\u0103 fim al\u0103turi de echip\u0103. Ieri au avut un meci foarte bun \u0219i cred c\u0103 sunt pe un drum foarte bun\u201d<\/strong>, a spus Ionu\u021b Lupescu pentru PRO TV \u0219i Sport.ro.<\/p>\n<p>Noua aren\u0103 din \u201e\u0218tefan cel Mare\u201d va fi ridicat\u0103 de un consor\u021biu condus de BOG\u2019Art, al\u0103turi de ACI Cluj SA, Digo &#038; \u021aig\u0103na\u0219 \u0219i UTI Construction, \u00eentr-un proiect amplu care include \u0219i refacerea bazei sportive a clubului.<\/p>\n<\/div>\n<p><a href=\"https:\/\/www.sport.ro\/liga-1\/prezent-pe-santier-ionut-lupescu-a-dat-toate-detaliile-despre-noul-stadion-din-stefan-cel-mare-foarte-greu.html\" class=\"button purchase\" rel=\"nofollow noopener\" target=\"_blank\">Read More<\/a><\/p>\n","protected":false},"excerpt":{"rendered":"<p>CS Dinamo a anun\u021bat oficial c\u0103 actele au fost semnate, iar lucr\u0103rile la noul complex sportiv vor \u00eencepe \u00een urm\u0103toarele zile. Potrivit informa\u021biilor confirmate de [&hellip;]<\/p>\n","protected":false},"author":1,"featured_media":10494,"comment_status":"open","ping_status":"open","sticky":false,"template":"","format":"standard","meta":{"_monsterinsights_skip_tracking":false,"_monsterinsights_sitenote_active":false,"_monsterinsights_sitenote_note":"","_monsterinsights_sitenote_category":0,"footnotes":""},"categories":[7],"tags":[],"class_list":["post-10493","post","type-post","status-publish","format-standard","has-post-thumbnail","hentry","category-sports"],"aioseo_notices":[],"_links":{"self":[{"href":"https:\/\/info-eforie.ro\/index.php\/wp-json\/wp\/v2\/posts\/10493","targetHints":{"allow":["GET"]}}],"collection":[{"href":"https:\/\/info-eforie.ro\/index.php\/wp-json\/wp\/v2\/posts"}],"about":[{"href":"https:\/\/info-eforie.ro\/index.php\/wp-json\/wp\/v2\/types\/post"}],"author":[{"embeddable":true,"href":"https:\/\/info-eforie.ro\/index.php\/wp-json\/wp\/v2\/users\/1"}],"replies":[{"embeddable":true,"href":"https:\/\/info-eforie.ro\/index.php\/wp-json\/wp\/v2\/comments?post=10493"}],"version-history":[{"count":0,"href":"https:\/\/info-eforie.ro\/index.php\/wp-json\/wp\/v2\/posts\/10493\/revisions"}],"wp:featuredmedia":[{"embeddable":true,"href":"https:\/\/info-eforie.ro\/index.php\/wp-json\/wp\/v2\/media\/10494"}],"wp:attachment":[{"href":"https:\/\/info-eforie.ro\/index.php\/wp-json\/wp\/v2\/media?parent=10493"}],"wp:term":[{"taxonomy":"category","embeddable":true,"href":"https:\/\/info-eforie.ro\/index.php\/wp-json\/wp\/v2\/categories?post=10493"},{"taxonomy":"post_tag","embeddable":true,"href":"https:\/\/info-eforie.ro\/index.php\/wp-json\/wp\/v2\/tags?post=10493"}],"curies":[{"name":"wp","href":"https:\/\/api.w.org\/{rel}","templated":true}]}}