{"id":10320,"date":"2026-01-12T01:54:51","date_gmt":"2026-01-12T01:54:51","guid":{"rendered":"https:\/\/info-eforie.ro\/index.php\/2026\/01\/12\/verdictul-specialistului-la-faza-care-a-provocat-un-scandal-intre-xabi-alonso-si-hansi-flick-in-barcelona-real-madrid\/"},"modified":"2026-01-12T01:54:51","modified_gmt":"2026-01-12T01:54:51","slug":"verdictul-specialistului-la-faza-care-a-provocat-un-scandal-intre-xabi-alonso-si-hansi-flick-in-barcelona-real-madrid","status":"publish","type":"post","link":"https:\/\/info-eforie.ro\/index.php\/2026\/01\/12\/verdictul-specialistului-la-faza-care-a-provocat-un-scandal-intre-xabi-alonso-si-hansi-flick-in-barcelona-real-madrid\/","title":{"rendered":"Verdictul specialistului la faza care a provocat un scandal \u00eentre Xabi Alonso \u0219i Hansi Flick \u00een Barcelona \u2013 Real Madrid"},"content":{"rendered":"<div>\n<p>\u00cen repriza a doua a meciului s-a petrecut o faz\u0103 care a \u00eencins spiritele pe stadionul din Jeddah.<\/p>\n<h2>Verdictul specialistului la faza care a \u00eencins spiritele \u00een El Clasico<\/h2>\n<\/div>\n<div>\n<p>\u00cen minutul 58, Raul Asencio a \u00eencercat s\u0103 opreasc\u0103 un atac al Barcelonei \u0219i a avut o interven\u021bie dur\u0103 asupra lui Pedri. Funda\u0219ul lui Real Madrid a \u00eencercat s\u0103 loveasc\u0103 mingea, dar l-a nimerit \u00een talp\u0103 pe fotbalistul Barcelonei, care s-a pr\u0103bu\u0219it pe gazon.<\/p>\n<p>Arbitrul Jose Luis Munuera Montero a scos cartona\u0219ul galben, consider\u00e2nd c\u0103 interven\u021bia nu a fost at\u00e2t de dur\u0103 \u0219i nici inten\u021bionat\u0103, \u00eens\u0103 catalanii au protestat vehement \u0219i s-a format un meleu. Un conflict a avut loc \u0219i la marginea terenului \u00eentre Hansi Flick \u0219i Xabi Alonso.<\/p>\n<p>Fostul arbitru spaniol Alfonso Perez Burrull, acum specialist la Marca, a dat verdictul la faza petrecut\u0103 \u00een minutul 58: \u201d<strong>Aceast\u0103 faz\u0103 o v\u0103d mai degrab\u0103 de cartona\u0219 ro\u0219u dec\u00e2t de galben. Este o lovitur\u0103 a lui Asencio asupra lui Pedri. Nu este o piedic\u0103, dar este o faz\u0103 foarte greu de definit. Este posibil ca Munuera s\u0103 nu-l fi eliminat pentru c\u0103 este vorba despre o final\u0103<\/strong>\u201d.<\/p>\n<p>Apoi, Burrull a comentat \u0219i eliminarea lui Frenkie de Jong, care a v\u0103zut direct \u201dro\u0219u\u201d dup\u0103 o intrare cu talpa la Kylian Mbappe: \u201d<strong>Mi se pare c\u0103 intrarea lui De Jong asupra lui Mbappe este de cartona\u0219 ro\u0219u. Intr\u0103 cu talpa \u00eenainte, la nivelul tibiei<\/strong>\u201d.<\/p>\n<\/div>\n<p><a href=\"https:\/\/www.sport.ro\/fotbal-extern\/verdictul-specialistului-la-faza-care-a-provocat-un-scandal-intre-xabi-alonso-si-hansi-flick-in-barcelona-real-madrid.html\" class=\"button purchase\" rel=\"nofollow noopener\" target=\"_blank\">Read More<\/a><\/p>\n","protected":false},"excerpt":{"rendered":"<p>\u00cen repriza a doua a meciului s-a petrecut o faz\u0103 care a \u00eencins spiritele pe stadionul din Jeddah. Verdictul specialistului la faza care a \u00eencins [&hellip;]<\/p>\n","protected":false},"author":1,"featured_media":10321,"comment_status":"open","ping_status":"open","sticky":false,"template":"","format":"standard","meta":{"_monsterinsights_skip_tracking":false,"footnotes":""},"categories":[7],"tags":[],"class_list":["post-10320","post","type-post","status-publish","format-standard","has-post-thumbnail","hentry","category-sports"],"aioseo_notices":[],"_links":{"self":[{"href":"https:\/\/info-eforie.ro\/index.php\/wp-json\/wp\/v2\/posts\/10320","targetHints":{"allow":["GET"]}}],"collection":[{"href":"https:\/\/info-eforie.ro\/index.php\/wp-json\/wp\/v2\/posts"}],"about":[{"href":"https:\/\/info-eforie.ro\/index.php\/wp-json\/wp\/v2\/types\/post"}],"author":[{"embeddable":true,"href":"https:\/\/info-eforie.ro\/index.php\/wp-json\/wp\/v2\/users\/1"}],"replies":[{"embeddable":true,"href":"https:\/\/info-eforie.ro\/index.php\/wp-json\/wp\/v2\/comments?post=10320"}],"version-history":[{"count":0,"href":"https:\/\/info-eforie.ro\/index.php\/wp-json\/wp\/v2\/posts\/10320\/revisions"}],"wp:featuredmedia":[{"embeddable":true,"href":"https:\/\/info-eforie.ro\/index.php\/wp-json\/wp\/v2\/media\/10321"}],"wp:attachment":[{"href":"https:\/\/info-eforie.ro\/index.php\/wp-json\/wp\/v2\/media?parent=10320"}],"wp:term":[{"taxonomy":"category","embeddable":true,"href":"https:\/\/info-eforie.ro\/index.php\/wp-json\/wp\/v2\/categories?post=10320"},{"taxonomy":"post_tag","embeddable":true,"href":"https:\/\/info-eforie.ro\/index.php\/wp-json\/wp\/v2\/tags?post=10320"}],"curies":[{"name":"wp","href":"https:\/\/api.w.org\/{rel}","templated":true}]}}