{"id":10260,"date":"2026-01-09T01:54:42","date_gmt":"2026-01-09T01:54:42","guid":{"rendered":"https:\/\/info-eforie.ro\/index.php\/2026\/01\/09\/sumudica-show-nu-am-retrogradat-pe-nimeni-in-22-de-ani-cine-nu-se-dedica-sa-si-faca-bagajele\/"},"modified":"2026-01-09T01:54:42","modified_gmt":"2026-01-09T01:54:42","slug":"sumudica-show-nu-am-retrogradat-pe-nimeni-in-22-de-ani-cine-nu-se-dedica-sa-si-faca-bagajele","status":"publish","type":"post","link":"https:\/\/info-eforie.ro\/index.php\/2026\/01\/09\/sumudica-show-nu-am-retrogradat-pe-nimeni-in-22-de-ani-cine-nu-se-dedica-sa-si-faca-bagajele\/","title":{"rendered":"\u0218umudic\u0103, show: \u201eNu am retrogradat pe nimeni \u00een 22 de ani! Cine nu se dedic\u0103, s\u0103-\u0219i fac\u0103 bagajele\u201d"},"content":{"rendered":"<div>\n<p>Tehnicianul rom\u00e2n nu s-a ferit de cuvinte mari la prima sa apari\u021bie \u00een fa\u021ba jurnali\u0219tilor saudi\u021bi. <a href=\"https:\/\/www.sport.ro\/fotbal-extern\/sumudica-show-oriental-cu-tot-stafful-lui-inshallah.html\" rel=\"noopener noreferrer\"><strong>\u0218umudic\u0103<\/strong><\/a> a garantat c\u0103 echipa va r\u0103m\u00e2ne \u00een prima lig\u0103, pun\u00e2nd pe mas\u0103 cartea sa de vizit\u0103.<\/p>\n<p>\u00cen plus, antrenorul rom\u00e2n a dezv\u0103luit c\u0103 a refuzat oferte din China pentru a reveni \u00een fotbalul saudit, pe care \u00eel consider\u0103 acum \u00een top 7 mondial. \u201e\u0218umi\u201d a explicat c\u0103 a fost contactat de actuala sa echip\u0103 \u00eenc\u0103 din sezonul precedent, pe c\u00e2nd se afla pe banca celor de la Rapid, \u0219i a subliniat c\u0103 obiectivul suprem este evitarea retrograd\u0103rii.<\/p>\n<p><strong>\u201eMeseria mea \u0219i a staff-ului meu este s\u0103 salv\u0103m Al Okhdood, aceasta este provocarea pentru care am venit. Am o experien\u021b\u0103 de 22 de ani \u00een antrenorat \u0219i nicio echip\u0103 pe care am preg\u0103tit-o nu a retrogradat, ceea ce \u00eemi d\u0103 o \u00eencredere uria\u0219\u0103 c\u0103 vom dep\u0103\u0219i momentul actual. Dep\u0103\u0219irea crizei psihologice a juc\u0103torilor nu este un lucru greu, am vorbit cu to\u021bi \u0219i le \u0219tiu bine poten\u021bialul. Am \u00eenceput s\u0103 urm\u0103resc echipa de acum cinci meciuri. Nu sunt aici s\u0103-mi dezv\u0103lui planurile tactice, rezultatele sunt singurele care judec\u0103. Mul\u021bi s-au \u00eentrebat de ce am acceptat misiunea, iar r\u0103spunsul meu a fost clar: voi lupta al\u0103turi de echip\u0103 pentru a r\u0103m\u00e2ne \u00een lig\u0103 \u0219i pentru a \u00eembun\u0103t\u0103\u021bi rezultatele, mai ales c\u0103 am g\u0103sit un sprijin mare din partea conducerii\u201d<\/strong>, a spus Marius \u0218umudic\u0103 la conferin\u021ba de pres\u0103.<\/p>\n<h2>Ultimatum pentru vestiar <\/h2>\n<p>Fostul antrenor de la Al-Shabab \u0219i Al-Raed \u0219tie deja ce \u00eei lipse\u0219te echipei pentru a supravie\u021bui \u00een prima lig\u0103. \u0218umidic\u0103 a cerut conducerii \u00eent\u0103riri urgente pe trei posturi cheie: arip\u0103 st\u00e2nga, mijloca\u0219 central \u0219i atacant.<\/p>\n<p><strong>\u201eAl-Ahli este o echip\u0103 mare, cu juc\u0103tori de excep\u021bie, dar noi vom miza pe for\u021ba grupului. Le-am explicat b\u0103ie\u021bilor c\u0103 acest meci este adev\u0103ratul nostru \u00eenceput \u00een campionat. Vom lupta ca o familie, iar cine nu are un angajament total trebuie s\u0103-\u0219i fac\u0103 bagajele \u0219i s\u0103 plece! Am preferat oferta de la Al Okhdood de\u0219i am avut alte dou\u0103 propuneri, una chiar din China. Cei de aici m-au c\u0103utat \u00eenc\u0103 din sezonul trecut, c\u00e2nd antrenam la Rapid Bucure\u0219ti. M\u0103 simt confortabil \u00een Arabia Saudit\u0103, iubesc aceast\u0103 \u021bar\u0103 \u0219i respect oamenii de aici, de aceea am ales s\u0103 revin. Campionatul saudit este acum unul dintre cele mai puternice \u0219apte din lume \u0219i cre\u0219te rapid\u201d<\/strong>, a mai spus \u0218umudic\u0103.<\/p>\n<\/div>\n<p><a href=\"https:\/\/www.sport.ro\/fotbal-extern\/sumudica-show-nu-am-retrogradat-pe-nimeni-in-22-de-ani-cine-nu-se-dedica-sa-si-faca-bagajele.html\" class=\"button purchase\" rel=\"nofollow noopener\" target=\"_blank\">Read More<\/a><\/p>\n","protected":false},"excerpt":{"rendered":"<p>Tehnicianul rom\u00e2n nu s-a ferit de cuvinte mari la prima sa apari\u021bie \u00een fa\u021ba jurnali\u0219tilor saudi\u021bi. \u0218umudic\u0103 a garantat c\u0103 echipa va r\u0103m\u00e2ne \u00een prima [&hellip;]<\/p>\n","protected":false},"author":1,"featured_media":10261,"comment_status":"open","ping_status":"open","sticky":false,"template":"","format":"standard","meta":{"_monsterinsights_skip_tracking":false,"footnotes":""},"categories":[7],"tags":[],"class_list":["post-10260","post","type-post","status-publish","format-standard","has-post-thumbnail","hentry","category-sports"],"aioseo_notices":[],"_links":{"self":[{"href":"https:\/\/info-eforie.ro\/index.php\/wp-json\/wp\/v2\/posts\/10260","targetHints":{"allow":["GET"]}}],"collection":[{"href":"https:\/\/info-eforie.ro\/index.php\/wp-json\/wp\/v2\/posts"}],"about":[{"href":"https:\/\/info-eforie.ro\/index.php\/wp-json\/wp\/v2\/types\/post"}],"author":[{"embeddable":true,"href":"https:\/\/info-eforie.ro\/index.php\/wp-json\/wp\/v2\/users\/1"}],"replies":[{"embeddable":true,"href":"https:\/\/info-eforie.ro\/index.php\/wp-json\/wp\/v2\/comments?post=10260"}],"version-history":[{"count":0,"href":"https:\/\/info-eforie.ro\/index.php\/wp-json\/wp\/v2\/posts\/10260\/revisions"}],"wp:featuredmedia":[{"embeddable":true,"href":"https:\/\/info-eforie.ro\/index.php\/wp-json\/wp\/v2\/media\/10261"}],"wp:attachment":[{"href":"https:\/\/info-eforie.ro\/index.php\/wp-json\/wp\/v2\/media?parent=10260"}],"wp:term":[{"taxonomy":"category","embeddable":true,"href":"https:\/\/info-eforie.ro\/index.php\/wp-json\/wp\/v2\/categories?post=10260"},{"taxonomy":"post_tag","embeddable":true,"href":"https:\/\/info-eforie.ro\/index.php\/wp-json\/wp\/v2\/tags?post=10260"}],"curies":[{"name":"wp","href":"https:\/\/api.w.org\/{rel}","templated":true}]}}