{"id":10258,"date":"2026-01-09T01:54:43","date_gmt":"2026-01-09T01:54:43","guid":{"rendered":"https:\/\/info-eforie.ro\/index.php\/2026\/01\/09\/italienii-i-au-reprosat-un-singur-lucru-lui-cristi-chivu-nota-primita-de-antrenorul-roman-dupa-victoria-cu-parma\/"},"modified":"2026-01-09T01:54:43","modified_gmt":"2026-01-09T01:54:43","slug":"italienii-i-au-reprosat-un-singur-lucru-lui-cristi-chivu-nota-primita-de-antrenorul-roman-dupa-victoria-cu-parma","status":"publish","type":"post","link":"https:\/\/info-eforie.ro\/index.php\/2026\/01\/09\/italienii-i-au-reprosat-un-singur-lucru-lui-cristi-chivu-nota-primita-de-antrenorul-roman-dupa-victoria-cu-parma\/","title":{"rendered":"Italienii i-au repro\u0219at un singur lucru lui Cristi Chivu! Nota primit\u0103 de antrenorul rom\u00e2n dup\u0103 victoria cu Parma"},"content":{"rendered":"<div>\n<p>Nerazzurrii au marcat pentru prima oar\u0103 \u00een minutul 42 prin Federico Dimarco, iar Marcus Thuram a \u00eenscris pentru 2-0 \u00een minutul 90+8.<\/p>\n<h2>Italienii l-au l\u0103udat pe Cristi Chivu dup\u0103 victoria cu Parma<\/h2>\n<p>Cu aceast\u0103 victorie, echipa lui Cristi Chivu a ajuns la 42 de puncte \u0219i s-a desprins la patru puncte \u00een v\u00e2rful clasamentului \u00een fa\u021ba lui AC Milan, echipa de pe locul al doilea.<\/p>\n<p>Cristi Chivu a fost din nou l\u0103udat \u00een presa italian\u0103 pentru felul \u00een care a preg\u0103tit un meci al lui Inter. Jurnali\u0219tii italieni de la TuttoMercatoWeb i-au acordat antrenorului rom\u00e2n nota 7 \u0219i au remarcat c\u0103, de\u0219i Inter putea ob\u021bine o victorie mai categoric\u0103, succesul nerazzurrilor nu poate fi pus\u0103 sub semnul \u00eentreb\u0103rii.<\/p>\n<p>\u201d<strong>Poate este adev\u0103rat c\u0103, \u00eenc\u0103 o dat\u0103, Inter are nevoie de prea mult timp pentru a \u00eenchide un meci pe care ar merita s\u0103-l c\u00e2\u0219tige la o diferen\u021b\u0103 mai mare, \u00eens\u0103 aceast\u0103 victorie cu 2\u20130 nu poate fi niciodat\u0103 pus\u0103 sub semnul \u00eentreb\u0103rii. Singura dat\u0103 c\u00e2nd Inter a avut emo\u021bii a fost c\u00e2nd Ondrejka a lovit bara transversal\u0103. \u00cen rest, Inter a anticipat corect toate mut\u0103rile celor de la Parma<\/strong>\u201d, au scris italienii.<\/p>\n<h2>Clasamentul din Serie A<br \/><\/h2>\n<\/div>\n<p><a href=\"https:\/\/www.sport.ro\/italia\/italienii-i-au-reprosat-un-singur-lucru-lui-cristi-chivu-nota-primita-de-antrenorul-roman-dupa-victoria-cu-parma.html\" class=\"button purchase\" rel=\"nofollow noopener\" target=\"_blank\">Read More<\/a><\/p>\n","protected":false},"excerpt":{"rendered":"<p>Nerazzurrii au marcat pentru prima oar\u0103 \u00een minutul 42 prin Federico Dimarco, iar Marcus Thuram a \u00eenscris pentru 2-0 \u00een minutul 90+8. Italienii l-au l\u0103udat [&hellip;]<\/p>\n","protected":false},"author":1,"featured_media":10259,"comment_status":"open","ping_status":"open","sticky":false,"template":"","format":"standard","meta":{"_monsterinsights_skip_tracking":false,"footnotes":""},"categories":[7],"tags":[],"class_list":["post-10258","post","type-post","status-publish","format-standard","has-post-thumbnail","hentry","category-sports"],"aioseo_notices":[],"_links":{"self":[{"href":"https:\/\/info-eforie.ro\/index.php\/wp-json\/wp\/v2\/posts\/10258","targetHints":{"allow":["GET"]}}],"collection":[{"href":"https:\/\/info-eforie.ro\/index.php\/wp-json\/wp\/v2\/posts"}],"about":[{"href":"https:\/\/info-eforie.ro\/index.php\/wp-json\/wp\/v2\/types\/post"}],"author":[{"embeddable":true,"href":"https:\/\/info-eforie.ro\/index.php\/wp-json\/wp\/v2\/users\/1"}],"replies":[{"embeddable":true,"href":"https:\/\/info-eforie.ro\/index.php\/wp-json\/wp\/v2\/comments?post=10258"}],"version-history":[{"count":0,"href":"https:\/\/info-eforie.ro\/index.php\/wp-json\/wp\/v2\/posts\/10258\/revisions"}],"wp:featuredmedia":[{"embeddable":true,"href":"https:\/\/info-eforie.ro\/index.php\/wp-json\/wp\/v2\/media\/10259"}],"wp:attachment":[{"href":"https:\/\/info-eforie.ro\/index.php\/wp-json\/wp\/v2\/media?parent=10258"}],"wp:term":[{"taxonomy":"category","embeddable":true,"href":"https:\/\/info-eforie.ro\/index.php\/wp-json\/wp\/v2\/categories?post=10258"},{"taxonomy":"post_tag","embeddable":true,"href":"https:\/\/info-eforie.ro\/index.php\/wp-json\/wp\/v2\/tags?post=10258"}],"curies":[{"name":"wp","href":"https:\/\/api.w.org\/{rel}","templated":true}]}}