{"id":10219,"date":"2025-12-30T12:41:01","date_gmt":"2025-12-30T12:41:01","guid":{"rendered":"https:\/\/info-eforie.ro\/index.php\/2025\/12\/30\/sfasietor-cine-erau-de-fapt-cei-doi-oameni-care-au-murit-in-accidentul-suferit-de-anthony-joshua\/"},"modified":"2025-12-30T12:41:01","modified_gmt":"2025-12-30T12:41:01","slug":"sfasietor-cine-erau-de-fapt-cei-doi-oameni-care-au-murit-in-accidentul-suferit-de-anthony-joshua","status":"publish","type":"post","link":"https:\/\/info-eforie.ro\/index.php\/2025\/12\/30\/sfasietor-cine-erau-de-fapt-cei-doi-oameni-care-au-murit-in-accidentul-suferit-de-anthony-joshua\/","title":{"rendered":"Sf\u00e2\u0219ietor! Cine erau, de fapt, cei doi oameni care au murit \u00een accidentul suferit de Anthony Joshua"},"content":{"rendered":"<div>\n<p>Conform relat\u0103rilor Guardian Nigeria, unul dintre cele mai importante ziare din \u0163ar\u0103, cei doi b\u0103rba\u0163i care au murit \u00een accident sunt Sina Ghami \u015fi Kevin \u201eLatz\u201d Ayodele, preparator fizic, respectiv antrenorul personal al lui Joshua. Cei trei b\u0103rba\u0163i fuseser\u0103 v\u0103zu\u0163i \u00eempreun\u0103 cu c\u00e2teva ore mai devreme, la aeroportul din Lagos.<\/p>\n<h2><strong>Anthony Joshua a pierdut doi prieteni apropia\u0163i \u00een accidentul de ma\u015fin\u0103<br \/><\/strong><\/h2>\n<p>Mai mul\u0163i boxeri britanici au fost emo\u0163iona\u0163i de moartea celor doi b\u0103rba\u0163i. \u201eS\u0103 ne rug\u0103m pentru cei doi solda\u0163i c\u0103zu\u0163i la datorie, Latz \u015fi Sina, precum \u015fi pentru familiile lor. \u00cei cuno\u015fteam pe am\u00e2ndoi&#8230; erau ni\u015fte oameni cu adev\u0103rat buni. Odihni\u0163i-v\u0103 \u00een pace, b\u0103ie\u0163i\u201d, a scris Chris Eubank Jr. pe X. \u201e\u00cenc\u0103 sunt \u015focat\u201d, a scris Badou Jack \u00eentr-o postare pe Instagram, \u00eenso\u0163it\u0103 de mai multe fotografii cu \u201eLatz\u201d.<\/p>\n<p>Jake Paul, ultimul adversar al lui Joshua, sau campionul mondial la categoria grea Oleksandr Usyk au adus, de asemenea, un omagiu celor doi b\u0103rba\u0163i pe re\u0163elele lor de socializare.<\/p>\n<p>News.ro<\/p>\n<\/div>\n<p><a href=\"https:\/\/www.sport.ro\/box\/sfasietor-cine-erau-de-fapt-cei-doi-oameni-care-au-murit-in-accidentul-suferit-de-anthony-joshua.html\" class=\"button purchase\" rel=\"nofollow noopener\" target=\"_blank\">Read More<\/a><\/p>\n","protected":false},"excerpt":{"rendered":"<p>Conform relat\u0103rilor Guardian Nigeria, unul dintre cele mai importante ziare din \u0163ar\u0103, cei doi b\u0103rba\u0163i care au murit \u00een accident sunt Sina Ghami \u015fi Kevin [&hellip;]<\/p>\n","protected":false},"author":1,"featured_media":10220,"comment_status":"open","ping_status":"open","sticky":false,"template":"","format":"standard","meta":{"_monsterinsights_skip_tracking":false,"_monsterinsights_sitenote_active":false,"_monsterinsights_sitenote_note":"","_monsterinsights_sitenote_category":0,"footnotes":""},"categories":[7],"tags":[],"class_list":["post-10219","post","type-post","status-publish","format-standard","has-post-thumbnail","hentry","category-sports"],"aioseo_notices":[],"_links":{"self":[{"href":"https:\/\/info-eforie.ro\/index.php\/wp-json\/wp\/v2\/posts\/10219","targetHints":{"allow":["GET"]}}],"collection":[{"href":"https:\/\/info-eforie.ro\/index.php\/wp-json\/wp\/v2\/posts"}],"about":[{"href":"https:\/\/info-eforie.ro\/index.php\/wp-json\/wp\/v2\/types\/post"}],"author":[{"embeddable":true,"href":"https:\/\/info-eforie.ro\/index.php\/wp-json\/wp\/v2\/users\/1"}],"replies":[{"embeddable":true,"href":"https:\/\/info-eforie.ro\/index.php\/wp-json\/wp\/v2\/comments?post=10219"}],"version-history":[{"count":0,"href":"https:\/\/info-eforie.ro\/index.php\/wp-json\/wp\/v2\/posts\/10219\/revisions"}],"wp:featuredmedia":[{"embeddable":true,"href":"https:\/\/info-eforie.ro\/index.php\/wp-json\/wp\/v2\/media\/10220"}],"wp:attachment":[{"href":"https:\/\/info-eforie.ro\/index.php\/wp-json\/wp\/v2\/media?parent=10219"}],"wp:term":[{"taxonomy":"category","embeddable":true,"href":"https:\/\/info-eforie.ro\/index.php\/wp-json\/wp\/v2\/categories?post=10219"},{"taxonomy":"post_tag","embeddable":true,"href":"https:\/\/info-eforie.ro\/index.php\/wp-json\/wp\/v2\/tags?post=10219"}],"curies":[{"name":"wp","href":"https:\/\/api.w.org\/{rel}","templated":true}]}}