{"id":10201,"date":"2025-12-29T11:42:09","date_gmt":"2025-12-29T11:42:09","guid":{"rendered":"https:\/\/info-eforie.ro\/index.php\/2025\/12\/29\/viscolul-a-spulberat-cabinetul-medical-al-salvamont-gorj-amplasat-in-partea-superioara-a-partiei-de-schi-de-pe-varful-papusa\/"},"modified":"2025-12-29T11:42:09","modified_gmt":"2025-12-29T11:42:09","slug":"viscolul-a-spulberat-cabinetul-medical-al-salvamont-gorj-amplasat-in-partea-superioara-a-partiei-de-schi-de-pe-varful-papusa","status":"publish","type":"post","link":"https:\/\/info-eforie.ro\/index.php\/2025\/12\/29\/viscolul-a-spulberat-cabinetul-medical-al-salvamont-gorj-amplasat-in-partea-superioara-a-partiei-de-schi-de-pe-varful-papusa\/","title":{"rendered":"Viscolul a spulberat cabinetul medical al Salvamont Gorj, amplasat \u00een partea superioar\u0103 a p\u00e2rtiei de schi de pe v\u00e2rful P\u0103pu\u0219a"},"content":{"rendered":"<div>\n<p>Cabinetul medical al Serviciului Public Salvamont Gorj, amplasat \u00een partea superioar\u0103 a p\u00e2rtiei de schi de pe v\u00e2rful P\u0103pu\u0219a, a fost spulberat de viscol, a anun\u021bat duminic\u0103, 28 decembrie, Dispeceratul Na\u021bional Salvamont.<\/p>\n<div>\n<p><i>\u201ePuterea naturii &#8230;Cabinetul medical al Serviciului Public Salvamont Gorj, amenajat \u00eentr-un container metalic \u015fi amplasat \u00een partea superioar\u0103 a p\u00e2rtiei de schi de pe v\u00e2rful P\u0103pu\u015fa a fost spulberat de viscol. Chiar dac\u0103 a fost amplasat corespunz\u0103tor, pe platforma de beton \u015fi ancorat cu cabluri bine fixate \u00een beton, natura dezl\u0103n\u0163uit\u0103 s-a dovedit mai puternic\u0103\u201d<\/i>, a precizat Dispeceratul Na\u0163ional Salvamont pe Facebook.<\/p>\n<p>\u00cen perioada urm\u0103toare, salvamonti\u015ftii vor analiza care sunt posibilit\u0103\u0163ile de a compensa aceast\u0103 pierdere <i>\u201eastfel \u00eenc\u00e2t calitatea serviciilor de prim ajutor medical asigurate s\u0103 se men\u0163in\u0103 la un nivel c\u00e2t mai bun,<\/i>\u201d, a comunicat\u00a0Dispeceratul Na\u0163ional Salvamont.<\/p>\n<\/div>\n<h2>Cod ro\u015fu\u00a0de\u00a0ninsori \u0219i v\u00e2nt\u00a0foarte puternic\u00a0\u00a0<\/h2>\n<p>Amintim c\u0103 Administra\u0163ia Na\u0163ional\u0103 de Meteorologie (ANM) a emis duminic\u0103, 28 decembrie, <a href=\"https:\/\/adevarul.ro\/stiri-interne\/meteo\/cod-rosu-de-ninsori-si-vant-puternic-in-zona-2497178.html\">o avertizare Cod ro\u015fu<\/a> de\u00a0<a href=\"https:\/\/adevarul.ro\/stiri-interne\/meteo\/iarna-pune-stapanire-pe-romania-ninsori-in-mare-2496361.html\">ninsori \u0219i v\u00e2nt<\/a>\u00a0foarte puternic, care vizeaz\u0103 Carpa\u021bii Meridionali \u015fi de Curbur\u0103, la altitudini de peste 1.700 metri.\u00a0 \u00a0\u00a0<\/p>\n<p>Avertizarea Cod ro\u0219u e valabil\u0103 p\u00e2n\u0103 luni la ora 10.00.<\/p>\n<div><picture loading=\"eager\" width=\"1400\" height=\"750\" alt=\"Cabinetul medical a fost spulberat de viscol. FOTO Captur\u0103 Salvamont Gorj\"><source type=\"image\/webp\"  media=\"(min-width: 1400px)\"><source type=\"image\/webp\"  media=\"(min-width: 1000px)\"><source type=\"image\/webp\"  media=\"(min-width: 700px)\"><source type=\"image\/png\"  media=\"(min-width: 1400px)\"><source type=\"image\/png\"  media=\"(min-width: 1000px)\"><source type=\"image\/png\"  media=\"(min-width: 700px)\"><img fetchpriority=\"high\" decoding=\"async\" src=\"https:\/\/cdn.adh.reperio.news\/image-3\/3ec07f31-cb20-47b2-8347-68a8c224af10\/index.png?p=a%3D1%26co%3D1.05%26w%3D700%26h%3D750%26r%3Dcontain%26c%3D0.012%252C0.1%252C0.988%252C0.897%26f%3Dwebp\" alt=\"Cabinetul medical a fost spulberat de viscol. FOTO Captur\u0103 Salvamont Gorj\" width=\"1400\" height=\"750\" loading=\"eager\"><\/picture>\n<p>Cabinetul medical a fost spulberat de viscol. FOTO Captur\u0103 Salvamont Gorj<\/p>\n<\/div>\n<p><i>\u201eVor fi ninsori \u00eenso\u021bite de v\u00e2nt foarte puternic, cu viteze la rafal\u0103 de peste 120 km\/h \u0219i care va determina sc\u0103derea vizibilit\u0103\u021bii aproape de zero<\/i>\u201d, precizeaz\u0103 ANM.<\/p>\n<p>\u00a0Sunt vizate zonele montane din jude\u021bele Gorj, Vrancea, Buz\u0103u, Prahova, Bra\u015fov, D\u00e2mbovi\u0163a, Arge\u015f, Sibiu, V\u00e2lcea, Hunedoara, Cara\u015f-Severin.<\/p>\n<p>ANM a emis \u0219i o\u00a0<a href=\"https:\/\/adevarul.ro\/stiri-interne\/meteo\/cod-portocaliu-de-vant-puternic-la-munte-rafale-2496974.html\">avertizare Cod portocaliu de viscol puternic<\/a>\u00a0\u015fi vizibilitate foarte redus\u0103 \u00een cea mai mare parte a Moldovei \u015fi local \u00een Transilvania,\u00a0valabil p\u00e2n\u0103 luni, la ora 02.00.\u00a0\u00a0<\/p>\n<\/p><\/div>\n<p><a href=\"https:\/\/adevarul.ro\/stiri-locale\/targu-jiu\/viscolul-a-spulberat-cabinetul-medical-al-2497209.html\" class=\"button purchase\" rel=\"nofollow noopener\" target=\"_blank\">Read More<\/a><\/p>\n","protected":false},"excerpt":{"rendered":"<p>Cabinetul medical al Serviciului Public Salvamont Gorj, amplasat \u00een partea superioar\u0103 a p\u00e2rtiei de schi de pe v\u00e2rful P\u0103pu\u0219a, a fost spulberat de viscol, a [&hellip;]<\/p>\n","protected":false},"author":1,"featured_media":10202,"comment_status":"open","ping_status":"open","sticky":false,"template":"","format":"standard","meta":{"_monsterinsights_skip_tracking":false,"_monsterinsights_sitenote_active":false,"_monsterinsights_sitenote_note":"","_monsterinsights_sitenote_category":0,"footnotes":""},"categories":[6],"tags":[],"class_list":["post-10201","post","type-post","status-publish","format-standard","has-post-thumbnail","hentry","category-popular"],"aioseo_notices":[],"_links":{"self":[{"href":"https:\/\/info-eforie.ro\/index.php\/wp-json\/wp\/v2\/posts\/10201","targetHints":{"allow":["GET"]}}],"collection":[{"href":"https:\/\/info-eforie.ro\/index.php\/wp-json\/wp\/v2\/posts"}],"about":[{"href":"https:\/\/info-eforie.ro\/index.php\/wp-json\/wp\/v2\/types\/post"}],"author":[{"embeddable":true,"href":"https:\/\/info-eforie.ro\/index.php\/wp-json\/wp\/v2\/users\/1"}],"replies":[{"embeddable":true,"href":"https:\/\/info-eforie.ro\/index.php\/wp-json\/wp\/v2\/comments?post=10201"}],"version-history":[{"count":0,"href":"https:\/\/info-eforie.ro\/index.php\/wp-json\/wp\/v2\/posts\/10201\/revisions"}],"wp:featuredmedia":[{"embeddable":true,"href":"https:\/\/info-eforie.ro\/index.php\/wp-json\/wp\/v2\/media\/10202"}],"wp:attachment":[{"href":"https:\/\/info-eforie.ro\/index.php\/wp-json\/wp\/v2\/media?parent=10201"}],"wp:term":[{"taxonomy":"category","embeddable":true,"href":"https:\/\/info-eforie.ro\/index.php\/wp-json\/wp\/v2\/categories?post=10201"},{"taxonomy":"post_tag","embeddable":true,"href":"https:\/\/info-eforie.ro\/index.php\/wp-json\/wp\/v2\/tags?post=10201"}],"curies":[{"name":"wp","href":"https:\/\/api.w.org\/{rel}","templated":true}]}}