{"id":10167,"date":"2025-12-28T11:41:23","date_gmt":"2025-12-28T11:41:23","guid":{"rendered":"https:\/\/info-eforie.ro\/index.php\/2025\/12\/28\/presedintele-iranului-acuza-sua-israelul-si-europa-ca-desfasoara-un-razboi-total-contra-tarii-sale\/"},"modified":"2025-12-28T11:41:23","modified_gmt":"2025-12-28T11:41:23","slug":"presedintele-iranului-acuza-sua-israelul-si-europa-ca-desfasoara-un-razboi-total-contra-tarii-sale","status":"publish","type":"post","link":"https:\/\/info-eforie.ro\/index.php\/2025\/12\/28\/presedintele-iranului-acuza-sua-israelul-si-europa-ca-desfasoara-un-razboi-total-contra-tarii-sale\/","title":{"rendered":"Pre\u0219edintele Iranului acuz\u0103 SUA, Israelul \u015fi Europa c\u0103 desf\u0103\u015foar\u0103 un r\u0103zboi total contra \u021b\u0103rii sale"},"content":{"rendered":"<div>\n<p><a href=\"https:\/\/adevarul.ro\/stiri-externe\/in-lume\/teheranul-isi-va-reconstrui-instalatiile-nucleare-2483847.html\">Pre\u015fedintele iranian Masoud Pezeshkian<\/a>\u00a0a afirmat, \u00eentr-un interviu publicat s\u00e2mb\u0103t\u0103,\u00a0 c\u0103\u00a0 SUA, Israelul \u015fi europenii desf\u0103\u015foar\u0103 un<i>\u00a0\u201er\u0103zboi total\u201d<\/i>contra Iranului, transmite AFP.\u00a0Acuza\u021biile vin la peste \u015fase luni dup\u0103 loviturile israeliano-americane contra teritoriului iranian.<\/p>\n<div><picture loading=\"eager\" width=\"1400\" height=\"750\" alt=\"Masoud Pezeshkian, la un protest fa\u021b\u0103 de atacurile SUA. FOTO PROFIMEDIA jpg\"><source type=\"image\/webp\"  media=\"(min-width: 1400px)\"><source type=\"image\/webp\"  media=\"(min-width: 1000px)\"><source type=\"image\/webp\"  media=\"(min-width: 700px)\"><source type=\"image\/jpeg\"  media=\"(min-width: 1400px)\"><source type=\"image\/jpeg\"  media=\"(min-width: 1000px)\"><source type=\"image\/jpeg\"  media=\"(min-width: 700px)\"><img fetchpriority=\"high\" decoding=\"async\" src=\"https:\/\/cdn.adh.reperio.news\/image-5\/5d198eb9-2493-49ae-ab65-febaae2d4f97\/index.jpeg?p=a%3D1%26co%3D1.05%26w%3D700%26h%3D750%26r%3Dcontain%26f%3Dwebp\" alt=\"Masoud Pezeshkian, la un protest fa\u021b\u0103 de atacurile SUA. FOTO PROFIMEDIA jpg\" width=\"1400\" height=\"750\" loading=\"eager\"><\/picture>\n<p>Masoud Pezeshkian, la un protest fa\u021b\u0103 de atacurile SUA. FOTO PROFIMEDIA jpg<\/p>\n<\/div>\n<p><i>\u201e\u00cen opinia mea, suntem \u00een <\/i>r\u0103zboi total contra Statelor Unite<i>, Israelului \u015fi Europei, ele vor s\u0103 ne pun\u0103 \u0163ara la p\u0103m\u00e2nt\u201d<\/i>, a declarat el Pezeshkian pentru website-ul oficial al ghidului suprem iranian, ayatollahul Ali Khamenei.<\/p>\n<p>\u021a\u0103ri inamice declarate,\u00a0Iranul \u015fi Israelul au fost implicate \u00eentr-un conflict militar de 12 zile \u00een luna iunie, declan\u015fat de un atac israelian de o amploare inedit\u0103 contra unor obiective militare, nucleare \u015fi zone reziden\u0163iale iraniene.<\/p>\n<p><a href=\"https:\/\/adevarul.ro\/stiri-externe\/in-lume\/presedintele-iranului-alaturi-de-protestatari-in-2452593.html\">Loviturile israeliene, c\u0103rora SUA s-au al\u0103turat ulterior, <\/a>s-au soldat cu peste 1.000 de victime de partea iranian\u0103, potrivit autorit\u0103\u0163ilor de la Teheran.<\/p>\n<p>Bombardamentele au pus cap\u0103t negocierilor \u00eencepute \u00een aprilie \u00eentre Washington \u015fi Teheran \u015fi consacrate programului nuclear iranian.<\/p>\n<p>Odat\u0103 cu revenirea sa \u00een ianuarie la Casa Alb\u0103, pre\u015fedintele american Donald Trump \u015fi-a relansat politica de <i>\u201epresiune maximal\u0103\u201d<\/i>\u00a0fa\u0163\u0103 de Iran ini\u0163iat\u0103 \u00een timpul primului s\u0103u mandat.<\/p>\n<\/p><\/div>\n<p><a href=\"https:\/\/adevarul.ro\/stiri-externe\/in-lume\/presedintele-iranului-acuza-sua-israelul-si-2497103.html\" class=\"button purchase\" rel=\"nofollow noopener\" target=\"_blank\">Read More<\/a><\/p>\n","protected":false},"excerpt":{"rendered":"<p>Pre\u015fedintele iranian Masoud Pezeshkian\u00a0a afirmat, \u00eentr-un interviu publicat s\u00e2mb\u0103t\u0103,\u00a0 c\u0103\u00a0 SUA, Israelul \u015fi europenii desf\u0103\u015foar\u0103 un\u00a0\u201er\u0103zboi total\u201dcontra Iranului, transmite AFP.\u00a0Acuza\u021biile vin la peste \u015fase luni [&hellip;]<\/p>\n","protected":false},"author":1,"featured_media":10168,"comment_status":"open","ping_status":"open","sticky":false,"template":"","format":"standard","meta":{"_monsterinsights_skip_tracking":false,"footnotes":""},"categories":[6],"tags":[],"class_list":["post-10167","post","type-post","status-publish","format-standard","has-post-thumbnail","hentry","category-popular"],"aioseo_notices":[],"_links":{"self":[{"href":"https:\/\/info-eforie.ro\/index.php\/wp-json\/wp\/v2\/posts\/10167","targetHints":{"allow":["GET"]}}],"collection":[{"href":"https:\/\/info-eforie.ro\/index.php\/wp-json\/wp\/v2\/posts"}],"about":[{"href":"https:\/\/info-eforie.ro\/index.php\/wp-json\/wp\/v2\/types\/post"}],"author":[{"embeddable":true,"href":"https:\/\/info-eforie.ro\/index.php\/wp-json\/wp\/v2\/users\/1"}],"replies":[{"embeddable":true,"href":"https:\/\/info-eforie.ro\/index.php\/wp-json\/wp\/v2\/comments?post=10167"}],"version-history":[{"count":0,"href":"https:\/\/info-eforie.ro\/index.php\/wp-json\/wp\/v2\/posts\/10167\/revisions"}],"wp:featuredmedia":[{"embeddable":true,"href":"https:\/\/info-eforie.ro\/index.php\/wp-json\/wp\/v2\/media\/10168"}],"wp:attachment":[{"href":"https:\/\/info-eforie.ro\/index.php\/wp-json\/wp\/v2\/media?parent=10167"}],"wp:term":[{"taxonomy":"category","embeddable":true,"href":"https:\/\/info-eforie.ro\/index.php\/wp-json\/wp\/v2\/categories?post=10167"},{"taxonomy":"post_tag","embeddable":true,"href":"https:\/\/info-eforie.ro\/index.php\/wp-json\/wp\/v2\/tags?post=10167"}],"curies":[{"name":"wp","href":"https:\/\/api.w.org\/{rel}","templated":true}]}}