{"id":10123,"date":"2025-12-27T11:41:12","date_gmt":"2025-12-27T11:41:12","guid":{"rendered":"https:\/\/info-eforie.ro\/index.php\/2025\/12\/27\/elogiu-in-presa-iberica-pentru-ionut-radu-un-an-visat-de-mult-timp-a-convins-pe-toata-lumea\/"},"modified":"2025-12-27T11:41:12","modified_gmt":"2025-12-27T11:41:12","slug":"elogiu-in-presa-iberica-pentru-ionut-radu-un-an-visat-de-mult-timp-a-convins-pe-toata-lumea","status":"publish","type":"post","link":"https:\/\/info-eforie.ro\/index.php\/2025\/12\/27\/elogiu-in-presa-iberica-pentru-ionut-radu-un-an-visat-de-mult-timp-a-convins-pe-toata-lumea\/","title":{"rendered":"Elogiu \u00een presa iberic\u0103 pentru Ionu\u021b Radu: \u201eUn an visat de mult timp, a convins pe toat\u0103 lumea\u201d"},"content":{"rendered":"<div>\n<p>Publica\u021bia <a href=\"https:\/\/www.atlantico.net\/celtismo\/gran-ano-ionut-radu_1_20251222-4102694.html\" rel=\"noopener noreferrer\" target=\"_blank\">Atlantico<\/a> a analizat \u00een detaliu evolu\u021bia goalkeeper-ului tricolor, subliniind contrastul imens dintre anul 2024, \u00een care nu a bifat nicio apari\u021bie oficial\u0103, \u0219i anul 2025, pe care l-a \u00eencheiat cu 39 de meciuri jucate. Spaniolii s-au ar\u0103tat impresiona\u021bi de modul \u00een care <a href=\"https:\/\/www.sport.ro\/nationala\/ionut-radu-ales-de-fani-cel-mai-bun-fotbalist-roman-din-decembrie-mesajul-portarului-clasamentul.html\" rel=\"noopener noreferrer\"><strong>Radu<\/strong><\/a> s-a impus \u00een La Liga, consider\u00e2ndu-l o adev\u0103rat\u0103 \u201edescoperire\u201d, \u00een ciuda problemelor medicale minore care l-au \u021binut pe tu\u0219\u0103 \u00een c\u00e2teva meciuri.<\/p>\n<p><strong>\u201eIonu\u021b Radu a tr\u0103it \u00een 2025 anul visat de mult timp. \u00cen ciuda faptului c\u0103 a \u00eenceput cu ruptura definitiv\u0103 a rela\u021biei de 13 ani cu Inter Milano, sau poate tocmai de aceea, portarul rom\u00e2n a completat cele mai bune 12 luni din cariera sa, aproape jum\u0103tate dintre ele apar\u021bin\u00e2nd Celtei \u0219i asum\u00e2ndu-\u0219i rolul de mare transfer al sezonului. O adev\u0103rat\u0103 descoperire care i-a convins pe to\u021bi, italieni sau str\u0103ini, cu randamentul s\u0103u\u201d<\/strong>, noteaz\u0103 sursa citat\u0103.<\/p>\n<h2>\u201eA c\u0103zut \u00een picioare la Vigo\u201d<br \/><\/h2>\n<p>Analiza continu\u0103 cu o compara\u021bie \u00eentre sezoanele de \u201es\u0103r\u0103cie\u201d fotbalistic\u0103 (2020, 2021 \u0219i 2024) \u0219i situa\u021bia actual\u0103, amintind c\u0103 doar \u00een 2019, la Genoa, rom\u00e2nul a avut cifre similare. Sursa citat\u0103 noteaz\u0103 curajul conducerii de la Celta de a oferi un contract lung, p\u00e2n\u0103 \u00een 2029, unui portar care venea f\u0103r\u0103 ritm de joc, pariu care s-a dovedit a fi c\u00e2\u0219tig\u0103tor.<\/p>\n<p><strong>\u201eLa Vigo, Radu a c\u0103zut \u00een picioare \u00eenc\u0103 din prima zi. Singura sa umbr\u0103, o eroare grav\u0103 \u00eentr-un amical din presezon contra Vitoriei Guimaraes care a amenin\u021bat s\u0103-i pun\u0103 sub semnul \u00eentreb\u0103rii titularizarea. Dar imediat a dat dovad\u0103 de soliditate \u0219i abilitate pe teren \u0219i de bun\u0103tate \u00een afara lui, cu parade din acelea despre care se spune c\u0103 aduc puncte, ar\u0103t\u00e2ndu-se curajos la ie\u0219iri \u0219i \u00een jocul cu piciorul. Pariul Celtei pentru un portar f\u0103r\u0103 ritm de competi\u021bie p\u00e2n\u0103 \u00een acest an a fost riscant, cu un contract p\u00e2n\u0103 \u00een 2029. Anul 2026 se arat\u0103 f\u0103r\u0103 ca nimeni s\u0103 aib\u0103 vreun repro\u0219. Evolu\u021biile din 2025 sunt cea mai bun\u0103 garan\u021bie \u00een ceea ce-l prive\u0219te\u201d<\/strong>, a mai scris publica\u021bia spaniol\u0103.<\/p>\n<p>Ibericii au amintit \u0219i de revenirea lui <a href=\"https:\/\/www.sport.ro\/stranieri\/spaniolii-impresionati-de-ionut-radu-romanul-e-in-echipa-ideala-a-lunii-decembrie-langa-mbappe-si-pedri.html\" rel=\"noopener noreferrer\"><strong>Ionu\u021b Radu<\/strong><\/a> la echipa na\u021bional\u0103, consider\u00e2ndu-l un pion important pentru barajul de calificare la Mondial din luna martie, c\u00e2nd Rom\u00e2nia va \u00eent\u00e2lni Turcia.<\/p>\n<\/div>\n<p><a href=\"https:\/\/www.sport.ro\/stranieri\/elogiu-in-presa-iberica-pentru-ionut-radu-un-an-visat-de-mult-timp-a-convins-pe-toata-lumea.html\" class=\"button purchase\" rel=\"nofollow noopener\" target=\"_blank\">Read More<\/a><\/p>\n","protected":false},"excerpt":{"rendered":"<p>Publica\u021bia Atlantico a analizat \u00een detaliu evolu\u021bia goalkeeper-ului tricolor, subliniind contrastul imens dintre anul 2024, \u00een care nu a bifat nicio apari\u021bie oficial\u0103, \u0219i anul [&hellip;]<\/p>\n","protected":false},"author":1,"featured_media":10124,"comment_status":"open","ping_status":"open","sticky":false,"template":"","format":"standard","meta":{"_monsterinsights_skip_tracking":false,"footnotes":""},"categories":[7],"tags":[],"class_list":["post-10123","post","type-post","status-publish","format-standard","has-post-thumbnail","hentry","category-sports"],"aioseo_notices":[],"_links":{"self":[{"href":"https:\/\/info-eforie.ro\/index.php\/wp-json\/wp\/v2\/posts\/10123","targetHints":{"allow":["GET"]}}],"collection":[{"href":"https:\/\/info-eforie.ro\/index.php\/wp-json\/wp\/v2\/posts"}],"about":[{"href":"https:\/\/info-eforie.ro\/index.php\/wp-json\/wp\/v2\/types\/post"}],"author":[{"embeddable":true,"href":"https:\/\/info-eforie.ro\/index.php\/wp-json\/wp\/v2\/users\/1"}],"replies":[{"embeddable":true,"href":"https:\/\/info-eforie.ro\/index.php\/wp-json\/wp\/v2\/comments?post=10123"}],"version-history":[{"count":0,"href":"https:\/\/info-eforie.ro\/index.php\/wp-json\/wp\/v2\/posts\/10123\/revisions"}],"wp:featuredmedia":[{"embeddable":true,"href":"https:\/\/info-eforie.ro\/index.php\/wp-json\/wp\/v2\/media\/10124"}],"wp:attachment":[{"href":"https:\/\/info-eforie.ro\/index.php\/wp-json\/wp\/v2\/media?parent=10123"}],"wp:term":[{"taxonomy":"category","embeddable":true,"href":"https:\/\/info-eforie.ro\/index.php\/wp-json\/wp\/v2\/categories?post=10123"},{"taxonomy":"post_tag","embeddable":true,"href":"https:\/\/info-eforie.ro\/index.php\/wp-json\/wp\/v2\/tags?post=10123"}],"curies":[{"name":"wp","href":"https:\/\/api.w.org\/{rel}","templated":true}]}}