{"id":10101,"date":"2025-12-26T11:41:28","date_gmt":"2025-12-26T11:41:28","guid":{"rendered":"https:\/\/info-eforie.ro\/index.php\/2025\/12\/26\/craciunul-liderilor-de-la-chisinau-ce-mesaje-le-au-transmis-moldovenilor-in-aceasta-zi-speciala\/"},"modified":"2025-12-26T11:41:28","modified_gmt":"2025-12-26T11:41:28","slug":"craciunul-liderilor-de-la-chisinau-ce-mesaje-le-au-transmis-moldovenilor-in-aceasta-zi-speciala","status":"publish","type":"post","link":"https:\/\/info-eforie.ro\/index.php\/2025\/12\/26\/craciunul-liderilor-de-la-chisinau-ce-mesaje-le-au-transmis-moldovenilor-in-aceasta-zi-speciala\/","title":{"rendered":"Cr\u0103ciunul liderilor de la Chi\u0219in\u0103u. Ce mesaje le-au transmis moldovenilor \u00een aceast\u0103 zi special\u0103"},"content":{"rendered":"<div>\n<p>Persoanele de la conducerea Republicii Moldova, printre care pre\u0219edinta Maia Sandu, premierul Alexandru Munteanu \u0219i pre\u0219edintele Igor Grosu, au transmis mesaje video cu ocazia Cr\u0103ciunului, dorindu-le moldovenilor o s\u0103rb\u0103toare fericit\u0103 \u0219i pa\u0219nic\u0103.<\/p>\n<div><picture loading=\"eager\" width=\"1400\" height=\"750\" alt=\"Maia Sandu le-a dorit moldovenilor un Cr\u0103ciun fericit. FOTO: Presedinte.md\"><source type=\"image\/webp\"  media=\"(min-width: 1400px)\"><source type=\"image\/webp\"  media=\"(min-width: 1000px)\"><source type=\"image\/webp\"  media=\"(min-width: 700px)\"><source type=\"image\/jpeg\"  media=\"(min-width: 1400px)\"><source type=\"image\/jpeg\"  media=\"(min-width: 1000px)\"><source type=\"image\/jpeg\"  media=\"(min-width: 700px)\"><img fetchpriority=\"high\" decoding=\"async\" src=\"https:\/\/cdn.adh.reperio.news\/image-e\/ea1ac086-f1b4-49ac-b7cb-4dbd0b5a9b45\/index.jpeg?p=a%3D1%26co%3D1.05%26w%3D700%26h%3D750%26r%3Dcontain%26f%3Dwebp\" alt=\"Maia Sandu le-a dorit moldovenilor un Cr\u0103ciun fericit. FOTO: Presedinte.md\" width=\"1400\" height=\"750\" loading=\"eager\"><\/picture>\n<p>Maia Sandu le-a dorit moldovenilor un Cr\u0103ciun fericit. FOTO: Presedinte.md<\/p>\n<\/div>\n<p>Pre\u0219edinta Republicii Moldova, Maia Sandu, a transmis urarea \u201eCr\u0103ciun fericit\u201d, \u00eenso\u021bit\u0103 de o \u00eenregistrare video de la inaugurarea pomului de Cr\u0103ciun din incinta Administra\u021biei Preziden\u021biale, \u00eempodobit s\u0103pt\u0103m\u00e2na trecut\u0103 al\u0103turi de mai mul\u021bi copii.<\/p>\n<p>Igor Grosu, pre\u0219edintele Parlamentului \u0219i liderul puterii de la Chi\u0219in\u0103u, a declarat c\u0103 acest Cr\u0103ciun s\u0103 fie un prilej care s\u0103-i ghideze pe moldoveni \u0219i s\u0103-i fac\u0103 mai buni, mai empatici \u0219i mai uni\u021bi.<\/p>\n<p><i>,,Oriunde v\u0103 g\u0103se\u0219te aceast\u0103 s\u0103rb\u0103toare magic\u0103, sf\u00e2nta s\u0103rb\u0103toare de Cr\u0103ciun, v\u0103 invit s\u0103 fim recunosc\u0103tori pentru via\u021b\u0103, pentru s\u0103n\u0103tate \u0219i pentru oamenii dragi de l\u00e2ng\u0103 noi. Cr\u0103ciunul este acea perioad\u0103 a anului c\u00e2nd avem frumoasa ocazie s\u0103 cree\u0103m amintiri de neuitat, \u00eempreun\u0103 cu familiile noastre \u0219i cu cei pe care-i iubim \u0219i-i avem al\u0103turi.\u00a0Haide\u021bi s\u0103 reflect\u0103m \u00eempreun\u0103 asupra valorilor care ne unesc, ne fac mai puternici, ne \u021bin gr\u0103m\u0103joar\u0103 \u0219i ne definesc ca neam. S\u0103 ne deschidem larg por\u021bile \u0219i s\u0103 l\u0103s\u0103m cetele de colind\u0103tori, s\u0103 ne vesteasc\u0103 na\u0219terea domnului, s\u0103 ne lumineze casele \u0219i sufletele<\/i>\u201d, a subliniat Igor Grosu.\u00a0<\/p>\n<p>Iar premierul Alexandru Munteanu, al\u0103turi de <a href=\"https:\/\/adevarul.ro\/stiri-externe\/republica-moldova\/chisinaul-poate-reveni-la-energia-electrica-din-2496673.html\">membrii Cabinetului de mini\u0219tri<\/a> pe care \u00eel conduce, a transmis mesaje \u00een aceast\u0103 zi special\u0103.<\/p>\n<p><i>\u00a0,,Dragi cet\u0103\u021beni, v\u0103 dorim s\u0103rb\u0103tori de iarn\u0103 fericite cu pace \u0219i speran\u021b\u0103, \u0219i \u00eencredere \u00een viitor\u201d,<\/i> a ad\u0103ugat prim-ministrul Republicii Moldova.\u00a0<\/p>\n<p>Au transmis felicit\u0103ri \u0219i politicienii pro-ru\u0219i, printre care se num\u0103r\u0103 liderul Partidului Sociali\u0219tilor din Republica Moldova (PSRM), <a href=\"https:\/\/adevarul.ro\/stiri-externe\/republica-moldova\/politicienii-pro-rusi-din-r-moldova-ironii-pe-2489709.html\">Igor Dodon.<\/a><\/p>\n<p><i>,,S\u0103rb\u0103torile cre\u0219tine ne amintesc nou\u0103 de datoria moral\u0103 fa\u021b\u0103 de aproapele nostru, s\u0103 fim \u00eeng\u0103duitori, s\u0103 le oferim sprijin celor nevoia\u0219i, s\u0103 facem fapte bune, s\u0103 nu promov\u0103m ura \u0219i du\u0219m\u0103nia. Fie ca, de Cr\u0103ciun, c\u00e2t mai multe familii s\u0103 fie \u00eempreun\u0103 la masa de s\u0103rb\u0103tori \u0219i s\u0103 sl\u0103veasc\u0103 Na\u0219terea lui Iisus, Na\u0219terea Domnului!\u201d,<\/i>\u00a0a scris socialistul pe pagina sa de Facebook.\u00a0<\/p>\n<p><i>,,Cr\u0103ciun fericit, al\u0103turi de cei dragi!S\u0103 ave\u021bi parte de s\u0103n\u0103tate, lini\u0219te, bucurii \u0219i multe momente frumoase \u00eempreun\u0103.Fi\u021bi mai buni unii cu al\u021bii, iubi\u021bi, ierta\u021bi, construi\u021bi planuri de viitor \u0219i fi\u021bi ferici\u021bi oriunde v-a\u021bi afla.Nu uita\u021bi de tradi\u021biile care ne unesc, pe care le-am \u00eenv\u0103\u021bat de la p\u0103rin\u021bii no\u0219tri, \u0219i s\u0103 le transmitem cu grij\u0103 mai departe.Fie ca magia Cr\u0103ciunului s\u0103 v\u0103 umple casa de lumin\u0103!\u201d,<\/i> a notat pe internet <a href=\"https:\/\/adevarul.ro\/stiri-externe\/republica-moldova\/edilul-chisinaului-interzis-in-romania-si-in-2468708.html\">Ion Ceban<\/a>, primarul Chi\u0219in\u0103ului \u0219i liderul Mi\u0219c\u0103rii Alternativa Na\u021bional\u0103 (MAN).\u00a0\u00a0<\/p>\n<p>\u00cen Republica Moldova, Cr\u0103ciunul se s\u0103rb\u0103tore\u0219te at\u00e2t pe 25 decembrie, c\u00e2t \u0219i pe 7 ianuarie, ambele fiind zile oficiale de s\u0103rb\u0103toare.<\/p>\n<\/p><\/div>\n<p><a href=\"https:\/\/adevarul.ro\/stiri-externe\/republica-moldova\/craciunul-liderilor-de-la-chisinau-ce-mesaje-2496732.html\" class=\"button purchase\" rel=\"nofollow noopener\" target=\"_blank\">Read More<\/a><\/p>\n","protected":false},"excerpt":{"rendered":"<p>Persoanele de la conducerea Republicii Moldova, printre care pre\u0219edinta Maia Sandu, premierul Alexandru Munteanu \u0219i pre\u0219edintele Igor Grosu, au transmis mesaje video cu ocazia Cr\u0103ciunului, [&hellip;]<\/p>\n","protected":false},"author":1,"featured_media":10102,"comment_status":"open","ping_status":"open","sticky":false,"template":"","format":"standard","meta":{"_monsterinsights_skip_tracking":false,"_monsterinsights_sitenote_active":false,"_monsterinsights_sitenote_note":"","_monsterinsights_sitenote_category":0,"footnotes":""},"categories":[6],"tags":[],"class_list":["post-10101","post","type-post","status-publish","format-standard","has-post-thumbnail","hentry","category-popular"],"aioseo_notices":[],"_links":{"self":[{"href":"https:\/\/info-eforie.ro\/index.php\/wp-json\/wp\/v2\/posts\/10101","targetHints":{"allow":["GET"]}}],"collection":[{"href":"https:\/\/info-eforie.ro\/index.php\/wp-json\/wp\/v2\/posts"}],"about":[{"href":"https:\/\/info-eforie.ro\/index.php\/wp-json\/wp\/v2\/types\/post"}],"author":[{"embeddable":true,"href":"https:\/\/info-eforie.ro\/index.php\/wp-json\/wp\/v2\/users\/1"}],"replies":[{"embeddable":true,"href":"https:\/\/info-eforie.ro\/index.php\/wp-json\/wp\/v2\/comments?post=10101"}],"version-history":[{"count":0,"href":"https:\/\/info-eforie.ro\/index.php\/wp-json\/wp\/v2\/posts\/10101\/revisions"}],"wp:featuredmedia":[{"embeddable":true,"href":"https:\/\/info-eforie.ro\/index.php\/wp-json\/wp\/v2\/media\/10102"}],"wp:attachment":[{"href":"https:\/\/info-eforie.ro\/index.php\/wp-json\/wp\/v2\/media?parent=10101"}],"wp:term":[{"taxonomy":"category","embeddable":true,"href":"https:\/\/info-eforie.ro\/index.php\/wp-json\/wp\/v2\/categories?post=10101"},{"taxonomy":"post_tag","embeddable":true,"href":"https:\/\/info-eforie.ro\/index.php\/wp-json\/wp\/v2\/tags?post=10101"}],"curies":[{"name":"wp","href":"https:\/\/api.w.org\/{rel}","templated":true}]}}