{"id":10059,"date":"2025-12-25T11:41:27","date_gmt":"2025-12-25T11:41:27","guid":{"rendered":"https:\/\/info-eforie.ro\/index.php\/2025\/12\/25\/diana-sosoaca-il-ataca-pe-george-simion-la-pomana-porcului-vai-simioane-cum-ai-lasat-scroafa-asta-agresata-sexual-nici-soricul-n-a-mai-ramas-de-ea\/"},"modified":"2025-12-25T11:41:27","modified_gmt":"2025-12-25T11:41:27","slug":"diana-sosoaca-il-ataca-pe-george-simion-la-pomana-porcului-vai-simioane-cum-ai-lasat-scroafa-asta-agresata-sexual-nici-soricul-n-a-mai-ramas-de-ea","status":"publish","type":"post","link":"https:\/\/info-eforie.ro\/index.php\/2025\/12\/25\/diana-sosoaca-il-ataca-pe-george-simion-la-pomana-porcului-vai-simioane-cum-ai-lasat-scroafa-asta-agresata-sexual-nici-soricul-n-a-mai-ramas-de-ea\/","title":{"rendered":"Diana \u0218o\u0219oac\u0103 \u00eel atac\u0103 pe George Simion la pomana porcului: \u201eVai, Simioane, cum ai l\u0103sat scroafa asta agresat\u0103 sexual! Nici \u0219oricul n-a mai r\u0103mas de ea!\u201d"},"content":{"rendered":"<div>\n<p>Diana \u0218o\u0219oac\u0103, pre\u0219edintele S.O.S. Rom\u00e2nia, a participat \u00een Ajunul Cr\u0103ciunului la o poman\u0103 a porcului, de unde a lansat un nou atac public la adresa liderului AUR, George Simion, dar \u0219i la adresa lui C\u0103lin Georgescu. Totul s-a \u00eent\u00e2mplat \u00een cadrul unei transmisiuni live pe Facebook, pres\u0103rat\u0103 cu declara\u021bii controversate.<\/p>\n<div><picture loading=\"eager\" width=\"1400\" height=\"750\" alt=\"FOTO captur\u0103 video Facebook\"><source type=\"image\/webp\"  media=\"(min-width: 1400px)\"><source type=\"image\/webp\"  media=\"(min-width: 1000px)\"><source type=\"image\/webp\"  media=\"(min-width: 700px)\"><source type=\"image\/png\"  media=\"(min-width: 1400px)\"><source type=\"image\/png\"  media=\"(min-width: 1000px)\"><source type=\"image\/png\"  media=\"(min-width: 700px)\"><img fetchpriority=\"high\" decoding=\"async\" src=\"https:\/\/cdn.adh.reperio.news\/image-f\/fca4fa8c-2c52-492e-83d8-a78a9ac3c1a0\/index.png?p=a%3D1%26co%3D1.05%26w%3D700%26h%3D750%26r%3Dcontain%26f%3Dwebp\" alt=\"FOTO captur\u0103 video Facebook\" width=\"1400\" height=\"750\" loading=\"eager\"><\/picture>\n<p>FOTO captur\u0103 video Facebook<\/p>\n<\/div>\n<p>Europarlamentara S.O.S. Rom\u00e2nia \u0219i-a \u00eenceput discursul folosind cuvinte jignitoare la adresa liderului AUR. <\/p>\n<p><i>\u201eDomnu&#8217; Simion, uita\u021bi scroafa pe care o agresa\u021bi dumneavoastr\u0103 sexual (&#8230;) Domnul Vexler, vre\u021bi \u0219i dumneavoastr\u0103 din scroafa agresat\u0103 sexual de Simion, prietenul dumneavoastr\u0103? \u0102la cu care a\u021bi semnat acordul? \u201d,<\/i> a spus Diana \u0218o\u0219oac\u0103.<\/p>\n<p>Sursa video: Facebook\/Diana Iovanovici \u0218o\u0219oac\u0103- Oficial<\/p>\n<p>Amintim c\u0103, \u00een decembrie 2023,\u00a0<a href=\"https:\/\/adevarul.ro\/politica\/scandal-fara-precedent-sosoaca-simion-parlament-2325616.html\">Diana \u0218o\u0219oac\u0103 \u0219i George Simion s-au jignit \u00eentr-un mod f\u0103r\u0103 precedent<\/a>\u00a0la dezbaterile pe legea bugetului. Cei doi s-au certat chiar \u00een fa\u021ba tribunei plenului \u0219i s-a ajuns \u0219i la brusc\u0103ri. Scandalul a escaladat dup\u0103 ce \u0218o\u0219oac\u0103 a mers s\u0103-l filmeze pe Simion la tribuna plenului, i-a repro\u0219at c\u0103 e un mincinos \u0219i a pl\u0103tit articole care s\u0103 spun\u0103 c\u0103 s-au v\u0103zut la Viena. De asemenea, au fost \u0219i invective venite dinspre aceasta spre Simion. Apoi a avut loc un schimb de replici greu de imaginat pentru un legislativ din UE.<i> \u201eTe agresez sexual, scroafo!\u201d,<\/i> i-a transmis George Simion. Nici \u0218o\u0219oac\u0103 nu s-a l\u0103sat mai prejos.<i> \u201eM\u0103 agresezi, tu, sexual, m\u0103? Pe cine agresezi tu, sexual, m\u0103? Nu \u021bi-e ru\u0219ine, b\u0103 violentule? F\u0103t\u0103l\u0103ii de la AUR\u201d.<\/i><\/p>\n<p>\u00cen cadrul live-ului din Ajunul Cr\u0103ciunului, aceasta a sus\u021binut c\u0103 a \u00eencercat, f\u0103r\u0103 succes,\u00a0<a href=\"https:\/\/adevarul.ro\/politica\/ludovic-orban-despre-amenintarea-valului-2493106.html\">s\u0103 unifice mi\u0219carea suveranist\u0103,<\/a>\u00a0afirm\u00e2nd c\u0103 toate propunerile sale ar fi fost refuzate de George Simion. Potrivit acesteia, refuzul ar fi fost determinat de presupuse leg\u0103turi ale AUR cu PSD.<\/p>\n<p><i>\u201eToate mi\u0219c\u0103rile de unitate eu le-am f\u0103cut. Au fost refuzate de fiecare dat\u0103 de George Simion \u0219i AUR. \u0218i am spus c\u0103 trec peste toat\u0103 mizeria, dar nu, nu pot s\u0103 trec pentru ceea ce f\u0103cut ast\u0103zi sau asear\u0103 la televizor, probabil c\u00e2nd a avut emisiunea. A fost ultima \u00eencercare de unificare cu AUR vreodat\u0103. Este mult prea infiltrat de PSD, iar acordul semnat cu PSD-ul este mult prea prea mare\u201d,<\/i> a spus \u0218o\u0219oac\u0103.<\/p>\n<p>\u00cen continuare, aceasta a folosit un limbaj dur la adresa adversarilor politici, sus\u021bin\u00e2nd c\u0103 S.O.S. Rom\u00e2nia este atacat pentru pozi\u021biile asumate \u00een afara <i>\u201esistemului\u201d. \u201eCe ne repro\u0219a\u021bi, m\u0103, nou\u0103? P\u0103i c\u0103 suntem la fel ca PRM-ul \u0219i Vadim, pentru c\u0103 to\u021bi ceilal\u021bi sunt ai sistemului, ce dr\u0103cului sunte\u021bi a\u0219a pro\u0219ti?\u201d, <\/i>a afirmat ea.<\/p>\n<p>\u00centr-un alt moment al live-ului, Diana \u0218o\u0219oac\u0103 s-a apropiat de porcul sacrificat, par\u021bial tran\u0219at, relu\u00e2nd atacurile la adresa lui George Simion:<i> \u201eVai, Simioane, cum ai l\u0103sat scroafa asta agresat\u0103 sexual! Nici \u0219oricul n-a mai r\u0103mas de ea!\u201d.<\/i><\/p>\n<p>Totodat\u0103, \u0219efa S.O.S. Rom\u00e2nia l-a vizat \u0219i pe C\u0103lin Georgescu, adres\u00e2ndu-se unui membru al partidului prezent la eveniment. <i>\u201eIa zice\u021bi domnule Amititeloaie, de c\u00e2te ori a \u00eencercat s\u0103 distrug\u0103 SOS domnul Georgescu? C\u00e2te puciuri am avut f\u0103cute de el?\u201d, <\/i>a \u00eentrebat \u0218o\u0219oac\u0103, primind ca r\u0103spuns: <i>\u201eE un trecut care nu poate fi uitat a\u0219a u\u0219or\u201d.<\/i><\/p>\n<p>Diana \u0218o\u0219oac\u0103 a transmis un mesaj \u0219i c\u0103tre membrii AUR, \u00eendemn\u00e2ndu-i s\u0103 se delimiteze de conducerea partidului.<i> \u201eUni\u021bi-v\u0103, b\u0103, voi cu Alexandreasca, femeia PSD-ului\u201d, <\/i>a spus aceasta.<\/p>\n<\/p><\/div>\n<p><a href=\"https:\/\/adevarul.ro\/stiri-interne\/evenimente\/diana-sosoaca-il-ataca-pe-george-simion-la-pomana-2496640.html\" class=\"button purchase\" rel=\"nofollow noopener\" target=\"_blank\">Read More<\/a><\/p>\n","protected":false},"excerpt":{"rendered":"<p>Diana \u0218o\u0219oac\u0103, pre\u0219edintele S.O.S. Rom\u00e2nia, a participat \u00een Ajunul Cr\u0103ciunului la o poman\u0103 a porcului, de unde a lansat un nou atac public la adresa [&hellip;]<\/p>\n","protected":false},"author":1,"featured_media":10060,"comment_status":"open","ping_status":"open","sticky":false,"template":"","format":"standard","meta":{"_monsterinsights_skip_tracking":false,"_monsterinsights_sitenote_active":false,"_monsterinsights_sitenote_note":"","_monsterinsights_sitenote_category":0,"footnotes":""},"categories":[6],"tags":[],"class_list":["post-10059","post","type-post","status-publish","format-standard","has-post-thumbnail","hentry","category-popular"],"aioseo_notices":[],"_links":{"self":[{"href":"https:\/\/info-eforie.ro\/index.php\/wp-json\/wp\/v2\/posts\/10059","targetHints":{"allow":["GET"]}}],"collection":[{"href":"https:\/\/info-eforie.ro\/index.php\/wp-json\/wp\/v2\/posts"}],"about":[{"href":"https:\/\/info-eforie.ro\/index.php\/wp-json\/wp\/v2\/types\/post"}],"author":[{"embeddable":true,"href":"https:\/\/info-eforie.ro\/index.php\/wp-json\/wp\/v2\/users\/1"}],"replies":[{"embeddable":true,"href":"https:\/\/info-eforie.ro\/index.php\/wp-json\/wp\/v2\/comments?post=10059"}],"version-history":[{"count":0,"href":"https:\/\/info-eforie.ro\/index.php\/wp-json\/wp\/v2\/posts\/10059\/revisions"}],"wp:featuredmedia":[{"embeddable":true,"href":"https:\/\/info-eforie.ro\/index.php\/wp-json\/wp\/v2\/media\/10060"}],"wp:attachment":[{"href":"https:\/\/info-eforie.ro\/index.php\/wp-json\/wp\/v2\/media?parent=10059"}],"wp:term":[{"taxonomy":"category","embeddable":true,"href":"https:\/\/info-eforie.ro\/index.php\/wp-json\/wp\/v2\/categories?post=10059"},{"taxonomy":"post_tag","embeddable":true,"href":"https:\/\/info-eforie.ro\/index.php\/wp-json\/wp\/v2\/tags?post=10059"}],"curies":[{"name":"wp","href":"https:\/\/api.w.org\/{rel}","templated":true}]}}