{"id":10051,"date":"2025-12-25T11:41:07","date_gmt":"2025-12-25T11:41:07","guid":{"rendered":"https:\/\/info-eforie.ro\/index.php\/2025\/12\/25\/detaliul-care-pateaza-reputatia-lui-alcaraz-dupa-despartirea-de-ferrero\/"},"modified":"2025-12-25T11:41:07","modified_gmt":"2025-12-25T11:41:07","slug":"detaliul-care-pateaza-reputatia-lui-alcaraz-dupa-despartirea-de-ferrero","status":"publish","type":"post","link":"https:\/\/info-eforie.ro\/index.php\/2025\/12\/25\/detaliul-care-pateaza-reputatia-lui-alcaraz-dupa-despartirea-de-ferrero\/","title":{"rendered":"Detaliul care p\u0103teaz\u0103 reputa\u021bia lui Alcaraz, dup\u0103 desp\u0103r\u021birea de Ferrero"},"content":{"rendered":"<div>\n<p><a href=\"https:\/\/www.sport.ro\/tenis\/nici-sinner-nici-alcaraz-decizia-importanta-luata-de-spaniol-dupa-infrangerea-din-finala-turneului-campionilor.html\" rel=\"noopener noreferrer\"><strong>Carlos Alcaraz<\/strong><\/a> \u0219i <a href=\"https:\/\/www.sport.ro\/tenis\/spaniolii-au-aflat-cele-doua-motive-majore-care-au-condus-la-despartirea-brusca-dintre-alcaraz-si-ferrero.html\" rel=\"noopener noreferrer\"><strong>Juan Carlos Ferrero<\/strong><\/a> nu vor mai continua \u00eempreun\u0103, \u00een circuitul ATP, \u00eencep\u00e2nd cu sezonul 2026, dup\u0103 o perioad\u0103 de colaborare excep\u021bional\u0103, care s-a \u00eentins pe durata a \u0219apte ani.<\/p>\n<p>Cu \u0219ase titluri de mare \u0219lem \u00een palmares \u0219i peste cincizeci de s\u0103pt\u0103m\u00e2ni petrecute ca num\u0103r unu mondial, juc\u0103torul \u00een v\u00e2rst\u0103 de 22 de ani ar putea avea de suferit cel pu\u021bin din punctul de vedere al reputa\u021biei, \u00een urma acestei decizii. <\/p>\n<h2><strong>Motivele pentru care Carlos Alcaraz poate suferi, din punctul de vedere al reputa\u021biei<\/strong><\/h2>\n<p>\u00centruc\u00e2t ne\u00een\u021belegerea pare s\u0103 fi plecat de la obliga\u021bii contractuale, Carlos Alcaraz va \u00eenregistra un minus de imagine \u00een ochii anumitor fani ai tenisului, din urm\u0103toarele considerente: \u00een primul r\u00e2nd, <strong>Alcaraz a c\u00e2\u0219tigat cincizeci de milioane de dolari din tenis, sub \u00eendrum\u0103rile lui Ferrero, o sum\u0103 pe care, \u00een \u00eentreaga istorie a tenisului masculin, doar al\u021bi \u0219ase sportivi au \u00eencasat-o, trei dintre ace\u0219tia fiind Roger Federer, Rafael Nadal \u0219i Novak Djokovic.<\/strong><\/p>\n<p>\u00cen al doilea r\u00e2nd, Alcaraz nu a onorat cerin\u021bele lui Ferrero cu o sincronizare controversat\u0103, afl\u00e2ndu-se l<strong>a finalul celui mai bun sezon al carierei, \u00een care a cucerit dou\u0103 titluri de mare \u0219lem \u0219i a atins 71 de victorii \u00een 80 de partide. <\/strong>Doar \u00een 2025, Alcaraz a ob\u021binut, exclusiv din tenis, $18,8 milioane.<\/p>\n<h3><strong>Riscurile asumate de Ferrero, r\u0103spl\u0103tite doar p\u00e2n\u0103 la finalul lui 2025<\/strong><\/h3>\n<p>Nu mai pu\u021bin important este c\u0103 Alcaraz &#8211; prin aceast\u0103 mutare &#8211; a pus un termen limit\u0103 perioadei \u00een care a \u021binut cont de riscurile asumate de Ferrero, \u00een colaborarea cu el. <\/p>\n<p>Pe c\u00e2nd t\u00e2n\u0103rul Carlos Alcaraz avea doar 16 ani, Juan Carlos Ferrero &#8211; numit \u201ementor\u201d de juc\u0103torul din Murcia, \u00een nenum\u0103rate r\u00e2nduri &#8211; a acceptat o sc\u0103dere de salariu &#8211; \u00een raport cu ce \u00eencasase \u00een perioada \u00een care a lucrat cu Alexander Zverev, \u00een 2017 &#8211; \u0219i a refuzat mai multe oferte din partea unor juc\u0103tori de top pentru posibilitatea de a lucra cu Alcaraz.<\/p>\n<p>Salariul mai mic acceptat de Juan Carlos Ferrero l-a ajutat pe Carlos Alcaraz s\u0103 progreseze \u00een timp record. \u00cen toamna anului 2022, la doar 19 ani, ibericul ie\u0219ea campionul Openului American.<\/p>\n<\/div>\n<div>\n<h3><strong>Agen\u021bia IMG l-a ajutat pe Alcaraz s\u0103 aib\u0103 acces la serviciile lui Ferrero<\/strong><\/h3>\n<p>Pentru ca \u00eenceputul parteneriatului dintre Alcaraz \u0219i Ferrero s\u0103 aib\u0103 loc, a fost nevoie de mai multe sacrificii f\u0103cute din mai multe p\u0103r\u021bi. O parte din banii pl\u0103ti\u021bi de Alcaraz lui Ferrero, \u00een acea perioad\u0103, au venit din partea agen\u021biei IMG, dup\u0103 cum a dezv\u0103luit agentul s\u0103u, Albert Molina, pentru <a href=\"https:\/\/www.cope.es\/programas\/el-partidazo-de-cope\/noticias\/que-hay-detras-ganador-roland-garros-los-entresijos-del-dia-dia-carlos-alcaraz-20240611_3344303\" rel=\"noopener noreferrer\" target=\"_blank\">Cope<\/a>: \u201eAm vorbit cu \u0219efii mei, le-am spus c\u0103 \u00een Spania avem un copil care are perspective bune. Mi s-a dat und\u0103 verde din SUA pentru bani,\u201d a dezv\u0103luit agentul lui Alcaraz. <\/p>\n<p>\u201eS\u0103 investe\u0219ti \u00een viitor e frumos, dar oamenii te pot dezam\u0103gi. Eu aveam o rela\u021bie bun\u0103 cu Juan Carlos \u0219i \u0219tiam \u00een ce situa\u021bie intr\u0103m. Lucrurile \u00een care am c\u0103zut de comun acord au fost \u00eendeplinite, ulterior. Familia s-a comportat bine \u0219i s-a conformat cu ce i s-a spus,\u201d a ad\u0103ugat Molina, \u00een vara anului trecut, conform <a href=\"https:\/\/www.express.co.uk\/sport\/tennis\/1910287\/Carlos-Alcaraz-coach-Juan-Ferrero-Albert-Molina-pay\" rel=\"noopener noreferrer\" target=\"_blank\">Express<\/a>. <\/p>\n<h3><strong>Cum \u0219i-a \u00eencheiat Juan Carlos Ferrero mesajul de desp\u0103r\u021bire <\/strong><\/h3>\n<p>\u00cemp\u0103cat cu realitatea, Ferrero a scris un text lung pe re\u021belele sociale, \u00een care a avut puterea de a-i mul\u021bumi lui Alcaraz pentru c\u0103 l-a ajutat s\u0103 devin\u0103 un antrenor mai bun.<\/p>\n<p><strong>\u201e\u00cenchid acest capitol de via\u021b\u0103 cu nostalgie, dar \u0219i cu m\u00e2ndrie \u0219i entuziasm pentru ceea ce va urma. \u0218tiu c\u0103 tot ceea ce am tr\u0103it m-a preg\u0103tit s\u0103 fiu mai bun. <\/strong>\u00ce\u021bi mul\u021bumesc, Carlos, pentru \u00eencredere, pentru efort \u0219i pentru faptul c\u0103 modul t\u0103u de a concura m-a f\u0103cut s\u0103 m\u0103 simt at\u00e2t de special. \u00ce\u021bi doresc tot binele, at\u00e2t pe plan profesional, c\u00e2t \u0219i personal.<\/p>\n<p><strong>Am fost o echip\u0103 incredibil\u0103, \u00een ciuda dificult\u0103\u021bilor, \u0219i sunt sigur c\u0103 ve\u021bi continua s\u0103 ob\u021bine\u021bi mari succese. Mi-a\u0219 fi dorit s\u0103 continui. <\/strong>Sunt convins c\u0103 amintirile frumoase \u0219i oamenii de valoare \u00ee\u0219i vor g\u0103si mereu drumul unul spre cel\u0103lalt. V\u0103 mul\u021bumesc din toat\u0103 inima,\u201d a transmis Juan Carlos Ferrero, fost num\u0103r 1 ATP. <\/p>\n<\/div>\n<p><a href=\"https:\/\/www.sport.ro\/tenis\/detaliul-care-pateaza-reputatia-lui-alcaraz-dupa-despartirea-de-ferrero.html\" class=\"button purchase\" rel=\"nofollow noopener\" target=\"_blank\">Read More<\/a><\/p>\n","protected":false},"excerpt":{"rendered":"<p>Carlos Alcaraz \u0219i Juan Carlos Ferrero nu vor mai continua \u00eempreun\u0103, \u00een circuitul ATP, \u00eencep\u00e2nd cu sezonul 2026, dup\u0103 o perioad\u0103 de colaborare excep\u021bional\u0103, care [&hellip;]<\/p>\n","protected":false},"author":1,"featured_media":10052,"comment_status":"open","ping_status":"open","sticky":false,"template":"","format":"standard","meta":{"_monsterinsights_skip_tracking":false,"_monsterinsights_sitenote_active":false,"_monsterinsights_sitenote_note":"","_monsterinsights_sitenote_category":0,"footnotes":""},"categories":[7],"tags":[],"class_list":["post-10051","post","type-post","status-publish","format-standard","has-post-thumbnail","hentry","category-sports"],"aioseo_notices":[],"_links":{"self":[{"href":"https:\/\/info-eforie.ro\/index.php\/wp-json\/wp\/v2\/posts\/10051","targetHints":{"allow":["GET"]}}],"collection":[{"href":"https:\/\/info-eforie.ro\/index.php\/wp-json\/wp\/v2\/posts"}],"about":[{"href":"https:\/\/info-eforie.ro\/index.php\/wp-json\/wp\/v2\/types\/post"}],"author":[{"embeddable":true,"href":"https:\/\/info-eforie.ro\/index.php\/wp-json\/wp\/v2\/users\/1"}],"replies":[{"embeddable":true,"href":"https:\/\/info-eforie.ro\/index.php\/wp-json\/wp\/v2\/comments?post=10051"}],"version-history":[{"count":0,"href":"https:\/\/info-eforie.ro\/index.php\/wp-json\/wp\/v2\/posts\/10051\/revisions"}],"wp:featuredmedia":[{"embeddable":true,"href":"https:\/\/info-eforie.ro\/index.php\/wp-json\/wp\/v2\/media\/10052"}],"wp:attachment":[{"href":"https:\/\/info-eforie.ro\/index.php\/wp-json\/wp\/v2\/media?parent=10051"}],"wp:term":[{"taxonomy":"category","embeddable":true,"href":"https:\/\/info-eforie.ro\/index.php\/wp-json\/wp\/v2\/categories?post=10051"},{"taxonomy":"post_tag","embeddable":true,"href":"https:\/\/info-eforie.ro\/index.php\/wp-json\/wp\/v2\/tags?post=10051"}],"curies":[{"name":"wp","href":"https:\/\/api.w.org\/{rel}","templated":true}]}}